{"id":3417,"date":"2018-10-01T11:17:22","date_gmt":"2018-10-01T11:17:22","guid":{"rendered":"https:\/\/wncri.org\/frdev\/2018\/10\/01\/les-arrestations-de-femmes-se-poursuivent-en-iran-signe-d-une-repression-accrue\/"},"modified":"2020-04-22T10:27:51","modified_gmt":"2020-04-22T08:27:51","slug":"les-arrestations-de-femmes-se-poursuivent-en-iran-signe-d-une-repression-accrue","status":"publish","type":"post","link":"https:\/\/wncri.org\/fr\/2018\/10\/01\/les-arrestations-de-femmes-se-poursuivent-en-iran-signe-d-une-repression-accrue\/","title":{"rendered":"Les arrestations de femmes se poursuivent en Iran, signe d&#8217;une r\u00e9pression accrue"},"content":{"rendered":"<p>CNRI Femmes &#8211; Les arrestations de femmes se poursuivent en Iran. Afsaneh Khorsandi et Maryam Azad ont \u00e9t\u00e9 arr\u00eat\u00e9es le 26 septembre \u00e0 Mahabad, dans le Kurdistan d\u2019Iran, et \u00e0 T\u00e9h\u00e9ran.<\/p>\n<p>  <!--more-->  <\/p>\n<p>Le 26 septembre, les services de renseignement de Mahabad ont op\u00e9r\u00e9 une descente au domicile d&#8217;Afsaneh Khorsandi proc\u00e9dant \u00e0 son arrestation pour l\u2019emmener vers un lieu inconnu. On ne sait pas pourquoi elle a \u00e9t\u00e9 arr\u00eat\u00e9e ni o\u00f9 elle a \u00e9t\u00e9 emmen\u00e9e.<\/p>\n<p>Afsaneh Khorsandi est la s\u0153ur d&#8217;Aram Khorsandi qui avait \u00e9t\u00e9 arr\u00eat\u00e9e la veille par les forces de s\u00e9curit\u00e9 et transf\u00e9r\u00e9e aussi vers un lieu inconnu.<\/p>\n<p>Une nouvelle vague d&#8217;arrestations de femmes militantes civiles et kurdes a \u00e9t\u00e9 lanc\u00e9e par les gardiens de la r\u00e9volution pour intensifier le climat de terreur dans les zones kurdes.<\/p>\n<p>Au m\u00eame moment, Maryam Azad, une autre militante des droits des femmes \u00e0 Chiraz, a \u00e9t\u00e9 arr\u00eat\u00e9e \u00e0 l&#8217;a\u00e9roport de T\u00e9h\u00e9ran alors qu&#8217;elle se rendait en Turquie.<\/p>\n<p>Une proche de Mme Azad a d\u00e9clar\u00e9 qu&#8217;elle avait \u00e9t\u00e9 arr\u00eat\u00e9e par les forces de s\u00e9curit\u00e9 sans connaitre les charges qui p\u00e8sent contre elle. Son arrestation a eu lieu apr\u00e8s l\u2019embarquement dans l&#8217;avion.<\/p>\n<p>Maryam Azad, 31 ans, dipl\u00f4m\u00e9e d\u2019art dramatique, \u00e9tait tr\u00e8s int\u00e9ress\u00e9e de jouer dans des pi\u00e8ces de th\u00e9\u00e2tre, mais n&#8217;a pas pu continuer \u00e0 exercer cette profession en raison de la maladie pour laquelle elle est trait\u00e9e.<\/p>\n<p>Auparavant, les militantes et d\u00e9fenseurs des droits des femmes, <span>Hoda Amid, Najmeh Vahedi<\/span> et Rezvaneh Mohammadi avaient \u00e9t\u00e9 appr\u00e9hend\u00e9es lors d\u2019une vague d&#8217;arrestations de femmes militantes et avocates. Un mois plus tard, elles sont toujours d\u00e9tenues sous un statut ind\u00e9termin\u00e9, priv\u00e9es d&#8217;acc\u00e8s \u00e0 un avocat et, pour l&#8217;essentiel, priv\u00e9es de visites familiales.<\/p>\n<p>Le 3 septembre 2018, Amnesty International a publi\u00e9 une d\u00e9claration dans laquelle elle mettait en garde contre les arrestations de femmes, notamment d&#8217;avocates et de militantes des droits des femmes en Iran, affirmant qu&#8217;elle signalait une intensification de la r\u00e9pression contre la soci\u00e9t\u00e9 civile en Iran.<\/p>\n","protected":false},"excerpt":{"rendered":"<p>CNRI Femmes &#8211; Les arrestations de femmes se poursuivent en Iran. Afsaneh Khorsandi et Maryam Azad ont \u00e9t\u00e9 arr\u00eat\u00e9es le 26 septembre \u00e0 Mahabad, dans le Kurdistan d\u2019Iran, et \u00e0 T\u00e9h\u00e9ran.<\/p>\n","protected":false},"author":1,"featured_media":6192,"comment_status":"open","ping_status":"open","sticky":false,"template":"","format":"standard","meta":{"jnews-multi-image_gallery":[],"jnews_single_post":[],"jnews_primary_category":[],"jnews_social_meta":[],"jnews_override_counter":[],"footnotes":""},"categories":[3],"tags":[],"class_list":["post-3417","post","type-post","status-publish","format-standard","has-post-thumbnail","hentry","category-infos-des-femmes"],"_links":{"self":[{"href":"https:\/\/wncri.org\/fr\/wp-json\/wp\/v2\/posts\/3417","targetHints":{"allow":["GET"]}}],"collection":[{"href":"https:\/\/wncri.org\/fr\/wp-json\/wp\/v2\/posts"}],"about":[{"href":"https:\/\/wncri.org\/fr\/wp-json\/wp\/v2\/types\/post"}],"author":[{"embeddable":true,"href":"https:\/\/wncri.org\/fr\/wp-json\/wp\/v2\/users\/1"}],"replies":[{"embeddable":true,"href":"https:\/\/wncri.org\/fr\/wp-json\/wp\/v2\/comments?post=3417"}],"version-history":[{"count":0,"href":"https:\/\/wncri.org\/fr\/wp-json\/wp\/v2\/posts\/3417\/revisions"}],"wp:featuredmedia":[{"embeddable":true,"href":"https:\/\/wncri.org\/fr\/wp-json\/wp\/v2\/media\/6192"}],"wp:attachment":[{"href":"https:\/\/wncri.org\/fr\/wp-json\/wp\/v2\/media?parent=3417"}],"wp:term":[{"taxonomy":"category","embeddable":true,"href":"https:\/\/wncri.org\/fr\/wp-json\/wp\/v2\/categories?post=3417"},{"taxonomy":"post_tag","embeddable":true,"href":"https:\/\/wncri.org\/fr\/wp-json\/wp\/v2\/tags?post=3417"}],"curies":[{"name":"wp","href":"https:\/\/api.w.org\/{rel}","templated":true}]}}