{"id":3392,"date":"2018-09-13T19:51:08","date_gmt":"2018-09-13T19:51:08","guid":{"rendered":"https:\/\/wncri.org\/frdev\/2018\/09\/13\/pas-de-nouvelles-de-la-militante-des-droits-des-femmes-najmeh-vahedi-en-iran\/"},"modified":"2020-04-22T10:30:37","modified_gmt":"2020-04-22T08:30:37","slug":"pas-de-nouvelles-de-la-militante-des-droits-des-femmes-najmeh-vahedi-en-iran","status":"publish","type":"post","link":"https:\/\/wncri.org\/fr\/2018\/09\/13\/pas-de-nouvelles-de-la-militante-des-droits-des-femmes-najmeh-vahedi-en-iran\/","title":{"rendered":"Pas de nouvelles de la militante des droits des femmes Najmeh Vahedi en Iran"},"content":{"rendered":"<p>CNRI Femmes &#8211; Aucune nouvelle n&#8217;est disponible en Iran sur Najmeh Vahedi, sociologue et militante des droits des femmes, onze jours apr\u00e8s son arrestation \u00e0 son domicile \u00e0 T\u00e9h\u00e9ran le 1er septembre 2018 par les services de renseignement des gardiens de la r\u00e9volution (pasdaran). Aucune information n&#8217;a \u00e9t\u00e9 divulgu\u00e9e sur les charges retenues contre elle ni sur l&#8217;endroit o\u00f9 elle se trouve.<\/p>\n<p>  <!--more-->  <\/p>\n<p>La famille de Najmeh Vahedi s&#8217;est vu refuser des visites ou des appels t\u00e9l\u00e9phoniques et n&#8217;a aucune nouvelle de sa situation et des accusations port\u00e9es contre elle.<\/p>\n<p>Reza Vahedi, son fr\u00e8re, a annonc\u00e9 que le seul contact avec Najmeh Vahedi apr\u00e8s son arrestation a eu lieu le 4 septembre, lors d&#8217;un appel t\u00e9l\u00e9phonique d&#8217;une minute au cours duquel elle a d\u00e9clar\u00e9 que la raison de son arrestation n&#8217;\u00e9tait pas claire et son statut est ind\u00e9termin\u00e9.<\/p>\n<p>\u00ab\u00a0Onze jours apr\u00e8s l&#8217;arrestation de Najmeh, nous n&#8217;avons toujours pas d&#8217;informations sur les raisons de sa d\u00e9tention et sa situation, et cela nous inqui\u00e8te. Malgr\u00e9 des suivis r\u00e9p\u00e9t\u00e9s, nous ne connaissons toujours pas ce qui attend ma s\u0153ur\u00a0\u00bb, a d\u00e9clar\u00e9 Reza Vahedi.<\/p>\n<p>Najmeh Vahedi a \u00e9t\u00e9 arr\u00eat\u00e9 le 1er septembre 2018, le m\u00eame jour que Hoda Amid, avocate et militante des droits des femmes.<\/p>\n<p>Quelques jours apr\u00e8s l&#8217;arrestation des deux militantes, Rezvaneh Mohammadi, \u00e9tudiante en \u00e9tudes de genre et d\u00e9fenseures des droits des femmes, a \u00e9t\u00e9 arr\u00eat\u00e9 le 3 septembre. Les trois femmes avaient particip\u00e9 \u00e0 des ateliers de formation sur les droits des femmes dans les contrats de mariage et autres activit\u00e9s pacifiques.<\/p>\n<p>Amnesty International a publi\u00e9 une d\u00e9claration le 3 septembre 2018, dans laquelle elle met en garde contre le fait que les arrestations d&#8217;avocats et de militantes des droits des femmes en Iran signale une mont\u00e9e de la r\u00e9pression contre la soci\u00e9t\u00e9 civile.<\/p>\n<p>\u00ab\u00a0Ces derni\u00e8res arrestations constituent une tentative flagrante de r\u00e9duire au silence les d\u00e9fenseurs des droits humains en Iran\u00a0\u00bb, a d\u00e9clar\u00e9 Philip Luther, directeur de la recherche et du plaidoyer d&#8217;Amnesty International au Moyen-Orient et en Afrique du Nord.<\/p>\n<p>Amnesty International a \u00e9galement soulign\u00e9 que \u00ab\u00a0l&#8217;arrestation d&#8217;avocats sp\u00e9cialis\u00e9s dans la d\u00e9fense des droits humains s&#8217;inscrit dans le cadre d&#8217;une tentative des autorit\u00e9s de les emp\u00eacher de d\u00e9fendre leurs clients, qui sont souvent des d\u00e9fenseurs des droits humains ou des personnes passibles de la peine de mort, y compris pour des d\u00e9lits commis dans leur enfance.\u00a0\u00bb<\/p>\n","protected":false},"excerpt":{"rendered":"<p>CNRI Femmes &#8211; Aucune nouvelle n&#8217;est disponible en Iran sur Najmeh Vahedi, sociologue et militante des droits des femmes, onze jours apr\u00e8s son arrestation \u00e0 son domicile \u00e0 T\u00e9h\u00e9ran le 1er septembre 2018 par les services de renseignement des gardiens de la r\u00e9volution (pasdaran). Aucune information n&#8217;a \u00e9t\u00e9 divulgu\u00e9e sur les charges retenues contre elle [&hellip;]<\/p>\n","protected":false},"author":1,"featured_media":6162,"comment_status":"open","ping_status":"open","sticky":false,"template":"","format":"standard","meta":{"jnews-multi-image_gallery":[],"jnews_single_post":[],"jnews_primary_category":[],"jnews_social_meta":[],"jnews_override_counter":[],"footnotes":""},"categories":[3],"tags":[],"class_list":["post-3392","post","type-post","status-publish","format-standard","has-post-thumbnail","hentry","category-infos-des-femmes"],"_links":{"self":[{"href":"https:\/\/wncri.org\/fr\/wp-json\/wp\/v2\/posts\/3392","targetHints":{"allow":["GET"]}}],"collection":[{"href":"https:\/\/wncri.org\/fr\/wp-json\/wp\/v2\/posts"}],"about":[{"href":"https:\/\/wncri.org\/fr\/wp-json\/wp\/v2\/types\/post"}],"author":[{"embeddable":true,"href":"https:\/\/wncri.org\/fr\/wp-json\/wp\/v2\/users\/1"}],"replies":[{"embeddable":true,"href":"https:\/\/wncri.org\/fr\/wp-json\/wp\/v2\/comments?post=3392"}],"version-history":[{"count":0,"href":"https:\/\/wncri.org\/fr\/wp-json\/wp\/v2\/posts\/3392\/revisions"}],"wp:featuredmedia":[{"embeddable":true,"href":"https:\/\/wncri.org\/fr\/wp-json\/wp\/v2\/media\/6162"}],"wp:attachment":[{"href":"https:\/\/wncri.org\/fr\/wp-json\/wp\/v2\/media?parent=3392"}],"wp:term":[{"taxonomy":"category","embeddable":true,"href":"https:\/\/wncri.org\/fr\/wp-json\/wp\/v2\/categories?post=3392"},{"taxonomy":"post_tag","embeddable":true,"href":"https:\/\/wncri.org\/fr\/wp-json\/wp\/v2\/tags?post=3392"}],"curies":[{"name":"wp","href":"https:\/\/api.w.org\/{rel}","templated":true}]}}