{"id":3390,"date":"2018-09-13T19:47:47","date_gmt":"2018-09-13T19:47:47","guid":{"rendered":"https:\/\/wncri.org\/frdev\/2018\/09\/13\/la-militante-mahine-taj-ahmadpour-en-greve-de-la-faim-en-prison-en-iran\/"},"modified":"2020-04-22T10:30:31","modified_gmt":"2020-04-22T08:30:31","slug":"la-militante-mahine-taj-ahmadpour-en-greve-de-la-faim-en-prison-en-iran","status":"publish","type":"post","link":"https:\/\/wncri.org\/fr\/2018\/09\/13\/la-militante-mahine-taj-ahmadpour-en-greve-de-la-faim-en-prison-en-iran\/","title":{"rendered":"La militante Mahine Taj Ahmadpour en gr\u00e8ve de la faim en prison en Iran"},"content":{"rendered":"<p>CNRI Femmes &#8211; Mahine Taj Ahmadpour, prisonni\u00e8re politique d\u00e9tenue en Iran \u00e0 la prison Nashtaroud de la ville de Tonekabon, a entam\u00e9 une gr\u00e8ve de la faim le 10 septembre, pour protester contre le manque de soins m\u00e9dicaux. Les autorit\u00e9s l&#8217;emp\u00eachent de t\u00e9l\u00e9phoner et menacent d&#8217;ouvrir une nouvelle proc\u00e9dure contre elle.<\/p>\n<p>  <!--more-->  <\/p>\n<p>Mahine Taj Ahmadpour est une des manifestantes arr\u00eat\u00e9es lors du soul\u00e8vement de janvier. \u00a0<\/p>\n<p>Le contr\u00f4leur des appels t\u00e9l\u00e9phoniques de la prison a emp\u00each\u00e9 Mahine Taj Ahmadpour de t\u00e9l\u00e9phoner et lui a cherch\u00e9 querelle. Au lieu que les autorit\u00e9s s&#8217;occupent du probl\u00e8me, l&#8217;officier de garde (une femme nomm\u00e9e Shabani) l&#8217;a insult\u00e9e et les chefs de la prison et de la s\u00e9curit\u00e9 l\u2019ont menac\u00e9 d&#8217;ouvrir une nouveau dossier d\u2019accusation contre Mme Taj Ahmadpour.<\/p>\n<p>Le lendemain, l&#8217;officier de garde a dit \u00e0 Mme Taj Ahmadpour qu&#8217;un nouveau dossier avait \u00e9t\u00e9 ouvert contre elle pour blasph\u00e8me. Par la suite, Mahine Taj Ahmadpour a entam\u00e9 une gr\u00e8ve de la faim le 10 septembre pour protester contre cette nouvelle mise en examen, la privation de t\u00e9l\u00e9phone et le manque de soins m\u00e9dicaux.<\/p>\n<p>Mahine Taj Ahmadpour, d\u00e9tenue politique, souffre d&#8217;insuffisance de plaquettes sanguine et doit recevoir sept unit\u00e9s de sang par mois. En raison de sa maladie, elle risque de d\u00e9velopper une leuc\u00e9mie et doit recevoir r\u00e9guli\u00e8rement des injections pour pr\u00e9venir la propagation de la maladie.<\/p>\n<p>Malgr\u00e9 son \u00e9tat et les ordres du m\u00e9decin, les autorit\u00e9s de la prison l&#8217;emp\u00eachent de se rendre \u00e0 l&#8217;h\u00f4pital pour des examens m\u00e9dicaux et des traitements.<\/p>\n<p>Mahin Taj Ahmadpourpour, 46 ans, est l&#8217;une des femmes arr\u00eat\u00e9es lors des manifestations populaires de d\u00e9cembre et janvier derniers. Elle travaillait auparavant comme vendeuse de rue et a \u00e9t\u00e9 arr\u00eat\u00e9e avec 14 autres personnes.<\/p>\n<p>Le 11 ao\u00fbt 2018, Mme Ahmadpour a \u00e9t\u00e9 condamn\u00e9e \u00e0 6 mois d&#8217;emprisonnement \u00e0 Tonekabon pour &#8220;trouble \u00e0 l&#8217;ordre public par sa participation \u00e0 des rassemblements ill\u00e9gaux&#8221;. Le 2 mai 2018 elle avait d\u00e9j\u00e0 \u00e9t\u00e9 condamn\u00e9e \u00e0 4 mois de d\u00e9tention pour &#8220;propagande contre le r\u00e9gime&#8221;.<\/p>\n<p>Elle a \u00e9t\u00e9 condamn\u00e9e \u00e0 une peine totale de 10 mois d&#8217;emprisonnement et arr\u00eat\u00e9e le mardi 14 ao\u00fbt 2018 pour \u00eatre incarc\u00e9r\u00e9e \u00e0 la prison Nashtaroud \u00e0 Tonekabon.<\/p>\n","protected":false},"excerpt":{"rendered":"<p>CNRI Femmes &#8211; Mahine Taj Ahmadpour, prisonni\u00e8re politique d\u00e9tenue en Iran \u00e0 la prison Nashtaroud de la ville de Tonekabon, a entam\u00e9 une gr\u00e8ve de la faim le 10 septembre, pour protester contre le manque de soins m\u00e9dicaux. Les autorit\u00e9s l&#8217;emp\u00eachent de t\u00e9l\u00e9phoner et menacent d&#8217;ouvrir une nouvelle proc\u00e9dure contre elle.<\/p>\n","protected":false},"author":1,"featured_media":6160,"comment_status":"open","ping_status":"open","sticky":false,"template":"","format":"standard","meta":{"jnews-multi-image_gallery":[],"jnews_single_post":[],"jnews_primary_category":[],"jnews_social_meta":[],"jnews_override_counter":[],"footnotes":""},"categories":[3],"tags":[],"class_list":["post-3390","post","type-post","status-publish","format-standard","has-post-thumbnail","hentry","category-infos-des-femmes"],"_links":{"self":[{"href":"https:\/\/wncri.org\/fr\/wp-json\/wp\/v2\/posts\/3390","targetHints":{"allow":["GET"]}}],"collection":[{"href":"https:\/\/wncri.org\/fr\/wp-json\/wp\/v2\/posts"}],"about":[{"href":"https:\/\/wncri.org\/fr\/wp-json\/wp\/v2\/types\/post"}],"author":[{"embeddable":true,"href":"https:\/\/wncri.org\/fr\/wp-json\/wp\/v2\/users\/1"}],"replies":[{"embeddable":true,"href":"https:\/\/wncri.org\/fr\/wp-json\/wp\/v2\/comments?post=3390"}],"version-history":[{"count":0,"href":"https:\/\/wncri.org\/fr\/wp-json\/wp\/v2\/posts\/3390\/revisions"}],"wp:featuredmedia":[{"embeddable":true,"href":"https:\/\/wncri.org\/fr\/wp-json\/wp\/v2\/media\/6160"}],"wp:attachment":[{"href":"https:\/\/wncri.org\/fr\/wp-json\/wp\/v2\/media?parent=3390"}],"wp:term":[{"taxonomy":"category","embeddable":true,"href":"https:\/\/wncri.org\/fr\/wp-json\/wp\/v2\/categories?post=3390"},{"taxonomy":"post_tag","embeddable":true,"href":"https:\/\/wncri.org\/fr\/wp-json\/wp\/v2\/tags?post=3390"}],"curies":[{"name":"wp","href":"https:\/\/api.w.org\/{rel}","templated":true}]}}