{"id":3381,"date":"2018-09-10T10:48:43","date_gmt":"2018-09-10T10:48:43","guid":{"rendered":"https:\/\/wncri.org\/frdev\/2018\/09\/10\/les-appels-a-la-justice-de-meres-de-prisonniers-politiques-kurdes-se-sont-heurtes-a-un-mur\/"},"modified":"2018-09-10T10:48:43","modified_gmt":"2018-09-10T10:48:43","slug":"les-appels-a-la-justice-de-meres-de-prisonniers-politiques-kurdes-se-sont-heurtes-a-un-mur","status":"publish","type":"post","link":"https:\/\/wncri.org\/fr\/2018\/09\/10\/les-appels-a-la-justice-de-meres-de-prisonniers-politiques-kurdes-se-sont-heurtes-a-un-mur\/","title":{"rendered":"Les appels \u00e0 la justice de m\u00e8res de prisonniers politiques kurdes se sont heurt\u00e9s \u00e0 un mur"},"content":{"rendered":"<p>CNRI Femmes &#8211; Les appels r\u00e9p\u00e9t\u00e9s des m\u00e8res de prisonniers politiques kurdes, de l&#8217;opinion publique iranienne et des organisations et d\u00e9fenseurs internationaux des droits humains se sont heurt\u00e9s \u00e0 un mur et le r\u00e9gime religieux a pendu Ramin Hossein-Panahi, Zaniar Moradi et Loghman Moradi, le 8 septembre 2018 au matin, \u00e0 la prison de Rajai Shahr (alias Gohardasht) dans la ville de Karaj en Iran.<\/p>\n<p>  <!--more-->  <\/p>\n<p>Ces trois jeunes prisonniers politiques \u00e9taient en gr\u00e8ve s\u00e8che de la faim depuis plusieurs jours avant leur ex\u00e9cution.<\/p>\n<p>Amjad Hossein-Panahi a confirm\u00e9 l&#8217;ex\u00e9cution de son fr\u00e8re par le r\u00e9gime, et la presse publique iranienne a publi\u00e9 les nouvelles des ex\u00e9cutions.<\/p>\n<p>Les familles des prisonniers politiques kurdes ont \u00e0 maintes reprises fait appel aux organisations de d\u00e9fense des droits humains en Iran et \u00e0 l&#8217;\u00e9tranger, pour aider \u00e0 emp\u00eacher les ex\u00e9cutions.<\/p>\n<p>La m\u00e8re de Ramin, Sharifeh Zarrini (appel\u00e9e aussi Dayeh Sahrifeh), a \u00e9crit une lettre le 24 mai 2018 \u00e0 Federica Mogherini, la responsable de la politique \u00e9trang\u00e8re de l&#8217;UE, lui demandant d&#8217;intervenir pour emp\u00eacher l&#8217;ex\u00e9cution de son fils.<\/p>\n<p>Mme Zarrini et son mari ont \u00e9galement menac\u00e9 de se br\u00fbler si le minist\u00e8re des Renseignements ne lib\u00e9rait pas Ramin et n\u2019annulait pas son ex\u00e9cution. Ils ont \u00e9t\u00e9 arr\u00eat\u00e9s et emprisonn\u00e9s temporairement pour avoir prof\u00e9r\u00e9 de telles menaces.<\/p>\n<p>Dans un enregistrement vid\u00e9o diffus\u00e9 dans les m\u00e9dias, <span><a href=\"https:\/\/www.youtube.com\/watch?v=nUw14Nblpj4\" target=\"_blank\" rel=\"noopener noreferrer\">la m\u00e8re de Zaniar Moradi<\/a><\/span> a plaid\u00e9 : &#8220;Ils ont emmen\u00e9 Zaniar mercredi \u00e0 la prison de l&#8217;arm\u00e9e. Ils ont dit qu&#8217;ils les emm\u00e8neraient pour un interrogatoire, mais on leur a dit qu&#8217;ils seraient pendus samedi. Je vous supplie tous de venir \u00e0 mon aide. La R\u00e9publique islamique n&#8217;en a pas eu assez en tuant mon mari et maintenant elle veut se tacher les mains avec le sang de mon fils.&#8221;<\/p>\n<p>La m\u00e8re de Loghman Moradi a \u00e9galement demand\u00e9 aux gens de venir \u00e0 son aide et a dit : &#8220;Ces jeunes sont innocents. Ils n&#8217;ont commis aucun crime. Nous sommes tr\u00e8s tristes. Pour l&#8217;amour de Dieu, pardonnez-leur.&#8221;<\/p>\n<p>En solidarit\u00e9 avec les m\u00e8res de prisonniers politiques kurdes, Mme Faranguisse Mazloum, m\u00e8re du prisonnier politique Soheil Arabi, a \u00e9galement lanc\u00e9 un appel public aux militants et organisations des droits de l&#8217;homme pour qu&#8217;ils fassent tout leur possible pour sauver leur vie.<\/p>\n<p>Ramin Hossein-Panahi, un militant politique kurde iranien, avait \u00e9t\u00e9 arr\u00eat\u00e9 le 23 juin 2017 et emprisonn\u00e9 \u00e0 la prison centrale de Sanandaj. Il a \u00e9t\u00e9 condamn\u00e9 \u00e0 mort le 15 janvier 2018.<\/p>\n<p>Cousins, Zaniar et Loghman Moradi, avaient \u00e9t\u00e9 arr\u00eat\u00e9s en 2009 pour &#8220;guerre contre Dieu&#8221; et &#8220;corruption sur Terre&#8221;, et condamn\u00e9s \u00e0 mort par pendaison publique en d\u00e9cembre 2010.<\/p>\n<p>Malgr\u00e9 les plaidoyers sinc\u00e8res des m\u00e8res des trois prisonniers politiques kurdes et les protestations mondiales contre les ex\u00e9cutions, le r\u00e9gime iranien les a pendus pour intensifier le climat de terreur et de r\u00e9pression croyant pouvoir arr\u00eater la mont\u00e9e des manifestations publiques.<\/p>\n<p>La dirigeante de l&#8217;opposition iranienne, <span><a href=\"https:\/\/www.maryam-rajavi.com\/fr\/item\/maryam-radjavi-denonce-attaques-missiles-contre-quartiers-generaux-partis-kurdes\" target=\"_blank\" rel=\"noopener noreferrer\">Maryam Radjavi<\/a><\/span>, a qualifi\u00e9 ces ex\u00e9cutions de crimes contre l&#8217;humanit\u00e9 et a exhort\u00e9 le Conseil de s\u00e9curit\u00e9 de l&#8217;ONU \u00e0 intervenir imm\u00e9diatement.<\/p>\n<p>Amnesty International, le Rapporteur sp\u00e9cial des Nations unies sur l&#8217;Iran, M. Javaid Rehman, et le Rapporteur sp\u00e9cial sur les ex\u00e9cutions arbitraires ont \u00e9galement condamn\u00e9 l&#8217;ex\u00e9cution des prisonniers politiques kurdes.\u00a0<\/p>\n","protected":false},"excerpt":{"rendered":"<p>CNRI Femmes &#8211; Les appels r\u00e9p\u00e9t\u00e9s des m\u00e8res de prisonniers politiques kurdes, de l&#8217;opinion publique iranienne et des organisations et d\u00e9fenseurs internationaux des droits humains se sont heurt\u00e9s \u00e0 un mur et le r\u00e9gime religieux a pendu Ramin Hossein-Panahi, Zaniar Moradi et Loghman Moradi, le 8 septembre 2018 au matin, \u00e0 la prison de Rajai [&hellip;]<\/p>\n","protected":false},"author":1,"featured_media":6151,"comment_status":"open","ping_status":"open","sticky":false,"template":"","format":"standard","meta":{"jnews-multi-image_gallery":[],"jnews_single_post":[],"jnews_primary_category":[],"jnews_social_meta":[],"jnews_override_counter":[],"footnotes":""},"categories":[3],"tags":[],"class_list":["post-3381","post","type-post","status-publish","format-standard","has-post-thumbnail","hentry","category-infos-des-femmes"],"_links":{"self":[{"href":"https:\/\/wncri.org\/fr\/wp-json\/wp\/v2\/posts\/3381","targetHints":{"allow":["GET"]}}],"collection":[{"href":"https:\/\/wncri.org\/fr\/wp-json\/wp\/v2\/posts"}],"about":[{"href":"https:\/\/wncri.org\/fr\/wp-json\/wp\/v2\/types\/post"}],"author":[{"embeddable":true,"href":"https:\/\/wncri.org\/fr\/wp-json\/wp\/v2\/users\/1"}],"replies":[{"embeddable":true,"href":"https:\/\/wncri.org\/fr\/wp-json\/wp\/v2\/comments?post=3381"}],"version-history":[{"count":0,"href":"https:\/\/wncri.org\/fr\/wp-json\/wp\/v2\/posts\/3381\/revisions"}],"wp:featuredmedia":[{"embeddable":true,"href":"https:\/\/wncri.org\/fr\/wp-json\/wp\/v2\/media\/6151"}],"wp:attachment":[{"href":"https:\/\/wncri.org\/fr\/wp-json\/wp\/v2\/media?parent=3381"}],"wp:term":[{"taxonomy":"category","embeddable":true,"href":"https:\/\/wncri.org\/fr\/wp-json\/wp\/v2\/categories?post=3381"},{"taxonomy":"post_tag","embeddable":true,"href":"https:\/\/wncri.org\/fr\/wp-json\/wp\/v2\/tags?post=3381"}],"curies":[{"name":"wp","href":"https:\/\/api.w.org\/{rel}","templated":true}]}}