{"id":3323,"date":"2018-07-30T15:12:37","date_gmt":"2018-07-30T15:12:37","guid":{"rendered":"https:\/\/wncri.org\/frdev\/2018\/07\/30\/la-prisonniere-zeinab-jalalian-condamne-l-assassinat-d-eghbal-moradi\/"},"modified":"2020-04-21T20:50:25","modified_gmt":"2020-04-21T18:50:25","slug":"la-prisonniere-zeinab-jalalian-condamne-l-assassinat-d-eghbal-moradi","status":"publish","type":"post","link":"https:\/\/wncri.org\/fr\/2018\/07\/30\/la-prisonniere-zeinab-jalalian-condamne-l-assassinat-d-eghbal-moradi\/","title":{"rendered":"La prisonni\u00e8re Zeinab Jalalian condamne l\u2019assassinat d\u2019Eghbal Moradi"},"content":{"rendered":"<p>CNRI Femmes &#8211; Zeinab Jalalian, prisonni\u00e8re politique en Iran, a envoy\u00e9 un message condamnant l&#8217;assassinat du militant politique kurde Eghbal Moradi.<\/p>\n<p>La prisonni\u00e8re politique kurde Zeinab Jalalian, actuellement d\u00e9tenue \u00e0 la prison de Khoy, dans le nord-ouest de l&#8217;Iran, a adress\u00e9 sa lettre ouverte \u00e0 Zaniar Moradi, le fils d&#8217;Eghbal Moradi qui est dans le couloir de la mort.\u00a0 Elle \u00e9crit notamment\u00a0:<\/p>\n<p>  <!--more-->  <\/p>\n<p>\u00a0<\/p>\n<p>\u00ab\u00a0Cher Zaniar,<\/p>\n<p>Je vous d\u00e9die mes blessures parce que ce sont les meilleures choses que j&#8217;ai gagn\u00e9es dans la vie. Parce que chaque blessure marque un pas en avant sur le chemin de ceux qui ont donn\u00e9 leur vie pour la libert\u00e9 et dont notre patrie se souviendra pour l&#8217;\u00e9ternit\u00e9.<\/p>\n<p>Partout o\u00f9 nous marchons dans ce pays, nous voyons des signes de ceux qui ont \u00e9t\u00e9 tu\u00e9s sur la voie de la libert\u00e9 du Kurdistan. Les montagnes de Makou nous rappellent mon amie d&#8217;enfance Shirine Alam Houli, les hautes montagnes d&#8217;Horaman nous rappellent mon cher camarade Farzad Kamanguir, et l\u2019accuillant Abidar, nous rappelle Farhad Vakili, feu le p\u00e8re de Houram, Houraz et Hengameh.<\/p>\n<p>Aujourd&#8217;hui, notre p\u00e8re altruiste et combattant s&#8217;est joint \u00e0 eux. Ils chantent ensemble leur chant glorieux aux oreilles de l&#8217;humanit\u00e9.<\/p>\n<p>Votre p\u00e8re, Eghbal Moradi, \u00e9tait un homme bienveillant qui aidait tout le monde. Son meurtre est l&#8217;assassinat d&#8217;une main secourable pour l&#8217;humanit\u00e9. Avec votre t\u00e9nacit\u00e9 et votre d\u00e9vouement, vous portez l&#8217;h\u00e9ritage de tous ces combattants de la libert\u00e9.<\/p>\n<p>Tout en condamnant cet assassinat, je m&#8217;engage, derri\u00e8re les barreaux, \u00e0 poursuivre mon combat pour r\u00e9aliser ce pour quoi ils ont donn\u00e9 leur vie : la libert\u00e9.\u00a0\u00bb<\/p>\n<p>\u00a0<\/p>\n<p>N\u00e9e en 1982, Zeinab Jalalian, prisonni\u00e8re politique kurde, a \u00e9t\u00e9 condamn\u00e9e \u00e0 la prison \u00e0 vie. Elle est incarc\u00e9r\u00e9e depuis 2009. Elle est actuellement d\u00e9tenue \u00e0 la prison de Khoy dans le nord-ouest de l\u2019Iran.<\/p>\n<p>Depuis dix ans, la prisonni\u00e8re politique Zeinab Jalalian est priv\u00e9e de permission de sortie de prison. Elle souffre de diverses maladies, y compris des troubles gastro-intestinaux, des maladies oculaires et des troubles de la vision, mais elle est priv\u00e9e de traitements m\u00e9dicaux appropri\u00e9s.<\/p>\n","protected":false},"excerpt":{"rendered":"<p>CNRI Femmes &#8211; Zeinab Jalalian, prisonni\u00e8re politique en Iran, a envoy\u00e9 un message condamnant l&#8217;assassinat du militant politique kurde Eghbal Moradi. La prisonni\u00e8re politique kurde Zeinab Jalalian, actuellement d\u00e9tenue \u00e0 la prison de Khoy, dans le nord-ouest de l&#8217;Iran, a adress\u00e9 sa lettre ouverte \u00e0 Zaniar Moradi, le fils d&#8217;Eghbal Moradi qui est dans le [&hellip;]<\/p>\n","protected":false},"author":1,"featured_media":6086,"comment_status":"open","ping_status":"open","sticky":false,"template":"","format":"standard","meta":{"jnews-multi-image_gallery":[],"jnews_single_post":[],"jnews_primary_category":[],"jnews_social_meta":[],"jnews_override_counter":[],"footnotes":""},"categories":[3],"tags":[],"class_list":["post-3323","post","type-post","status-publish","format-standard","has-post-thumbnail","hentry","category-infos-des-femmes"],"_links":{"self":[{"href":"https:\/\/wncri.org\/fr\/wp-json\/wp\/v2\/posts\/3323","targetHints":{"allow":["GET"]}}],"collection":[{"href":"https:\/\/wncri.org\/fr\/wp-json\/wp\/v2\/posts"}],"about":[{"href":"https:\/\/wncri.org\/fr\/wp-json\/wp\/v2\/types\/post"}],"author":[{"embeddable":true,"href":"https:\/\/wncri.org\/fr\/wp-json\/wp\/v2\/users\/1"}],"replies":[{"embeddable":true,"href":"https:\/\/wncri.org\/fr\/wp-json\/wp\/v2\/comments?post=3323"}],"version-history":[{"count":0,"href":"https:\/\/wncri.org\/fr\/wp-json\/wp\/v2\/posts\/3323\/revisions"}],"wp:featuredmedia":[{"embeddable":true,"href":"https:\/\/wncri.org\/fr\/wp-json\/wp\/v2\/media\/6086"}],"wp:attachment":[{"href":"https:\/\/wncri.org\/fr\/wp-json\/wp\/v2\/media?parent=3323"}],"wp:term":[{"taxonomy":"category","embeddable":true,"href":"https:\/\/wncri.org\/fr\/wp-json\/wp\/v2\/categories?post=3323"},{"taxonomy":"post_tag","embeddable":true,"href":"https:\/\/wncri.org\/fr\/wp-json\/wp\/v2\/tags?post=3323"}],"curies":[{"name":"wp","href":"https:\/\/api.w.org\/{rel}","templated":true}]}}