{"id":3203,"date":"2018-05-22T12:25:31","date_gmt":"2018-05-22T12:25:31","guid":{"rendered":"https:\/\/wncri.org\/frdev\/2018\/05\/22\/commission-des-femmes-du-9\/"},"modified":"2025-06-21T15:01:04","modified_gmt":"2025-06-21T13:01:04","slug":"commission-des-femmes-du-9","status":"publish","type":"post","link":"https:\/\/wncri.org\/fr\/2018\/05\/22\/commission-des-femmes-du-9\/","title":{"rendered":"commission des femmes du"},"content":{"rendered":"<p><strong><a href=\"https:\/\/wncri.org\/fr\/\/wp-content\/uploads\/2018\/05\/images_monthlies_Monthly_April2018_FR.pdf\" target=\"_blank\" rel=\"alternate noopener noreferrer\">Voir le PDF<\/a><\/strong><\/p>\n<p><strong>Le visage laid et inhumain d&#8217;un r\u00e9gime misogyne<\/strong><\/p>\n<p>\u00a0<\/p>\n<p>La prisonni\u00e8re politique Golrokh Ebrahimi Iraee a mis fin \u00e0 sa gr\u00e8ve de la faim apr\u00e8s 81 jours d&#8217;appels d&#8217;autres prisonniers politiques et de quelque 1000 d\u00e9fenseurs des droits de l&#8217;homme et familles de victimes d&#8217;ex\u00e9cution et de prisonniers politiques, sans parvenir \u00e0 sa demande.<\/p>\n<p>  <!--more-->  <\/p>\n<p>malgr\u00e9 la pression mondiale sur le r\u00e9gime iranien. Elle a \u00e9t\u00e9 renvoy\u00e9e \u00e0 la tristement c\u00e9l\u00e8bre prison de Qarchak sans avoir termin\u00e9 son traitement m\u00e9dical, non pas au quartier d\u00e9volu aux Femmes d&#8217;Evin, comme l&#8217;avait demand\u00e9 Golrokh Iraee.<\/p>\n<p>Les responsables de la prison avaient jur\u00e9 de ne pas la renvoyer \u00e0 la prison d&#8217;Evin m\u00eame si elle mourait. La persistance de Golrokh Iraee \u00e0 faire avancer cet acte de protestation pour transmettre sa voix au monde en refusant de manger pendant pr\u00e8s de trois mois \u00e9tait une manifestation de la conscience, de la d\u00e9termination et du courage des femmes iraniennes pour d\u00e9fier un r\u00e9gime tyrannique.<\/p>\n<p>Il y avait aussi des nouvelles d&#8217;autres femmes d\u00e9tenues politiques qui sont incarc\u00e9r\u00e9es dans des conditions d\u00e9sastreuses. Parmi elles, Atena Daemi et Shokoufeh Yadollahi, emprisonn\u00e9es \u00e0 la prison de Qarchak \u00e0 Varamin et \u00e0 Zeinab Jalalian, incarc\u00e9r\u00e9es \u00e0 la prison de Khoy, dans le nord-ouest de l&#8217;Iran.<\/p>\n<p><strong>\u00a0<\/strong><\/p>\n<p><strong>Participation active aux manifestations<\/strong><\/p>\n<p>Des femmes iraniennes ont \u00e9galement particip\u00e9 \u00e0 au moins 43 manifestations en avril. Elles y ont jou\u00e9 un r\u00f4le actif dans les protestations massives des arabes iraniens dans diverses villes de la province du Khuzistan (sud-ouest de l&#8217;Iran), des fermiers d&#8217;Ispahan (Iran central) et des habitants de Kazeroun dans la province de Fars (Iran). Elles ont jou\u00e9 un r\u00f4le cl\u00e9 dans le mouvement de protestation d&#8217;un vaste secteur de la soci\u00e9t\u00e9 iranienne dans la lutte contre la corruption financi\u00e8re soutenue par le gouvernement.<\/p>\n<p>Cependant, l&#8217;incident qui a suscit\u00e9 une vague d&#8217;indignation en Iran et dans le monde entier a \u00e9t\u00e9 le traitement brutal inflig\u00e9 \u00e0 plusieurs jeunes femmes dans un parc de T\u00e9h\u00e9ran pour avoir mal voil\u00e9 leur t\u00eate.<\/p>\n<p>\u00a0<\/p>\n<p><strong>Un autre aper\u00e7u du recours \u00e0 la terreur quotidienne \u00e0 l&#8217;encontre des femmes <\/strong><\/p>\n<p>Un clip vid\u00e9o diffus\u00e9 sur les r\u00e9seaux sociaux le 18 avril a montr\u00e9 au moins quatre patrouilles d&#8217;orientation qui attaquaient quatre jeunes femmes dans un parc, les battant et les bousculant pour s&#8217;\u00eatre mal voil\u00e9es et ayant refus\u00e9 de monter dans la fourgonnette de la patrouille. Une des jeunes femmes qui souffrait d&#8217;une maladie cardiaque, est tomb\u00e9e inconsciente \u00e0 la suite des coups.<\/p>\n<p>Le reportage vid\u00e9o est rapidement devenu viral et a soulev\u00e9 l&#8217;indignation publique en Iran et dans le monde entier au point qu&#8217;un certain nombre de responsables du r\u00e9gime, y compris le ministre de l&#8217;Int\u00e9rieur, se sont prononc\u00e9s contre la f\u00e9rocit\u00e9 des patrouilles et promis de donner suite \u00e0 l&#8217;affaire et s\u00e9vir.<\/p>\n<p>M\u00eame le porte-parole de la SSF, Saeed Montazer al-Mehdi, n&#8217;a daign\u00e9 d\u00e9fendre les agents de la Patrouille d&#8217;orientation et a d\u00e9clar\u00e9: &#8220;Un tel comportement de la part des agents de police ne peut \u00eatre approuv\u00e9 par les forces de s\u00e9curit\u00e9.&#8221;<\/p>\n<p>Le repr\u00e9sentant de Rouhani aupr\u00e8s des femmes et aux affaires familiales, Massoumeh Ebtekar, a condamn\u00e9 l&#8217;acte et a d\u00e9clar\u00e9 qu&#8217;il ne pouvait d&#8217;aucune fa\u00e7on \u00eatre justifi\u00e9.<\/p>\n<p>Mais le 20 avril, le mollah Alam ol-Hoda, le repr\u00e9sentant de Khamenei \u00e0 Mashhad, a d\u00e9nonc\u00e9 ceux qui avaient d\u00e9fendu les femmes victimes de cet incident, en disant : &#8220;Un acte r\u00e9pr\u00e9hensible d&#8217;un officier ou d&#8217;un agent ne devrait pas exon\u00e9rer l&#8217;essence de ce vice religieux.&#8221;<\/p>\n<p>Le 23 avril, mullah Sadegh Amoli Larijani, chef de la branche judiciaire, a soulign\u00e9 dans un discours la n\u00e9cessit\u00e9 pour les forces de s\u00e9curit\u00e9 de l&#8217;Etat d&#8217;agir dans le cadre de la religion et du droit. Il a r\u00e9it\u00e9r\u00e9: \u00abPersonne ne devrait \u00eatre autoris\u00e9 \u00e0 r\u00e9sister \u00e0 l&#8217;application de la loi par les forces de s\u00e9curit\u00e9 de l&#8217;\u00c9tat ou \u00e0 insulter ses agents. La SSF ne reculera m\u00eame pas d&#8217;un pas. &#8220;(L&#8217;agence de presse ISNA, 23 avril 2018)<\/p>\n<p>Le m\u00eame jour, Kayhan, porte-parole du guide supr\u00eame des mollahs, a appel\u00e9 \u00e0 f\u00e9liciter la polici\u00e8re. &#8220;Il est tr\u00e8s logique que la polici\u00e8re impliqu\u00e9e dans l&#8217;incident soit f\u00e9licit\u00e9e et encourag\u00e9e par le ministre de l&#8217;Int\u00e9rieur et le commandant de la SSF.&#8221;<\/p>\n<p>Hossein Rahimi, chef de la police de T\u00e9h\u00e9ran, a d\u00e9menti les informations selon lesquelles l&#8217;officier qui avait battu les jeunes femmes avait \u00e9t\u00e9 suspendu. Il a d\u00e9clar\u00e9: &#8220;Nous d\u00e9fendons puissamment nos agents.&#8221; (L&#8217;agence de presse Fars, g\u00e9r\u00e9e par l&#8217;Etat &#8211; 30 avril 2018)<\/p>\n<p>Le jour m\u00eame, Kayhan, porte-parole du guide supr\u00eame des mollahs, a appel\u00e9 \u00e0 f\u00e9liciter la polici\u00e8re. &#8220;Il est tr\u00e8s logique que la polici\u00e8re impliqu\u00e9e dans l&#8217;incident soit f\u00e9licit\u00e9e et encourag\u00e9e par le ministre de l&#8217;Int\u00e9rieur et le commandant de la SSF.&#8221; Hossein Rahimi, chef de la police de T\u00e9h\u00e9ran, a d\u00e9menti les informations selon lesquelles l&#8217;officier qui avait battu les jeunes femmes avait \u00e9t\u00e9 suspendu. Il a d\u00e9clar\u00e9: &#8220;Nous d\u00e9fendons puissamment nos agents.&#8221; (L&#8217;agence de presse Fars, g\u00e9r\u00e9e par l&#8217;Etat &#8211; 30 avril 2018)<\/p>\n<p>Alireza Rahimi, membre du Comit\u00e9 parlementaire sur la s\u00e9curit\u00e9 nationale et politique \u00e9trang\u00e8re, a \u00e9galement tweet\u00e9 le 30 avril que le comit\u00e9 avait tenu une r\u00e9union avec les commandants de la SSF o\u00f9 le commandant de la Force de s\u00e9curit\u00e9 d&#8217;Etat, Hossein Ashtari, avait inaugur\u00e9 un une plaque d&#8217;honneur au quartier g\u00e9n\u00e9ral du commandement de la SSF seulement deux jours apr\u00e8s l&#8217;incident.<\/p>\n<p>L&#8217;agence de presse Fars soutenue par le CGR est all\u00e9e au secours de la Force de s\u00e9curit\u00e9 nationale en affirmant que les victimes avaient d\u00e9lib\u00e9r\u00e9ment incit\u00e9 \u00e0 l&#8217;attaque et le fait qu&#8217;elles avaient une cam\u00e9ra pour filmer le film prouvait que l&#8217;incident avait \u00e9t\u00e9 planifi\u00e9 .<\/p>\n<p>\u00a0<\/p>\n<p><strong>L&#8217;approche m\u00e9prisable d&#8217;un r\u00e9gime moribund<\/strong><\/p>\n<p>Le traitement scandaleux du r\u00e9gime malgr\u00e9 une r\u00e9pugnance nationale et internationale accablantes a r\u00e9v\u00e9l\u00e9, comme l&#8217;a d\u00e9clar\u00e9 Maryam Radjavi, le visage laid, inhumain et anti-islamique des mollahs misogynes au pouvoir en Iran qui ont renforc\u00e9 la r\u00e9pression des femmes comme un moyen d&#8217;entra\u00eener une escalade dans une atmosph\u00e8re g\u00e9n\u00e9rale de r\u00e9pression dans la soci\u00e9t\u00e9.<\/p>\n<p>Vingt-six agences gouvernementales et \u00e9tatiques ainsi que 301 associations sont charg\u00e9es de surveiller le strict respect du voile obligatoire par les femmes iraniennes. Elles ont n\u00e9anmoins \u00e9chou\u00e9 apr\u00e8s 39 ans pass\u00e9es \u00e0 contraindre les courageuses Femmes iraniennes \u00e0 succomber \u00e0 ce qui ne ressort pas de leur propre choix.<\/p>\n<p>Le commandant de la SSF, Hossein Ashtari, a affirm\u00e9 l&#8217;an dernier que quelque 2 000 femmes ont \u00e9t\u00e9 arr\u00eat\u00e9es chaque jour en Iran pour n&#8217;avoir pas respect\u00e9 les normes de voile appropri\u00e9es. Comme les documentaires vid\u00e9o film\u00e9s par des passants amateurs, cela signifie 2000 fois la r\u00e9p\u00e9tition quotidienne de cette violence terrorisante inflig\u00e9e aux femmes \u00e0 travers le pays. Les femmes iraniennes d\u00e9fient le port du voile obligatoire malgr\u00e9 une telle d\u00e9bauche de brutalit\u00e9.<\/p>\n<p>\u00a0<\/p>\n<p><strong>Les pers\u00e9cutions de la police morale conduisent \u00e0 la mort d&#8217;une femme<\/strong><\/p>\n<p>Un autre incident \u00e9hont\u00e9 s&#8217;est produit \u00e0 Tabriz le 27 avril, lorsque la police de la s\u00e9curit\u00e9 morale de la S\u00fbret\u00e9 de l&#8217;Etat a pourchass\u00e9 un jeune couple et a occasionn\u00e9 la mort de la femme et des blessures physiques chez l&#8217;homme. La jeune femme, Elnaz Sane&#8217;ii, a \u00e9t\u00e9 tu\u00e9e dans cet accident et le jeune homme a \u00e9t\u00e9 appr\u00e9hend\u00e9 malgr\u00e9 ses blessures.<\/p>\n","protected":false},"excerpt":{"rendered":"<p>Voir le PDF Le visage laid et inhumain d&#8217;un r\u00e9gime misogyne \u00a0 La prisonni\u00e8re politique Golrokh Ebrahimi Iraee a mis fin \u00e0 sa gr\u00e8ve de la faim apr\u00e8s 81 jours d&#8217;appels d&#8217;autres prisonniers politiques et de quelque 1000 d\u00e9fenseurs des droits de l&#8217;homme et familles de victimes d&#8217;ex\u00e9cution et de prisonniers politiques, sans parvenir \u00e0 [&hellip;]<\/p>\n","protected":false},"author":1,"featured_media":22956,"comment_status":"open","ping_status":"open","sticky":false,"template":"","format":"standard","meta":{"jnews-multi-image_gallery":[],"jnews_single_post":{"subtitle":"","format":"standard"},"jnews_primary_category":[],"jnews_social_meta":[],"jnews_override_counter":[],"footnotes":""},"categories":[7],"tags":[],"class_list":["post-3203","post","type-post","status-publish","format-standard","has-post-thumbnail","hentry","category-les-regles"],"_links":{"self":[{"href":"https:\/\/wncri.org\/fr\/wp-json\/wp\/v2\/posts\/3203","targetHints":{"allow":["GET"]}}],"collection":[{"href":"https:\/\/wncri.org\/fr\/wp-json\/wp\/v2\/posts"}],"about":[{"href":"https:\/\/wncri.org\/fr\/wp-json\/wp\/v2\/types\/post"}],"author":[{"embeddable":true,"href":"https:\/\/wncri.org\/fr\/wp-json\/wp\/v2\/users\/1"}],"replies":[{"embeddable":true,"href":"https:\/\/wncri.org\/fr\/wp-json\/wp\/v2\/comments?post=3203"}],"version-history":[{"count":1,"href":"https:\/\/wncri.org\/fr\/wp-json\/wp\/v2\/posts\/3203\/revisions"}],"predecessor-version":[{"id":22957,"href":"https:\/\/wncri.org\/fr\/wp-json\/wp\/v2\/posts\/3203\/revisions\/22957"}],"wp:featuredmedia":[{"embeddable":true,"href":"https:\/\/wncri.org\/fr\/wp-json\/wp\/v2\/media\/22956"}],"wp:attachment":[{"href":"https:\/\/wncri.org\/fr\/wp-json\/wp\/v2\/media?parent=3203"}],"wp:term":[{"taxonomy":"category","embeddable":true,"href":"https:\/\/wncri.org\/fr\/wp-json\/wp\/v2\/categories?post=3203"},{"taxonomy":"post_tag","embeddable":true,"href":"https:\/\/wncri.org\/fr\/wp-json\/wp\/v2\/tags?post=3203"}],"curies":[{"name":"wp","href":"https:\/\/api.w.org\/{rel}","templated":true}]}}