{"id":3180,"date":"2018-05-13T20:07:42","date_gmt":"2018-05-13T20:07:42","guid":{"rendered":"https:\/\/wncri.org\/frdev\/2018\/05\/13\/aliyeh-aghdam-doust-parmi-les-enseignants-arretes-lors-de-leur-manifestation-nationale-en-iran\/"},"modified":"2018-05-13T20:07:42","modified_gmt":"2018-05-13T20:07:42","slug":"aliyeh-aghdam-doust-parmi-les-enseignants-arretes-lors-de-leur-manifestation-nationale-en-iran","status":"publish","type":"post","link":"https:\/\/wncri.org\/fr\/2018\/05\/13\/aliyeh-aghdam-doust-parmi-les-enseignants-arretes-lors-de-leur-manifestation-nationale-en-iran\/","title":{"rendered":"Aliyeh Aghdam-Doust parmi les enseignants arr\u00eat\u00e9s lors de leur manifestation nationale en Iran"},"content":{"rendered":"<p>CNRI Femmes \u2013 L\u2019enseignante syndicaliste Aliyeh Aghdam-Doust a \u00e9t\u00e9 pr\u00e9sent\u00e9e au tribunal de la prison d&#8217;Evine en Iran dans la matin\u00e9e du 11 mai 2018, les mains et les pieds entrav\u00e9s. Elle fait partie des manifestants arr\u00eat\u00e9es le 10 mai lors du rassemblement de protestation des enseignants devant l&#8217;Organisation du budget et du plan \u00e0 T\u00e9h\u00e9ran.<\/p>\n<p>  <!--more-->  <\/p>\n<p>Mme Aghdam-Doust, enseignante \u00e0 la retraite et activiste sur les m\u00e9dias sociaux, avait d\u00e9j\u00e0 \u00e9t\u00e9 arr\u00eat\u00e9e le 1er mai 2018, lors des manifestations ouvri\u00e8res devant le parlement des mollahs, le Majlis. D&#8217;autres femmes ont \u00e9galement \u00e9t\u00e9 arr\u00eat\u00e9es avec elle, comme Tahmineh Khosravi, retrait\u00e9e d&#8217;une usine textile, et une femme d\u2019une nom d\u2019Asgari, qui ont ensuite \u00e9t\u00e9 lib\u00e9r\u00e9es sous caution.<\/p>\n<p>Le 10 mai 2018, les enseignants, femmes et hommes, ont organis\u00e9 des manifestations dans au moins 32 villes d&#8217;Iran devant les rectorats et \u00e0 deux endroits \u00e0 T\u00e9h\u00e9ran devant le Majlis et l&#8217;Organisation du budget et du plan.<\/p>\n<p>A T\u00e9h\u00e9ran, la police a charg\u00e9le rassemblement devant de l&#8217;Organisation du budget, frappant et arr\u00eatant un certain nombre de manifestants, en particulier des femmes.<\/p>\n","protected":false},"excerpt":{"rendered":"<p>CNRI Femmes \u2013 L\u2019enseignante syndicaliste Aliyeh Aghdam-Doust a \u00e9t\u00e9 pr\u00e9sent\u00e9e au tribunal de la prison d&#8217;Evine en Iran dans la matin\u00e9e du 11 mai 2018, les mains et les pieds entrav\u00e9s. Elle fait partie des manifestants arr\u00eat\u00e9es le 10 mai lors du rassemblement de protestation des enseignants devant l&#8217;Organisation du budget et du plan \u00e0 [&hellip;]<\/p>\n","protected":false},"author":1,"featured_media":5937,"comment_status":"open","ping_status":"open","sticky":false,"template":"","format":"standard","meta":{"jnews-multi-image_gallery":[],"jnews_single_post":[],"jnews_primary_category":[],"jnews_social_meta":[],"jnews_override_counter":[],"footnotes":""},"categories":[3],"tags":[],"class_list":["post-3180","post","type-post","status-publish","format-standard","has-post-thumbnail","hentry","category-infos-des-femmes"],"_links":{"self":[{"href":"https:\/\/wncri.org\/fr\/wp-json\/wp\/v2\/posts\/3180","targetHints":{"allow":["GET"]}}],"collection":[{"href":"https:\/\/wncri.org\/fr\/wp-json\/wp\/v2\/posts"}],"about":[{"href":"https:\/\/wncri.org\/fr\/wp-json\/wp\/v2\/types\/post"}],"author":[{"embeddable":true,"href":"https:\/\/wncri.org\/fr\/wp-json\/wp\/v2\/users\/1"}],"replies":[{"embeddable":true,"href":"https:\/\/wncri.org\/fr\/wp-json\/wp\/v2\/comments?post=3180"}],"version-history":[{"count":0,"href":"https:\/\/wncri.org\/fr\/wp-json\/wp\/v2\/posts\/3180\/revisions"}],"wp:featuredmedia":[{"embeddable":true,"href":"https:\/\/wncri.org\/fr\/wp-json\/wp\/v2\/media\/5937"}],"wp:attachment":[{"href":"https:\/\/wncri.org\/fr\/wp-json\/wp\/v2\/media?parent=3180"}],"wp:term":[{"taxonomy":"category","embeddable":true,"href":"https:\/\/wncri.org\/fr\/wp-json\/wp\/v2\/categories?post=3180"},{"taxonomy":"post_tag","embeddable":true,"href":"https:\/\/wncri.org\/fr\/wp-json\/wp\/v2\/tags?post=3180"}],"curies":[{"name":"wp","href":"https:\/\/api.w.org\/{rel}","templated":true}]}}