{"id":3178,"date":"2018-05-13T20:05:08","date_gmt":"2018-05-13T20:05:08","guid":{"rendered":"https:\/\/wncri.org\/frdev\/2018\/05\/13\/iran-une-ecoliere-se-fait-couper-les-meches-qui-depassent-de-son-voile-a-l-ecole\/"},"modified":"2018-05-13T20:05:08","modified_gmt":"2018-05-13T20:05:08","slug":"iran-une-ecoliere-se-fait-couper-les-meches-qui-depassent-de-son-voile-a-l-ecole","status":"publish","type":"post","link":"https:\/\/wncri.org\/fr\/2018\/05\/13\/iran-une-ecoliere-se-fait-couper-les-meches-qui-depassent-de-son-voile-a-l-ecole\/","title":{"rendered":"Iran : une \u00e9coli\u00e8re se fait couper les m\u00e8ches qui d\u00e9passent de son voile \u00e0 l\u2019\u00e9cole"},"content":{"rendered":"<p><strong>CNRI Femmes\u00a0: <\/strong>La directrice d&#8217;une \u00e9cole primaire d&#8217;Abadan, dans le sud-ouest de l&#8217;Iran, a coup\u00e9 les cheveux d&#8217;une petite fille qui d\u00e9passaient de son voile.<\/p>\n<p>  <!--more-->  <\/p>\n<p>Le 6 mai 2018, dans une \u00e9cole primaire de filles \u00e0 Golestanshahr d&#8217;Abadan, la directrice a pris des ciseaux et coup\u00e9 les cheveux d&#8217;une fillette parce qu&#8217;ils s\u2019\u00e9taient \u00e9chapp\u00e9 du voile.<\/p>\n<p>La fillette, Narguessee, qui souffre d\u2019asthme, a \u00e9t\u00e9 prise d\u2019une crise \u00e0 cause de ce traitement agressif et a \u00e9t\u00e9 emmen\u00e9e \u00e0 l&#8217;h\u00f4pital.<\/p>\n<p>En r\u00e9ponse aux objections \u00e0 une telle mesure offensante, le surintendant a dit : \u00ab\u00a0l\u2019instituteur est un homme et les cheveux qui d\u00e9passent auraient pu le provoquer.\u00a0\u00bb<\/p>\n<p>Lors d&#8217;un incident similaire en d\u00e9cembre 2017, des responsables d&#8217;une \u00e9cole de filles du village d&#8217;Islamabad \u00e0 Oroumiyeh, la directrice et une maitresse s\u2019\u00e9taient rendus dans la cour de l\u2019\u00e9cole en compagnie de plusieurs policiers pour couper les cheveux des filles qui d\u00e9passaient de leurs foulards.<\/p>\n<p>\u00a0<\/p>\n","protected":false},"excerpt":{"rendered":"<p>CNRI Femmes\u00a0: La directrice d&#8217;une \u00e9cole primaire d&#8217;Abadan, dans le sud-ouest de l&#8217;Iran, a coup\u00e9 les cheveux d&#8217;une petite fille qui d\u00e9passaient de son voile.<\/p>\n","protected":false},"author":1,"featured_media":5935,"comment_status":"open","ping_status":"open","sticky":false,"template":"","format":"standard","meta":{"jnews-multi-image_gallery":[],"jnews_single_post":[],"jnews_primary_category":[],"jnews_social_meta":[],"jnews_override_counter":[],"footnotes":""},"categories":[3],"tags":[],"class_list":["post-3178","post","type-post","status-publish","format-standard","has-post-thumbnail","hentry","category-infos-des-femmes"],"_links":{"self":[{"href":"https:\/\/wncri.org\/fr\/wp-json\/wp\/v2\/posts\/3178","targetHints":{"allow":["GET"]}}],"collection":[{"href":"https:\/\/wncri.org\/fr\/wp-json\/wp\/v2\/posts"}],"about":[{"href":"https:\/\/wncri.org\/fr\/wp-json\/wp\/v2\/types\/post"}],"author":[{"embeddable":true,"href":"https:\/\/wncri.org\/fr\/wp-json\/wp\/v2\/users\/1"}],"replies":[{"embeddable":true,"href":"https:\/\/wncri.org\/fr\/wp-json\/wp\/v2\/comments?post=3178"}],"version-history":[{"count":0,"href":"https:\/\/wncri.org\/fr\/wp-json\/wp\/v2\/posts\/3178\/revisions"}],"wp:featuredmedia":[{"embeddable":true,"href":"https:\/\/wncri.org\/fr\/wp-json\/wp\/v2\/media\/5935"}],"wp:attachment":[{"href":"https:\/\/wncri.org\/fr\/wp-json\/wp\/v2\/media?parent=3178"}],"wp:term":[{"taxonomy":"category","embeddable":true,"href":"https:\/\/wncri.org\/fr\/wp-json\/wp\/v2\/categories?post=3178"},{"taxonomy":"post_tag","embeddable":true,"href":"https:\/\/wncri.org\/fr\/wp-json\/wp\/v2\/tags?post=3178"}],"curies":[{"name":"wp","href":"https:\/\/api.w.org\/{rel}","templated":true}]}}