{"id":3174,"date":"2018-05-11T20:35:15","date_gmt":"2018-05-11T20:35:15","guid":{"rendered":"https:\/\/wncri.org\/frdev\/2018\/05\/11\/iran-une-etudiante-en-architecture-convoquee-au-tribunal\/"},"modified":"2018-05-11T20:35:15","modified_gmt":"2018-05-11T20:35:15","slug":"iran-une-etudiante-en-architecture-convoquee-au-tribunal","status":"publish","type":"post","link":"https:\/\/wncri.org\/fr\/2018\/05\/11\/iran-une-etudiante-en-architecture-convoquee-au-tribunal\/","title":{"rendered":"Iran : Une \u00e9tudiante en architecture convoqu\u00e9e au tribunal"},"content":{"rendered":"<p>CNRI Femmes &#8211; Sepideh Farhan, \u00e9tudiante arr\u00eat\u00e9e lors du soul\u00e8vement de janvier en Iran, a \u00e9t\u00e9 de nouveau convoqu\u00e9e au tribunal \u00e0 T\u00e9h\u00e9ran.<\/p>\n<p>Sepideh Farhan, \u00e9tudiante en architecture et militante des droits civiques, avait \u00e9t\u00e9 arr\u00eat\u00e9e le 2 janvier 2018 \u00e0 T\u00e9h\u00e9ran et d\u00e9tenue pendant 47 jours en isolement dans la section 209 de la prison d&#8217;Evine. Elle avait \u00e9t\u00e9 lib\u00e9r\u00e9e sous une caution faramineuse de 250 millions de tomans le 17 f\u00e9vrier.<\/p>\n<p>  <!--more-->  <\/p>\n<p>Moins de trois mois plus tard, elle est \u00e0 nouveau convoqu\u00e9e au tribunal pour \u00ab\u00a0collusion contre l&#8217;\u00c9tat\u00a0\u00bb.<\/p>\n<p>Les parents de Mme Farahani ont \u00e9t\u00e9 menac\u00e9s par les services de renseignement qui leur ont interdit toute forme de diffusion publique d&#8217;informations ou d&#8217;interviews sur sa situation, sinon cela leur co\u00fbterait cher.<\/p>\n<p>Selon des d\u00e9put\u00e9s des mollahs, au moins 130 \u00e9tudiants ont \u00e9t\u00e9 arr\u00eat\u00e9s lors du soul\u00e8vement de d\u00e9cembre et janvier en Iran. Un grand nombre sont encore en prison et un nombre limit\u00e9 ont \u00e9t\u00e9 condamn\u00e9s \u00e0 de lourdes peines.<\/p>\n","protected":false},"excerpt":{"rendered":"<p>CNRI Femmes &#8211; Sepideh Farhan, \u00e9tudiante arr\u00eat\u00e9e lors du soul\u00e8vement de janvier en Iran, a \u00e9t\u00e9 de nouveau convoqu\u00e9e au tribunal \u00e0 T\u00e9h\u00e9ran. Sepideh Farhan, \u00e9tudiante en architecture et militante des droits civiques, avait \u00e9t\u00e9 arr\u00eat\u00e9e le 2 janvier 2018 \u00e0 T\u00e9h\u00e9ran et d\u00e9tenue pendant 47 jours en isolement dans la section 209 de la [&hellip;]<\/p>\n","protected":false},"author":1,"featured_media":5930,"comment_status":"open","ping_status":"open","sticky":false,"template":"","format":"standard","meta":{"jnews-multi-image_gallery":[],"jnews_single_post":[],"jnews_primary_category":[],"jnews_social_meta":[],"jnews_override_counter":[],"footnotes":""},"categories":[3],"tags":[],"class_list":["post-3174","post","type-post","status-publish","format-standard","has-post-thumbnail","hentry","category-infos-des-femmes"],"_links":{"self":[{"href":"https:\/\/wncri.org\/fr\/wp-json\/wp\/v2\/posts\/3174","targetHints":{"allow":["GET"]}}],"collection":[{"href":"https:\/\/wncri.org\/fr\/wp-json\/wp\/v2\/posts"}],"about":[{"href":"https:\/\/wncri.org\/fr\/wp-json\/wp\/v2\/types\/post"}],"author":[{"embeddable":true,"href":"https:\/\/wncri.org\/fr\/wp-json\/wp\/v2\/users\/1"}],"replies":[{"embeddable":true,"href":"https:\/\/wncri.org\/fr\/wp-json\/wp\/v2\/comments?post=3174"}],"version-history":[{"count":0,"href":"https:\/\/wncri.org\/fr\/wp-json\/wp\/v2\/posts\/3174\/revisions"}],"wp:featuredmedia":[{"embeddable":true,"href":"https:\/\/wncri.org\/fr\/wp-json\/wp\/v2\/media\/5930"}],"wp:attachment":[{"href":"https:\/\/wncri.org\/fr\/wp-json\/wp\/v2\/media?parent=3174"}],"wp:term":[{"taxonomy":"category","embeddable":true,"href":"https:\/\/wncri.org\/fr\/wp-json\/wp\/v2\/categories?post=3174"},{"taxonomy":"post_tag","embeddable":true,"href":"https:\/\/wncri.org\/fr\/wp-json\/wp\/v2\/tags?post=3174"}],"curies":[{"name":"wp","href":"https:\/\/api.w.org\/{rel}","templated":true}]}}