{"id":3135,"date":"2018-04-29T21:49:26","date_gmt":"2018-04-29T21:49:26","guid":{"rendered":"https:\/\/wncri.org\/frdev\/2018\/04\/29\/iran-arrestation-arbitraire-de-la-militante-anti-voile-maryam-shariatmadari-et-de-sa-mere\/"},"modified":"2018-04-29T21:49:26","modified_gmt":"2018-04-29T21:49:26","slug":"iran-arrestation-arbitraire-de-la-militante-anti-voile-maryam-shariatmadari-et-de-sa-mere","status":"publish","type":"post","link":"https:\/\/wncri.org\/fr\/2018\/04\/29\/iran-arrestation-arbitraire-de-la-militante-anti-voile-maryam-shariatmadari-et-de-sa-mere\/","title":{"rendered":"Iran : Arrestation arbitraire de la militante anti-voile Maryam Shariatmadari et de sa m\u00e8re"},"content":{"rendered":"<p>CNRI Femmes \u2013 En Iran, la militante anti-voile Maryam Shariatmadari a \u00e9t\u00e9 battue et arr\u00eat\u00e9e par les forces de s\u00e9curit\u00e9 \u00e0 Shahr-e Ray avec sa m\u00e8re le 25 avril 2018.<\/p>\n<p>  <!--more-->  <\/p>\n<p>Nasrine Sotoudeh, son avocate, a annonc\u00e9 mercredi que sa cliente avait \u00e9t\u00e9 violemment arr\u00eat\u00e9e par les forces de s\u00e9curit\u00e9 \u00e0 Shahr-e Ray, avec sa m\u00e8re, Mitra Jamshidzadeh. Elle a \u00e9t\u00e9 emmen\u00e9e, les yeux band\u00e9s, dans un lieu inconnu.<\/p>\n<p>Mme Jamshidzadeh a \u00e9t\u00e9 abandonn\u00e9e dans une zone d\u00e9serte apr\u00e8s minuit cette nuit-l\u00e0.<\/p>\n<p>Maryam Shariatmadari a \u00e9t\u00e9 d\u00e9tenue pendant deux jours et lib\u00e9r\u00e9e le 27 avril 2018.<\/p>\n<p>Mme Shariatmadari avait \u00e9t\u00e9 arr\u00eat\u00e9e le 23 f\u00e9vrier 2018 pour avoir protest\u00e9 contre le port du voile obligatoire. Elle a ensuite \u00e9t\u00e9 jug\u00e9e \u00e0 T\u00e9h\u00e9ran le 17 mars 2018 et condamn\u00e9e \u00e0 un an d&#8217;emprisonnement. Son avocate a \u00e9t\u00e9 inform\u00e9 de la d\u00e9cision le 25 mars 2018.<\/p>\n","protected":false},"excerpt":{"rendered":"<p>CNRI Femmes \u2013 En Iran, la militante anti-voile Maryam Shariatmadari a \u00e9t\u00e9 battue et arr\u00eat\u00e9e par les forces de s\u00e9curit\u00e9 \u00e0 Shahr-e Ray avec sa m\u00e8re le 25 avril 2018.<\/p>\n","protected":false},"author":1,"featured_media":5890,"comment_status":"open","ping_status":"open","sticky":false,"template":"","format":"standard","meta":{"jnews-multi-image_gallery":[],"jnews_single_post":[],"jnews_primary_category":[],"jnews_social_meta":[],"jnews_override_counter":[],"footnotes":""},"categories":[3],"tags":[],"class_list":["post-3135","post","type-post","status-publish","format-standard","has-post-thumbnail","hentry","category-infos-des-femmes"],"_links":{"self":[{"href":"https:\/\/wncri.org\/fr\/wp-json\/wp\/v2\/posts\/3135","targetHints":{"allow":["GET"]}}],"collection":[{"href":"https:\/\/wncri.org\/fr\/wp-json\/wp\/v2\/posts"}],"about":[{"href":"https:\/\/wncri.org\/fr\/wp-json\/wp\/v2\/types\/post"}],"author":[{"embeddable":true,"href":"https:\/\/wncri.org\/fr\/wp-json\/wp\/v2\/users\/1"}],"replies":[{"embeddable":true,"href":"https:\/\/wncri.org\/fr\/wp-json\/wp\/v2\/comments?post=3135"}],"version-history":[{"count":0,"href":"https:\/\/wncri.org\/fr\/wp-json\/wp\/v2\/posts\/3135\/revisions"}],"wp:featuredmedia":[{"embeddable":true,"href":"https:\/\/wncri.org\/fr\/wp-json\/wp\/v2\/media\/5890"}],"wp:attachment":[{"href":"https:\/\/wncri.org\/fr\/wp-json\/wp\/v2\/media?parent=3135"}],"wp:term":[{"taxonomy":"category","embeddable":true,"href":"https:\/\/wncri.org\/fr\/wp-json\/wp\/v2\/categories?post=3135"},{"taxonomy":"post_tag","embeddable":true,"href":"https:\/\/wncri.org\/fr\/wp-json\/wp\/v2\/tags?post=3135"}],"curies":[{"name":"wp","href":"https:\/\/api.w.org\/{rel}","templated":true}]}}