{"id":3120,"date":"2018-04-24T20:51:52","date_gmt":"2018-04-24T20:51:52","guid":{"rendered":"https:\/\/wncri.org\/frdev\/2018\/04\/24\/iran-les-familles-des-victimes-d-un-crash-aerien-protestent-a-teheran\/"},"modified":"2018-04-24T20:51:52","modified_gmt":"2018-04-24T20:51:52","slug":"iran-les-familles-des-victimes-d-un-crash-aerien-protestent-a-teheran","status":"publish","type":"post","link":"https:\/\/wncri.org\/fr\/2018\/04\/24\/iran-les-familles-des-victimes-d-un-crash-aerien-protestent-a-teheran\/","title":{"rendered":"Iran : Les familles des victimes d\u2019un crash a\u00e9rien protestent \u00e0 T\u00e9h\u00e9ran"},"content":{"rendered":"<p>CNRI Femmes &#8211; Les familles des victimes d&#8217;un accident d&#8217;avion ont organis\u00e9 une manifestation devant le b\u00e2timent du quartier g\u00e9n\u00e9ral de gestion de crise dans la capitale iranienne le 21 avril 2018.<\/p>\n<p>  <!--more-->  <\/p>\n<p>Les manifestants, y compris de nombreuses femmes, qui avaient fait le voyage depuis Yassouj dans le sud-ouest de l&#8217;Iran, ont exig\u00e9 l\u2019acc\u00e9l\u00e9ration des recherches des corps de leurs proches deux mois apr\u00e8s le drame. Ils veulent aussi conna\u00eetre la raison de cet accident.<\/p>\n<p>Tous les passagers et membres d&#8217;\u00e9quipage de ce vol commercial iranien sont morts quand l\u2019avion s\u2019est \u00e9cras\u00e9 le 18 f\u00e9vrier 2018 sur le mont Dena, dans le sud du pays. L&#8217;avion bimoteur \u00e0 turbopropulseur ATR-72 avait 20 ans d\u2019\u00e2ge.<\/p>\n","protected":false},"excerpt":{"rendered":"<p>CNRI Femmes &#8211; Les familles des victimes d&#8217;un accident d&#8217;avion ont organis\u00e9 une manifestation devant le b\u00e2timent du quartier g\u00e9n\u00e9ral de gestion de crise dans la capitale iranienne le 21 avril 2018.<\/p>\n","protected":false},"author":1,"featured_media":5872,"comment_status":"open","ping_status":"open","sticky":false,"template":"","format":"standard","meta":{"jnews-multi-image_gallery":[],"jnews_single_post":[],"jnews_primary_category":[],"jnews_social_meta":[],"jnews_override_counter":[],"footnotes":""},"categories":[3],"tags":[],"class_list":["post-3120","post","type-post","status-publish","format-standard","has-post-thumbnail","hentry","category-infos-des-femmes"],"_links":{"self":[{"href":"https:\/\/wncri.org\/fr\/wp-json\/wp\/v2\/posts\/3120","targetHints":{"allow":["GET"]}}],"collection":[{"href":"https:\/\/wncri.org\/fr\/wp-json\/wp\/v2\/posts"}],"about":[{"href":"https:\/\/wncri.org\/fr\/wp-json\/wp\/v2\/types\/post"}],"author":[{"embeddable":true,"href":"https:\/\/wncri.org\/fr\/wp-json\/wp\/v2\/users\/1"}],"replies":[{"embeddable":true,"href":"https:\/\/wncri.org\/fr\/wp-json\/wp\/v2\/comments?post=3120"}],"version-history":[{"count":0,"href":"https:\/\/wncri.org\/fr\/wp-json\/wp\/v2\/posts\/3120\/revisions"}],"wp:featuredmedia":[{"embeddable":true,"href":"https:\/\/wncri.org\/fr\/wp-json\/wp\/v2\/media\/5872"}],"wp:attachment":[{"href":"https:\/\/wncri.org\/fr\/wp-json\/wp\/v2\/media?parent=3120"}],"wp:term":[{"taxonomy":"category","embeddable":true,"href":"https:\/\/wncri.org\/fr\/wp-json\/wp\/v2\/categories?post=3120"},{"taxonomy":"post_tag","embeddable":true,"href":"https:\/\/wncri.org\/fr\/wp-json\/wp\/v2\/tags?post=3120"}],"curies":[{"name":"wp","href":"https:\/\/api.w.org\/{rel}","templated":true}]}}