{"id":3117,"date":"2018-04-24T20:48:53","date_gmt":"2018-04-24T20:48:53","guid":{"rendered":"https:\/\/wncri.org\/frdev\/2018\/04\/24\/iran-greve-des-etudiantes-de-l-ecole-de-l-environnement\/"},"modified":"2018-04-24T20:48:53","modified_gmt":"2018-04-24T20:48:53","slug":"iran-greve-des-etudiantes-de-l-ecole-de-l-environnement","status":"publish","type":"post","link":"https:\/\/wncri.org\/fr\/2018\/04\/24\/iran-greve-des-etudiantes-de-l-ecole-de-l-environnement\/","title":{"rendered":"Iran : Gr\u00e8ve des \u00e9tudiantes de l\u2019Ecole de l\u2019Environnement"},"content":{"rendered":"<p>CNRI Femmes &#8211; Des \u00e9tudiantes ont particip\u00e9 \u00e0 une gr\u00e8ve des cours \u00e0 l\u2019Ecole de l&#8217;Environnement de Karadj en Iran pour protester contre la transformation de cet \u00e9tablissement en centre de formation de gardiens de la protection de l&#8217;environnement.<\/p>\n<p>  <!--more-->  <\/p>\n<p>L\u2019Ecole de l&#8217;Environnement de Karadj est la seule \u00e9cole sp\u00e9cialis\u00e9e dans l\u2019environnement en Iran et au Moyen-Orient depuis 1972.<\/p>\n<p>La d\u00e9cision de la transformer en centre de formation est attribu\u00e9e par la presse \u00e0 Issa Kalantari, responsable de l&#8217;Organisation de la protection de l&#8217;environnement et vice-pr\u00e9sident des mollahs.<\/p>\n<p>Selon cette d\u00e9cision, l\u2019Ecole n&#8217;admettra plus d&#8217;\u00e9tudiants. Le 21 avril, des professeurs ont \u00e9t\u00e9 licenci\u00e9s \u00e0 mi-parcours et remplac\u00e9s par des instructeurs provisoires. Les \u00e9tudiants qui \u00e9crivaient leur th\u00e8se finale ont perdu leur directeur de th\u00e8se \u00e0 la suite des licenciements, alors qu&#8217;il ne reste que six sessions du semestre.<\/p>\n<p>Des \u00e9tudiants protestataires ont \u00e9t\u00e9 menac\u00e9s d\u2019expulsion. Parall\u00e8lement, un certain nombre d&#8217;employ\u00e9s exp\u00e9riment\u00e9s de l\u2019\u00e9tablissement ont \u00e9t\u00e9 mis \u00e0 pied et menac\u00e9s d&#8217;\u00eatre priv\u00e9s de leur assurance-ch\u00f4mage, rapporte l\u2019agence Mehr, 22 avril.<\/p>\n","protected":false},"excerpt":{"rendered":"<p>CNRI Femmes &#8211; Des \u00e9tudiantes ont particip\u00e9 \u00e0 une gr\u00e8ve des cours \u00e0 l\u2019Ecole de l&#8217;Environnement de Karadj en Iran pour protester contre la transformation de cet \u00e9tablissement en centre de formation de gardiens de la protection de l&#8217;environnement.<\/p>\n","protected":false},"author":1,"featured_media":5869,"comment_status":"open","ping_status":"open","sticky":false,"template":"","format":"standard","meta":{"jnews-multi-image_gallery":[],"jnews_single_post":[],"jnews_primary_category":[],"jnews_social_meta":[],"jnews_override_counter":[],"footnotes":""},"categories":[3],"tags":[],"class_list":["post-3117","post","type-post","status-publish","format-standard","has-post-thumbnail","hentry","category-infos-des-femmes"],"_links":{"self":[{"href":"https:\/\/wncri.org\/fr\/wp-json\/wp\/v2\/posts\/3117","targetHints":{"allow":["GET"]}}],"collection":[{"href":"https:\/\/wncri.org\/fr\/wp-json\/wp\/v2\/posts"}],"about":[{"href":"https:\/\/wncri.org\/fr\/wp-json\/wp\/v2\/types\/post"}],"author":[{"embeddable":true,"href":"https:\/\/wncri.org\/fr\/wp-json\/wp\/v2\/users\/1"}],"replies":[{"embeddable":true,"href":"https:\/\/wncri.org\/fr\/wp-json\/wp\/v2\/comments?post=3117"}],"version-history":[{"count":0,"href":"https:\/\/wncri.org\/fr\/wp-json\/wp\/v2\/posts\/3117\/revisions"}],"wp:featuredmedia":[{"embeddable":true,"href":"https:\/\/wncri.org\/fr\/wp-json\/wp\/v2\/media\/5869"}],"wp:attachment":[{"href":"https:\/\/wncri.org\/fr\/wp-json\/wp\/v2\/media?parent=3117"}],"wp:term":[{"taxonomy":"category","embeddable":true,"href":"https:\/\/wncri.org\/fr\/wp-json\/wp\/v2\/categories?post=3117"},{"taxonomy":"post_tag","embeddable":true,"href":"https:\/\/wncri.org\/fr\/wp-json\/wp\/v2\/tags?post=3117"}],"curies":[{"name":"wp","href":"https:\/\/api.w.org\/{rel}","templated":true}]}}