{"id":3114,"date":"2018-04-23T17:37:39","date_gmt":"2018-04-23T17:37:39","guid":{"rendered":"https:\/\/wncri.org\/frdev\/2018\/04\/23\/iran-golrokh-iraee-accuse-les-autorites-de-mentir-et-de-fausses-promesses\/"},"modified":"2018-04-23T17:37:39","modified_gmt":"2018-04-23T17:37:39","slug":"iran-golrokh-iraee-accuse-les-autorites-de-mentir-et-de-fausses-promesses","status":"publish","type":"post","link":"https:\/\/wncri.org\/fr\/2018\/04\/23\/iran-golrokh-iraee-accuse-les-autorites-de-mentir-et-de-fausses-promesses\/","title":{"rendered":"Iran : Golrokh Iraee accuse les autorit\u00e9s de mentir et de fausses promesses"},"content":{"rendered":"<p>CNRI Femmes &#8211; La prisonni\u00e8re politique Golrokh Iraee en Iran a refus\u00e9 de rompre sa gr\u00e8ve de la faim en \u00e9change des promesses des autorit\u00e9s de la renvoyer \u00e0 la prison d&#8217;Evine de T\u00e9h\u00e9ran. Elle les a accus\u00e9es de faire des fausses promesses.<\/p>\n<p>  <!--more-->  <\/p>\n<p>Apr\u00e8s 77 jours de gr\u00e8ve de la faim, Mme Iraee est en tr\u00e8s mauvaise condition physique et hospitalis\u00e9e sous de lourdes mesures de s\u00e9curit\u00e9. Le 17 avril 2018, elle a accept\u00e9 de recevoir une injection intraveineuse de s\u00e9rum \u00e0 la suite des appels r\u00e9p\u00e9t\u00e9s des militants des droits civiques et des m\u00e8res de martyrs et de prisonniers politiques.<\/p>\n<p>Elle refuse toujours de briser sa gr\u00e8ve de la faim ou de prendre des vitamines.<\/p>\n<p>\u00c9crivaine et militante des droits humains, Mme Iraee a \u00e9t\u00e9 condamn\u00e9e \u00e0 six ans de prison pour avoir \u00e9crit un livre jamais publi\u00e9 sur le ch\u00e2timent cruel de la lapidation.<\/p>\n<p>Le 24 janvier, Mme Iraee et sa compagne de d\u00e9tention, Atena Daemi, ont \u00e9t\u00e9 brutalis\u00e9es et transf\u00e9r\u00e9es ill\u00e9galement du quartier des femmes d&#8217;Evine \u00e0 T\u00e9h\u00e9ran \u00e0 la sinistre prison de Qarchak \u00e0 Varamine, en banlieue. Ils ont entam\u00e9 leur gr\u00e8ve de la faim le 3 f\u00e9vrier 2018 pour protester contre la violation par le r\u00e9gime du principe de la s\u00e9paration des prisonniers et leur exil ill\u00e9gal \u00e0 Qarchak. Elles exigent d&#8217;\u00eatre renvoy\u00e9es dans le quartier des femmes de la prison d&#8217;Evine.<\/p>\n<p>Mme Iraee avait \u00e9t\u00e9 lib\u00e9r\u00e9e de prison l&#8217;ann\u00e9e derni\u00e8re apr\u00e8s que son mari, Arash Sadeghi, a organis\u00e9 une gr\u00e8ve de la faim de 72 jours pour protester contre l&#8217;arrestation et la d\u00e9tention ill\u00e9gales de son \u00e9pouse. Mais elle a \u00e9t\u00e9 arr\u00eat\u00e9e de nouveau peu de temps apr\u00e8s et est retourn\u00e9e dans le quartier des femmes d&#8217;Evine.<\/p>\n","protected":false},"excerpt":{"rendered":"<p>CNRI Femmes &#8211; La prisonni\u00e8re politique Golrokh Iraee en Iran a refus\u00e9 de rompre sa gr\u00e8ve de la faim en \u00e9change des promesses des autorit\u00e9s de la renvoyer \u00e0 la prison d&#8217;Evine de T\u00e9h\u00e9ran. Elle les a accus\u00e9es de faire des fausses promesses.<\/p>\n","protected":false},"author":1,"featured_media":5866,"comment_status":"open","ping_status":"open","sticky":false,"template":"","format":"standard","meta":{"jnews-multi-image_gallery":[],"jnews_single_post":[],"jnews_primary_category":[],"jnews_social_meta":[],"jnews_override_counter":[],"footnotes":""},"categories":[3],"tags":[],"class_list":["post-3114","post","type-post","status-publish","format-standard","has-post-thumbnail","hentry","category-infos-des-femmes"],"_links":{"self":[{"href":"https:\/\/wncri.org\/fr\/wp-json\/wp\/v2\/posts\/3114","targetHints":{"allow":["GET"]}}],"collection":[{"href":"https:\/\/wncri.org\/fr\/wp-json\/wp\/v2\/posts"}],"about":[{"href":"https:\/\/wncri.org\/fr\/wp-json\/wp\/v2\/types\/post"}],"author":[{"embeddable":true,"href":"https:\/\/wncri.org\/fr\/wp-json\/wp\/v2\/users\/1"}],"replies":[{"embeddable":true,"href":"https:\/\/wncri.org\/fr\/wp-json\/wp\/v2\/comments?post=3114"}],"version-history":[{"count":0,"href":"https:\/\/wncri.org\/fr\/wp-json\/wp\/v2\/posts\/3114\/revisions"}],"wp:featuredmedia":[{"embeddable":true,"href":"https:\/\/wncri.org\/fr\/wp-json\/wp\/v2\/media\/5866"}],"wp:attachment":[{"href":"https:\/\/wncri.org\/fr\/wp-json\/wp\/v2\/media?parent=3114"}],"wp:term":[{"taxonomy":"category","embeddable":true,"href":"https:\/\/wncri.org\/fr\/wp-json\/wp\/v2\/categories?post=3114"},{"taxonomy":"post_tag","embeddable":true,"href":"https:\/\/wncri.org\/fr\/wp-json\/wp\/v2\/tags?post=3114"}],"curies":[{"name":"wp","href":"https:\/\/api.w.org\/{rel}","templated":true}]}}