{"id":3097,"date":"2018-04-17T11:13:17","date_gmt":"2018-04-17T11:13:17","guid":{"rendered":"https:\/\/wncri.org\/frdev\/2018\/04\/17\/iran-golrokh-iraee-au-plus-mal-apres-71-jours-de-greve-de-la-faim\/"},"modified":"2018-04-17T11:13:17","modified_gmt":"2018-04-17T11:13:17","slug":"iran-golrokh-iraee-au-plus-mal-apres-71-jours-de-greve-de-la-faim","status":"publish","type":"post","link":"https:\/\/wncri.org\/fr\/2018\/04\/17\/iran-golrokh-iraee-au-plus-mal-apres-71-jours-de-greve-de-la-faim\/","title":{"rendered":"Iran : Golrokh Iraee au plus mal apr\u00e8s 71 jours de gr\u00e8ve de la faim"},"content":{"rendered":"<p>CNRI Femmes \u2013 La prisonni\u00e8re politique Golrokh Iraee en Iran est dans un \u00e9tat de sant\u00e9 tr\u00e8s critique apr\u00e8s 71 jours de gr\u00e8ve de la faim.<\/p>\n<p>  <!--more-->  <\/p>\n<p>Les responsables de la prison ont d\u00e9clar\u00e9 \u00e0 Golrokh Iraee qu\u2019elles ne r\u00e9pondront pas \u00e0 sa demande, m\u00eame si elle mourrait. Elle est actuellement hospitalis\u00e9e \u00e0 l&#8217;h\u00f4pital Baghyatollah des Gardiens de la r\u00e9volution et son \u00e9tat de sant\u00e9 est alarmant.<\/p>\n<p>Mme Iraee a perdu plus de 22 kilos. Elle a refus\u00e9 des intraveineuses et pour cette raison, sa tension art\u00e9rielle est tr\u00e8s basse.<\/p>\n<p>Lors d&#8217;une rencontre avec sa famille, Mme Iraee a persist\u00e9 \u00e0 dire qu&#8217;elle ne romprait pas sa gr\u00e8ve de la faim.<\/p>\n<p>Golrokh Ebrahimi Iraee et Atena Daemi ont \u00e9t\u00e9 brutalis\u00e9es et transf\u00e9r\u00e9es de la prison d\u2019Evine de T\u00e9h\u00e9ran au sinistre camp de Qarchak, en banlieue, le 24 janvier 2018. Elles ont entam\u00e9 une gr\u00e8ve de la faim le 3 f\u00e9vrier 2018, exigeant d&#8217;\u00eatre renvoy\u00e9es dans le quartier des femmes de la prison d&#8217;Evine.\u00a0 Atena a cess\u00e9 sa gr\u00e8ve de la faim, mais Golrokh persiste.<\/p>\n","protected":false},"excerpt":{"rendered":"<p>CNRI Femmes \u2013 La prisonni\u00e8re politique Golrokh Iraee en Iran est dans un \u00e9tat de sant\u00e9 tr\u00e8s critique apr\u00e8s 71 jours de gr\u00e8ve de la faim.<\/p>\n","protected":false},"author":1,"featured_media":5848,"comment_status":"open","ping_status":"open","sticky":false,"template":"","format":"standard","meta":{"jnews-multi-image_gallery":[],"jnews_single_post":[],"jnews_primary_category":[],"jnews_social_meta":[],"jnews_override_counter":[],"footnotes":""},"categories":[3],"tags":[],"class_list":["post-3097","post","type-post","status-publish","format-standard","has-post-thumbnail","hentry","category-infos-des-femmes"],"_links":{"self":[{"href":"https:\/\/wncri.org\/fr\/wp-json\/wp\/v2\/posts\/3097","targetHints":{"allow":["GET"]}}],"collection":[{"href":"https:\/\/wncri.org\/fr\/wp-json\/wp\/v2\/posts"}],"about":[{"href":"https:\/\/wncri.org\/fr\/wp-json\/wp\/v2\/types\/post"}],"author":[{"embeddable":true,"href":"https:\/\/wncri.org\/fr\/wp-json\/wp\/v2\/users\/1"}],"replies":[{"embeddable":true,"href":"https:\/\/wncri.org\/fr\/wp-json\/wp\/v2\/comments?post=3097"}],"version-history":[{"count":0,"href":"https:\/\/wncri.org\/fr\/wp-json\/wp\/v2\/posts\/3097\/revisions"}],"wp:featuredmedia":[{"embeddable":true,"href":"https:\/\/wncri.org\/fr\/wp-json\/wp\/v2\/media\/5848"}],"wp:attachment":[{"href":"https:\/\/wncri.org\/fr\/wp-json\/wp\/v2\/media?parent=3097"}],"wp:term":[{"taxonomy":"category","embeddable":true,"href":"https:\/\/wncri.org\/fr\/wp-json\/wp\/v2\/categories?post=3097"},{"taxonomy":"post_tag","embeddable":true,"href":"https:\/\/wncri.org\/fr\/wp-json\/wp\/v2\/tags?post=3097"}],"curies":[{"name":"wp","href":"https:\/\/api.w.org\/{rel}","templated":true}]}}