{"id":3002,"date":"2018-03-01T20:55:43","date_gmt":"2018-03-01T20:55:43","guid":{"rendered":"https:\/\/wncri.org\/frdev\/2018\/03\/01\/iran-la-greviste-de-la-faim-golrokh-iraee-en-tres-mauvais-etat-de-sante\/"},"modified":"2018-03-01T20:55:43","modified_gmt":"2018-03-01T20:55:43","slug":"iran-la-greviste-de-la-faim-golrokh-iraee-en-tres-mauvais-etat-de-sante","status":"publish","type":"post","link":"https:\/\/wncri.org\/fr\/2018\/03\/01\/iran-la-greviste-de-la-faim-golrokh-iraee-en-tres-mauvais-etat-de-sante\/","title":{"rendered":"Iran : la gr\u00e9viste de la faim Golrokh Iraee en tr\u00e8s mauvais \u00e9tat de sant\u00e9"},"content":{"rendered":"<p>CNRI Femmes \u2013 Au bout de 25 jours de gr\u00e8ve de la faim en Iran, la prisonni\u00e8re politique Golrokh Iraee est en tr\u00e8s mauvaise sant\u00e9.<\/p>\n<p>Atena Daemi et Golrokh Iraee ont \u00e9t\u00e9 ill\u00e9galement transf\u00e9r\u00e9s le 24 janvier 2018 de la prison d&#8217;Evine \u00e0 T\u00e9h\u00e9ran \u00e0 la sinistre prison de Qarchak en banlieue.<\/p>\n<p>  <!--more-->  <\/p>\n<p>Ils ont entam\u00e9 une gr\u00e8ve de la faim au bout de 10 jours, alors que les autorit\u00e9s ne tenaient pas compte de leur demande de retour \u00e0 la prison d\u2019Evin dans la section politique et de respecter le principe de la s\u00e9paration des cat\u00e9gories de prisonniers.<\/p>\n<p>D&#8217;apr\u00e8s M. Hossein Daemi, le p\u00e8re d&#8217;Atena, les deux d\u00e9tenues politiques sont priv\u00e9es d&#8217;appels t\u00e9l\u00e9phoniques \u00e0 leurs familles depuis la semaine derni\u00e8re, apr\u00e8s avoir refus\u00e9 de le faire en pr\u00e9sence de gardes en prison. Leurs parents n&#8217;ont aucune nouvelle depuis. \u00a0<\/p>\n<p>Le mardi 27 f\u00e9vrier 2018, les autorit\u00e9s de la prison ont emp\u00each\u00e9 M. Daemi de contacter sa fille, m\u00eame depuis l&#8217;int\u00e9rieur de la prison et en pr\u00e9sence de gardiens.<\/p>\n<p>La commission des femmes du Conseil national de la R\u00e9sistance iranienne demande instamment \u00e0 toutes les organisations internationales de d\u00e9fense des droits des femmes et des droits humains de prendre des mesures efficaces pour garantir la lib\u00e9ration de ces deux femmes courageuses, Atena Daemi et Golrokh Iraee.<\/p>\n","protected":false},"excerpt":{"rendered":"<p>CNRI Femmes \u2013 Au bout de 25 jours de gr\u00e8ve de la faim en Iran, la prisonni\u00e8re politique Golrokh Iraee est en tr\u00e8s mauvaise sant\u00e9. Atena Daemi et Golrokh Iraee ont \u00e9t\u00e9 ill\u00e9galement transf\u00e9r\u00e9s le 24 janvier 2018 de la prison d&#8217;Evine \u00e0 T\u00e9h\u00e9ran \u00e0 la sinistre prison de Qarchak en banlieue.<\/p>\n","protected":false},"author":1,"featured_media":5742,"comment_status":"open","ping_status":"open","sticky":false,"template":"","format":"standard","meta":{"jnews-multi-image_gallery":[],"jnews_single_post":[],"jnews_primary_category":[],"jnews_social_meta":[],"jnews_override_counter":[],"footnotes":""},"categories":[3],"tags":[],"class_list":["post-3002","post","type-post","status-publish","format-standard","has-post-thumbnail","hentry","category-infos-des-femmes"],"_links":{"self":[{"href":"https:\/\/wncri.org\/fr\/wp-json\/wp\/v2\/posts\/3002","targetHints":{"allow":["GET"]}}],"collection":[{"href":"https:\/\/wncri.org\/fr\/wp-json\/wp\/v2\/posts"}],"about":[{"href":"https:\/\/wncri.org\/fr\/wp-json\/wp\/v2\/types\/post"}],"author":[{"embeddable":true,"href":"https:\/\/wncri.org\/fr\/wp-json\/wp\/v2\/users\/1"}],"replies":[{"embeddable":true,"href":"https:\/\/wncri.org\/fr\/wp-json\/wp\/v2\/comments?post=3002"}],"version-history":[{"count":0,"href":"https:\/\/wncri.org\/fr\/wp-json\/wp\/v2\/posts\/3002\/revisions"}],"wp:featuredmedia":[{"embeddable":true,"href":"https:\/\/wncri.org\/fr\/wp-json\/wp\/v2\/media\/5742"}],"wp:attachment":[{"href":"https:\/\/wncri.org\/fr\/wp-json\/wp\/v2\/media?parent=3002"}],"wp:term":[{"taxonomy":"category","embeddable":true,"href":"https:\/\/wncri.org\/fr\/wp-json\/wp\/v2\/categories?post=3002"},{"taxonomy":"post_tag","embeddable":true,"href":"https:\/\/wncri.org\/fr\/wp-json\/wp\/v2\/tags?post=3002"}],"curies":[{"name":"wp","href":"https:\/\/api.w.org\/{rel}","templated":true}]}}