{"id":3001,"date":"2018-03-01T20:54:05","date_gmt":"2018-03-01T20:54:05","guid":{"rendered":"https:\/\/wncri.org\/frdev\/2018\/03\/01\/iran-des-femmes-manifestent-a-chouchtar-et-andimeshk\/"},"modified":"2018-03-01T20:54:05","modified_gmt":"2018-03-01T20:54:05","slug":"iran-des-femmes-manifestent-a-chouchtar-et-andimeshk","status":"publish","type":"post","link":"https:\/\/wncri.org\/fr\/2018\/03\/01\/iran-des-femmes-manifestent-a-chouchtar-et-andimeshk\/","title":{"rendered":"Iran : Des femmes manifestent \u00e0 Chouchtar et Andimeshk"},"content":{"rendered":"<p>CNRI Femmes &#8211; Un groupe d&#8217;\u00e9tudiantes et d\u2019\u00e9tudiants de la facult\u00e9 des sciences m\u00e9dicales de Chouchtar a organis\u00e9 un sit-in de protestation devant la pr\u00e9sidence de l&#8217;universit\u00e9, le 26 f\u00e9vrier 2018.<\/p>\n<p>  <!--more-->  <\/p>\n<p>Ils protestent contre l\u2019effroyable qualit\u00e9 de la nourriture, les probl\u00e8mes de transport et d&#8217;autres services de la facult\u00e9, ainsi que de la situation dans les r\u00e9sidences universitaires. Les filles \u00e9taient tr\u00e8s actives.<\/p>\n<p>Dans le m\u00eame temps, un groupe d&#8217;enseignants en contrats temporaires de la ville d\u2019Andimeshk a refus\u00e9 de faire cours. Lundi a marqu\u00e9 une semaine de gr\u00e8ve de ces enseignants qui refusent de faire cours tant que leurs demandes ne seront pas satisfaites.<\/p>\n<p>A titre d\u2019exemple, cinq mois apr\u00e8s le d\u00e9but de l&#8217;ann\u00e9e acad\u00e9mique, ces enseignants n&#8217;ont toujours pas \u00e9t\u00e9 officiellement inform\u00e9s des heures o\u00f9 ils doivent enseigner.<\/p>\n<p>Chouchtar et Andimeshk sont tous deux situ\u00e9s dans la riche province p\u00e9troli\u00e8re du Khouzistan, dans le sud-ouest de l&#8217;Iran. Malgr\u00e9 son sous-sol, il s\u2019agit d\u2019une province pauvre.<\/p>\n","protected":false},"excerpt":{"rendered":"<p>CNRI Femmes &#8211; Un groupe d&#8217;\u00e9tudiantes et d\u2019\u00e9tudiants de la facult\u00e9 des sciences m\u00e9dicales de Chouchtar a organis\u00e9 un sit-in de protestation devant la pr\u00e9sidence de l&#8217;universit\u00e9, le 26 f\u00e9vrier 2018.<\/p>\n","protected":false},"author":1,"featured_media":5741,"comment_status":"open","ping_status":"open","sticky":false,"template":"","format":"standard","meta":{"jnews-multi-image_gallery":[],"jnews_single_post":[],"jnews_primary_category":[],"jnews_social_meta":[],"jnews_override_counter":[],"footnotes":""},"categories":[3],"tags":[],"class_list":["post-3001","post","type-post","status-publish","format-standard","has-post-thumbnail","hentry","category-infos-des-femmes"],"_links":{"self":[{"href":"https:\/\/wncri.org\/fr\/wp-json\/wp\/v2\/posts\/3001","targetHints":{"allow":["GET"]}}],"collection":[{"href":"https:\/\/wncri.org\/fr\/wp-json\/wp\/v2\/posts"}],"about":[{"href":"https:\/\/wncri.org\/fr\/wp-json\/wp\/v2\/types\/post"}],"author":[{"embeddable":true,"href":"https:\/\/wncri.org\/fr\/wp-json\/wp\/v2\/users\/1"}],"replies":[{"embeddable":true,"href":"https:\/\/wncri.org\/fr\/wp-json\/wp\/v2\/comments?post=3001"}],"version-history":[{"count":0,"href":"https:\/\/wncri.org\/fr\/wp-json\/wp\/v2\/posts\/3001\/revisions"}],"wp:featuredmedia":[{"embeddable":true,"href":"https:\/\/wncri.org\/fr\/wp-json\/wp\/v2\/media\/5741"}],"wp:attachment":[{"href":"https:\/\/wncri.org\/fr\/wp-json\/wp\/v2\/media?parent=3001"}],"wp:term":[{"taxonomy":"category","embeddable":true,"href":"https:\/\/wncri.org\/fr\/wp-json\/wp\/v2\/categories?post=3001"},{"taxonomy":"post_tag","embeddable":true,"href":"https:\/\/wncri.org\/fr\/wp-json\/wp\/v2\/tags?post=3001"}],"curies":[{"name":"wp","href":"https:\/\/api.w.org\/{rel}","templated":true}]}}