{"id":3000,"date":"2018-02-28T22:38:28","date_gmt":"2018-02-28T22:38:28","guid":{"rendered":"https:\/\/wncri.org\/frdev\/2018\/02\/28\/la-commission-des-femmes-du-cnri-condamne-vivement-la-brutalisation-et-l-arrestation-de-femmes-protestant-contre-le-port-obligatoire-du-voile\/"},"modified":"2020-08-24T20:11:29","modified_gmt":"2020-08-24T18:11:29","slug":"la-commission-des-femmes-du-cnri-condamne-vivement-la-brutalisation-et-l-arrestation-de-femmes-protestant-contre-le-port-obligatoire-du-voile","status":"publish","type":"post","link":"https:\/\/wncri.org\/fr\/2018\/02\/28\/la-commission-des-femmes-du-cnri-condamne-vivement-la-brutalisation-et-l-arrestation-de-femmes-protestant-contre-le-port-obligatoire-du-voile\/","title":{"rendered":"La Commission des femmes du CNRI condamne vivement la brutalisation et l\u2019arrestation de femmes protestant contre le port obligatoire du voile"},"content":{"rendered":"<p><strong><em>Elle appelle \u00e0 des mesures urgentes pour assurer leur lib\u00e9ration<\/em><\/strong><\/p>\n<p>Les attaques violentes contre des femmes qui protestent contre le port obligatoire du voile, ont continu\u00e9es ces derniers jours. Les forces r\u00e9pressives du r\u00e9gime th\u00e9ocratique ont pass\u00e9 \u00e0 tabac et arr\u00eat\u00e9 plusieurs manifestantes.<\/p>\n<p><!--more--><\/p>\n<p>La Commission des femmes du Conseil national de la R\u00e9sistance iranienne condamne vivement les mesures r\u00e9pressives, la brutalisation et les arrestations arbitraires de femmes qui manifestent pour leurs droits.<\/p>\n<p>La Commission des femmes du CNRI appelle ses concitoyens \u00e0 affronter les gardiens de la r\u00e9volution et les forces de s\u00e9curit\u00e9 du r\u00e9gime et \u00e0 ne pas les laisser arr\u00eater ces manifestantes courageuses.<\/p>\n<p>Selon des rapports, les femmes arr\u00eat\u00e9es ont \u00e9t\u00e9 harcel\u00e9es et brutalis\u00e9es dans les centres de d\u00e9tention et les bless\u00e9es n\u2019ont pas eu acc\u00e8s aux soins.<\/p>\n<p>La Commission des femmes du CNRI exhorte les organes internationaux de d\u00e9fense des droits humains et des droits des femmes \u00e0 condamner les pratiques misogynes du r\u00e9gime int\u00e9griste et \u00e0 prendre des mesures urgentes pour assurer la lib\u00e9ration des protestataires.<\/p>\n<p>Le 24 janvier 2018, lors d\u2019une r\u00e9union au Conseil de l\u2019Europe \u00e0 Strasbourg, la pr\u00e9sidente du Conseil national de la R\u00e9sistance iranienne, Maryam Radjavi, a appel\u00e9 la communaut\u00e9 internationale \u00e0 adopter des mesures efficaces pour contraindre le fascisme religieux au pouvoir en Iran \u00e0 mettre fin \u00e0 la r\u00e9pression des femmes et \u00e0 abolir le port obligatoire du voile. Elle a d\u00e9clar\u00e9&nbsp;: \u00ab&nbsp;Trente-neuf ans de discrimination et de r\u00e9pression contre les femmes, c\u2019est assez. La communaut\u00e9 internationale doit sortir de son silence et agir.&nbsp;\u00bb<\/p>\n<p><strong>&nbsp;<\/strong><\/p>\n<p><strong>Commission des femmes du Conseil national de la R\u00e9sistance iranienne<\/strong><\/p>\n<p><strong>Le 27 f\u00e9vrier 2018 <\/strong><\/p>\n<p><span>&nbsp;<\/span><\/p>\n","protected":false},"excerpt":{"rendered":"<p>Elle appelle \u00e0 des mesures urgentes pour assurer leur lib\u00e9ration Les attaques violentes contre des femmes qui protestent contre le port obligatoire du voile, ont continu\u00e9es ces derniers jours. Les forces r\u00e9pressives du r\u00e9gime th\u00e9ocratique ont pass\u00e9 \u00e0 tabac et arr\u00eat\u00e9 plusieurs manifestantes.<\/p>\n","protected":false},"author":1,"featured_media":11694,"comment_status":"open","ping_status":"open","sticky":false,"template":"","format":"standard","meta":{"jnews-multi-image_gallery":[],"jnews_single_post":{"subtitle":"","format":"standard","video":"","gallery":"","source_name":"","source_url":"","via_name":"","via_url":"","override":[{"single_blog_custom":"","sidebar":"","second_sidebar":"","share_position":"","share_float_style":"","post_date_format":"","post_date_format_custom":"","post_reading_time_wpm":"","zoom_button_out_step":"1","zoom_button_in_step":"1","number_popup_post":"1"}],"image_override":[{"single_post_thumbnail_size":"","single_post_gallery_size":""}],"trending_post_position":"","trending_post_label":"","sponsored_post_label":"","sponsored_post_name":"","sponsored_post_url":"","sponsored_post_logo":"","sponsored_post_desc":""},"jnews_primary_category":{"id":""},"jnews_social_meta":[],"jnews_override_counter":{"view_counter_number":"0","share_counter_number":"0","like_counter_number":"0","dislike_counter_number":"0"},"footnotes":""},"categories":[5],"tags":[],"class_list":["post-3000","post","type-post","status-publish","format-standard","has-post-thumbnail","hentry","category-communiques"],"_links":{"self":[{"href":"https:\/\/wncri.org\/fr\/wp-json\/wp\/v2\/posts\/3000","targetHints":{"allow":["GET"]}}],"collection":[{"href":"https:\/\/wncri.org\/fr\/wp-json\/wp\/v2\/posts"}],"about":[{"href":"https:\/\/wncri.org\/fr\/wp-json\/wp\/v2\/types\/post"}],"author":[{"embeddable":true,"href":"https:\/\/wncri.org\/fr\/wp-json\/wp\/v2\/users\/1"}],"replies":[{"embeddable":true,"href":"https:\/\/wncri.org\/fr\/wp-json\/wp\/v2\/comments?post=3000"}],"version-history":[{"count":0,"href":"https:\/\/wncri.org\/fr\/wp-json\/wp\/v2\/posts\/3000\/revisions"}],"wp:featuredmedia":[{"embeddable":true,"href":"https:\/\/wncri.org\/fr\/wp-json\/wp\/v2\/media\/11694"}],"wp:attachment":[{"href":"https:\/\/wncri.org\/fr\/wp-json\/wp\/v2\/media?parent=3000"}],"wp:term":[{"taxonomy":"category","embeddable":true,"href":"https:\/\/wncri.org\/fr\/wp-json\/wp\/v2\/categories?post=3000"},{"taxonomy":"post_tag","embeddable":true,"href":"https:\/\/wncri.org\/fr\/wp-json\/wp\/v2\/tags?post=3000"}],"curies":[{"name":"wp","href":"https:\/\/api.w.org\/{rel}","templated":true}]}}