{"id":2995,"date":"2018-02-25T17:06:34","date_gmt":"2018-02-25T17:06:34","guid":{"rendered":"https:\/\/wncri.org\/frdev\/2018\/02\/25\/les-femmes-la-force-du-changement-soulevement-en-iran-et-le-role-des-femmes\/"},"modified":"2018-02-25T17:06:34","modified_gmt":"2018-02-25T17:06:34","slug":"les-femmes-la-force-du-changement-soulevement-en-iran-et-le-role-des-femmes","status":"publish","type":"post","link":"https:\/\/wncri.org\/fr\/2018\/02\/25\/les-femmes-la-force-du-changement-soulevement-en-iran-et-le-role-des-femmes\/","title":{"rendered":"Les Femmes, la force du changement : soul\u00e8vement en Iran et le r\u00f4le des femmes"},"content":{"rendered":"<p>Le samedi 17 f\u00e9vrier 2018, une <a href=\"https:\/\/www.youtube.com\/watch?v=2Jy02eCKlcg\" target=\"_blank\" rel=\"noopener\">conf\u00e9rence<\/a> intitul\u00e9e \u00ab\u00a0Les Femmes, la force du changement : soul\u00e8vement en Iran et le r\u00f4le des femmes\u00a0\u00bb s\u2019est\u00a0tenue \u00e0 Paris, dont la principale oratrice \u00e9tait Maryam Radjavi, la Pr\u00e9sidente du Conseil national de la r\u00e9sistance iranienne (CNRI).<\/p>\n<p>  <!--more-->  <\/p>\n<p><img decoding=\"async\" class=\" size-full wp-image-5706 lazyload\" src=\"data:image\/gif;base64,R0lGODlhAQABAIAAAAAAAP\/\/\/yH5BAEAAAAALAAAAAABAAEAAAIBRAA7\" data-src=\"https:\/\/wncri.org\/fr\/\/wp-content\/uploads\/2018\/02\/images_vangad_IWD2018_2.jpg\" alt=\"\" width=\"880\" height=\"260\" \/><noscript><img decoding=\"async\" class=\" size-full wp-image-5706 lazyload\" src=\"https:\/\/wncri.org\/fr\/\/wp-content\/uploads\/2018\/02\/images_vangad_IWD2018_2.jpg\" alt=\"\" width=\"880\" height=\"260\" srcset=\"https:\/\/wncri.org\/fr\/wp-content\/uploads\/2018\/02\/images_vangad_IWD2018_2.jpg 880w, https:\/\/wncri.org\/fr\/wp-content\/uploads\/2018\/02\/images_vangad_IWD2018_2-300x89.jpg 300w, https:\/\/wncri.org\/fr\/wp-content\/uploads\/2018\/02\/images_vangad_IWD2018_2-768x227.jpg 768w\" sizes=\"(max-width: 880px) 100vw, 880px\" \/><\/noscript><\/p>\n<p>Des dizaines de femmes dont des personnalit\u00e9s politiques, des parlementaires, des juristes et des militantes des droits des femmes venues de 23 pays et des cinq continents ont particip\u00e9 \u00e0 cette conf\u00e9rence et ont d\u00e9clar\u00e9 leur solidarit\u00e9 avec les femmes de la r\u00e9sistance iranienne et le soul\u00e8vement du peuple iranien.<\/p>\n<p><img decoding=\"async\" class=\" size-full wp-image-5707 lazyload\" src=\"data:image\/gif;base64,R0lGODlhAQABAIAAAAAAAP\/\/\/yH5BAEAAAAALAAAAAABAAEAAAIBRAA7\" data-src=\"https:\/\/wncri.org\/fr\/\/wp-content\/uploads\/2018\/02\/images_vangad_IWD2018_1.jpg\" alt=\"\" width=\"880\" height=\"260\" \/><noscript><img decoding=\"async\" class=\" size-full wp-image-5707 lazyload\" src=\"https:\/\/wncri.org\/fr\/\/wp-content\/uploads\/2018\/02\/images_vangad_IWD2018_1.jpg\" alt=\"\" width=\"880\" height=\"260\" srcset=\"https:\/\/wncri.org\/fr\/wp-content\/uploads\/2018\/02\/images_vangad_IWD2018_1.jpg 880w, https:\/\/wncri.org\/fr\/wp-content\/uploads\/2018\/02\/images_vangad_IWD2018_1-300x89.jpg 300w, https:\/\/wncri.org\/fr\/wp-content\/uploads\/2018\/02\/images_vangad_IWD2018_1-768x227.jpg 768w\" sizes=\"(max-width: 880px) 100vw, 880px\" \/><\/noscript><\/p>\n<p>Une d\u00e9l\u00e9gation des m\u00e8res de martyrs iraniens, une d\u00e9l\u00e9gation des associations f\u00e9minines iraniennes et une d\u00e9l\u00e9gation des jeunes soutenant la r\u00e9sistance iranienne ont \u00e9galement pris la parole \u00e0 cette Conf\u00e9rence.<\/p>\n<p>La musique, le th\u00e9\u00e2tre et des vid\u00e9os sur le r\u00f4le des femmes dans le soul\u00e8vement en Iran, ont accompagn\u00e9 cette soir\u00e9e.<\/p>\n<p>\u00a0<\/p>\n<p><strong>Maryam Radjavi<\/strong><\/p>\n<p>Pr\u00e9sidente du Conseil National de la r\u00e9sistance iranienne<\/p>\n<p>Extraits de l\u2019intervention \u00e0 la Conf\u00e9rence des femmes &#8211; Paris\u00a0<\/p>\n<p>\u00a0<img decoding=\"async\" class=\" alignleft size-full wp-image-5708 lazyload\" style=\"float: left; margin: 10px;\" src=\"data:image\/gif;base64,R0lGODlhAQABAIAAAAAAAP\/\/\/yH5BAEAAAAALAAAAAABAAEAAAIBRAA7\" data-src=\"https:\/\/wncri.org\/fr\/\/wp-content\/uploads\/2018\/02\/images_vangad_IWD2018_Maryam_Rajavi.jpg\" width=\"300\" height=\"195\" \/><noscript><img decoding=\"async\" class=\" alignleft size-full wp-image-5708 lazyload\" style=\"float: left; margin: 10px;\" src=\"https:\/\/wncri.org\/fr\/\/wp-content\/uploads\/2018\/02\/images_vangad_IWD2018_Maryam_Rajavi.jpg\" width=\"300\" height=\"195\" \/><\/noscript><\/p>\n<p>Le soul\u00e8vement populaire en Iran ne vise pas seulement le renversement d&#8217;un r\u00e9gime politique, mais il s\u2019agit surtout d\u2019une r\u00e9volte contre l&#8217;int\u00e9grisme religieux. Une nouvelle aube pleine d\u2019espoir, non seulement pour le peuple iranien mais aussi pour tous les peuples de la r\u00e9gion et du monde.<\/p>\n<p>Les femmes ne sont pas descendues dans la rue pour exiger quoi que ce soit du r\u00e9gime ; au contraire, elles se sont lev\u00e9es pour \u00e9liminer le r\u00e9gime cl\u00e9rical. Les femmes ne se sont pas lev\u00e9es pour r\u00e9clamer uniquement leur propre libert\u00e9 ; elles se sont lev\u00e9es pour lib\u00e9rer tout un peuple. Comme en t\u00e9moigne l&#8217;exp\u00e9rience de ces 39 derni\u00e8res ann\u00e9es, il est impossible de satisfaire les demandes les plus \u00e9l\u00e9mentaires des femmes dans le cadre de ce r\u00e9gime : de l&#8217;abolition du voile obligatoire \u00e0 l&#8217;\u00e9limination de toutes les formes de discrimination et d&#8217;in\u00e9galit\u00e9. Les femmes iraniennes n\u2019ont tir\u00e9 aucun b\u00e9n\u00e9fice du jeu de soi-disant r\u00e9formistes contre les partisans de la ligne dure. Les droits des femmes ne peuvent \u00eatre obtenus que par le renversement du r\u00e9gime des mollahs dans sa totalit\u00e9. Le changement de r\u00e9gime est un droit des femmes iraniennes et le seul moyen pour parvenir \u00e0 la libert\u00e9 et l&#8217;\u00e9galit\u00e9.<\/p>\n<p>Contrairement \u00e0 ce que les mollahs pr\u00e9tendent, imposer le voile (hijab) par la contrainte est diam\u00e9tralement oppos\u00e9 \u00e0 l&#8217;Islam. La foi est bas\u00e9e sur la libert\u00e9 de choix et de libre arbitre. Chaque fois que le r\u00e9gime veut \u00e9touffer politiquement la soci\u00e9t\u00e9, ses autorit\u00e9s lancent une campagne d\u2019arrestation des femmes sous pr\u00e9texte du voile incorrect. Les moudjahidine du peuple ont particip\u00e9 \u00e0 la marche de protestation contre le voile obligatoire en mars 1979, bien que les femmes moudjahidines du peuple, elles-m\u00eames, portaient le voile.<\/p>\n<p>Le jour o\u00f9 les femmes iraniennes d\u00e9truiront les racines de l\u2019int\u00e9grisme en Iran, la libert\u00e9 et l\u2019\u00e9galit\u00e9 fera un bond en avant dans le monde entier. Par cons\u00e9quent, pour les d\u00e9fenseurs des droits des femmes, soutenir le soul\u00e8vement du peuple iranien contre l\u2019int\u00e9grisme est le plus grand projet de notre temps. Toutes les activit\u00e9s en faveur des femmes emprisonn\u00e9es, toutes les d\u00e9nonciations des tortures et tous les efforts que vous d\u00e9ploierez pour contraindre vos gouvernements \u00e0 restreindre leurs relations avec la dictature iranienne, seront d\u2019une tr\u00e8s grande efficacit\u00e9.<\/p>\n<p>\u00a0<\/p>\n<p><strong>Sarvnaz Tchitsaz<\/strong><\/p>\n<p>Pr\u00e9sidente de la Commission des femmes du Conseil national de la r\u00e9sistance iranienne<\/p>\n<p>Extraits de l\u2019intervention \u00e0 la Conf\u00e9rence des femmes &#8211; Paris<\/p>\n<p>\u00a0<img decoding=\"async\" class=\" alignleft size-full wp-image-5709 lazyload\" style=\"float: left; margin: 10px;\" src=\"data:image\/gif;base64,R0lGODlhAQABAIAAAAAAAP\/\/\/yH5BAEAAAAALAAAAAABAAEAAAIBRAA7\" data-src=\"https:\/\/wncri.org\/fr\/\/wp-content\/uploads\/2018\/02\/images_vangad_IWD2018_Sarvnaz_Chitsaz.jpg\" width=\"300\" height=\"195\" \/><noscript><img decoding=\"async\" class=\" alignleft size-full wp-image-5709 lazyload\" style=\"float: left; margin: 10px;\" src=\"https:\/\/wncri.org\/fr\/\/wp-content\/uploads\/2018\/02\/images_vangad_IWD2018_Sarvnaz_Chitsaz.jpg\" width=\"300\" height=\"195\" \/><\/noscript><\/p>\n<p>Permettez-moi de pr\u00e9senter d\u2019avance mes v\u0153ux pour la journ\u00e9e internationale de la femme \u00e0 toutes les femmes en Iran et dans le monde entier, notamment \u00e0 toutes celles venues de cinq continent \u00e0 cette conf\u00e9rence. Je salue de m\u00eame toutes les femmes et filles h\u00e9ro\u00efques d\u2019Iran qui ont fait preuve d\u2019une grande bravoure dans les r\u00e9voltes r\u00e9centes. Nous sommes tr\u00e8s fi\u00e8res de chacune d\u2019entre elles.<\/p>\n<p>De par mes responsabilit\u00e9s, je suis quotidiennement tenu au courant de la r\u00e9pression et des souffrances des femmes de mon pays, ainsi que de leurs actes de r\u00e9sistances. Je tiens \u00e0 souligner \u00e0 quel point vos activit\u00e9s dans le mouvement pour l\u2019\u00e9galit\u00e9 \u00e0 travers le monde, contribuent \u00e0 la lutte des femmes contre l\u2019int\u00e9grisme et je vous remercie pour votre soutien et pour votre pr\u00e9sence. \u00a0\u00a0<\/p>\n<p>\u00a0<\/p>\n<p><strong>Ramesh Sepehrad<\/strong><\/p>\n<p>De l\u2019Universit\u00e9 George Mason \u2013 \u00c9tats-Unis<\/p>\n<p>Extraits de l\u2019intervention \u00e0 la Conf\u00e9rence des femmes &#8211; Paris<\/p>\n<p><strong>\u00a0<img decoding=\"async\" class=\" alignleft size-full wp-image-5710 lazyload\" style=\"float: left; margin: 10px;\" src=\"data:image\/gif;base64,R0lGODlhAQABAIAAAAAAAP\/\/\/yH5BAEAAAAALAAAAAABAAEAAAIBRAA7\" data-src=\"https:\/\/wncri.org\/fr\/\/wp-content\/uploads\/2018\/02\/images_vangad_IWD2018_Ramesh_Sepehrad.jpg\" width=\"300\" height=\"195\" \/><noscript><img decoding=\"async\" class=\" alignleft size-full wp-image-5710 lazyload\" style=\"float: left; margin: 10px;\" src=\"https:\/\/wncri.org\/fr\/\/wp-content\/uploads\/2018\/02\/images_vangad_IWD2018_Ramesh_Sepehrad.jpg\" width=\"300\" height=\"195\" \/><\/noscript><\/strong><\/p>\n<p>Cela fait des ann\u00e9es que nous nous rassemblons \u00e0 l\u2019occasion de la Journ\u00e9e internationale de la femme, mais 2018 est d\u00e9cid\u00e9ment une ann\u00e9e diff\u00e9rente. Cette ann\u00e9e et dans cette salle, nous sommes toutes conduites par la force motrice des r\u00e9centes r\u00e9voltes en Iran.<\/p>\n<p>Ces r\u00e9voltes ont des racines politiques, sociales et \u00e9conomiques. Elles sont dirig\u00e9es par des jeunes et braves femmes qui crient <em>\u00ab\u00a0\u00e0 bas Khamenei, \u00e0 bas Rouhani\u00a0\u00bb<\/em> dans les rues du pays. Elles crient aussi <em>\u00ab\u00a0r\u00e9formateurs, conservateurs, c\u2019est bien fini le jeu\u00a0\u00bb<\/em>.<\/p>\n<p>Aucun autre pouvoir au monde n\u2019a ex\u00e9cut\u00e9 tant de femmes que celui de l\u2019Iran\u00a0; des femmes musulmanes pour la grande majorit\u00e9.<\/p>\n<p>Aucun autre pouvoir au monde n\u2019a pendu autant de femmes en public.<\/p>\n<p>Aucun autre pouvoir au monde n\u2019a lynch\u00e9 autant de femmes.<\/p>\n<p>Aucun autre pouvoir au monde n\u2019a pas viol\u00e9 syst\u00e9matiquement les prisonni\u00e8res politiques avant de les ex\u00e9cuter.<\/p>\n<p>Aucun autre pouvoir au monde n\u2019a ex\u00e9cut\u00e9 autant de femmes enceintes.<\/p>\n<p>Ce ne sont l\u00e0 que quelques d\u00e9tails de la misogynie qui distingue le r\u00e9gime iranien.<\/p>\n<p>Vous serez peut-\u00eatre amen\u00e9 \u00e0 vous demander pourquoi ce r\u00e9gime a-t-il recours \u00e0 des moyens aussi cruels, aussi violents et destructeurs\u00a0?<\/p>\n<p>La r\u00e9ponse r\u00e9side dans une r\u00e9alit\u00e9 bien simple\u00a0: parce qu\u2019il se trouve face \u00e0 une force de changement\u00a0; les femmes. Et ce sont ces femmes qui vont renverser ce r\u00e9gime.<\/p>\n<p><strong>\u00a0<\/strong><\/p>\n<p><strong>Professeur Rita S\u00fcssmuth<\/strong><\/p>\n<p>Ancienne Pr\u00e9sidente du Bundestag (Parlement f\u00e9d\u00e9ral) allemand (1988-1998)<\/p>\n<p>\u00c9lue femme de l\u2019ann\u00e9e en 1987<\/p>\n<p>Extraits de l\u2019intervention \u00e0 la Conf\u00e9rence des femmes &#8211; Paris<\/p>\n<p><strong><img decoding=\"async\" class=\" alignleft size-full wp-image-5711 lazyload\" style=\"float: left; margin: 10px;\" src=\"data:image\/gif;base64,R0lGODlhAQABAIAAAAAAAP\/\/\/yH5BAEAAAAALAAAAAABAAEAAAIBRAA7\" data-src=\"https:\/\/wncri.org\/fr\/\/wp-content\/uploads\/2018\/02\/images_vangad_IWD2018_Rita_Sussmuth.jpg\" width=\"300\" height=\"195\" \/><noscript><img decoding=\"async\" class=\" alignleft size-full wp-image-5711 lazyload\" style=\"float: left; margin: 10px;\" src=\"https:\/\/wncri.org\/fr\/\/wp-content\/uploads\/2018\/02\/images_vangad_IWD2018_Rita_Sussmuth.jpg\" width=\"300\" height=\"195\" \/><\/noscript>\u00a0<\/strong><\/p>\n<p>Les \u00e9v\u00e8nements qui se d\u00e9roulent en Iran prouvent que tous ceux qui ont \u00e9t\u00e9 tortur\u00e9s ou tu\u00e9s pendant tant d\u2019ann\u00e9es n\u2019ont pas \u00e9t\u00e9 oubli\u00e9s. Nous sommes reconnaissants pour toutes ces femmes et hommes qui r\u00e9clamaient la libert\u00e9, la libert\u00e9 d\u2019expression et la libert\u00e9 de leur mode de vie.<\/p>\n<p>Je suis tr\u00e8s heureuse que nous sommes ici aux c\u00f4t\u00e9s de Mme Radjavi. On se sent perdu quand il n\u2019y a personne pour nous guider. J\u2019esp\u00e8re que leadership f\u00e9minin d\u2019aujourd&#8217;hui prendra une orientation diff\u00e9rente de celui des hommes.<\/p>\n<p>On a toujours reproch\u00e9 aux femmes d\u2019\u00eatre incapables de diriger le monde, de manquer de cr\u00e9ativit\u00e9 et d\u2019\u00eatre incapables d\u2019amener la paix. Mais maintenant nous pouvons voir que les femmes sont capables de r\u00e9aliser tout cela. Nous avons un besoin commun de travailler ensemble pour la paix, la libert\u00e9 et la confiance dans le potentiel humain.<\/p>\n<p>Je suis persuad\u00e9e qu\u2019ensemble nous sommes tr\u00e8s forts. Nous avons la capacit\u00e9, la cr\u00e9ativit\u00e9 et la comp\u00e9tence, non pas pour engendrer des assassinats et des guerres, mais pour la vie. Nous devons enseigner tout le monde sur la n\u00e9cessit\u00e9 d\u2019un changement, non seulement en Iran, mais dans le monde entier.<\/p>\n<p>En tant qu\u2019une femme europ\u00e9enne, une femme allemande, j\u2019esp\u00e8re que nous d\u00e9velopperons plus de sympathie envers tous les r\u00e9fugi\u00e9s. Nous pouvons faire plus. Nous devons avoir un nouvel \u00e9lan de solidarit\u00e9.<\/p>\n<p>Nous avons besoin de l\u2019abolition de toutes les discriminations, de la disparition de toutes les violences. J\u2019esp\u00e8re qu\u2019aujourd&#8217;hui, nous auront un nouveau d\u00e9part. Il faut travailler ensemble, se battre ensemble. C\u2019est ensemble que nous sommes forts.<\/p>\n<p>\u00a0<\/p>\n<p>\u00a0<\/p>\n<p><strong>Professeur<\/strong> <strong>Rashida Manjoo<\/strong><\/p>\n<p>Ancien Rapporteur sp\u00e9cial des Nations Unies sur la violence contre les femmes (juin 2009-juillet 2015)<\/p>\n<p>Professeur de droit public \u00e0 l\u2019Universit\u00e9 de Cape Town, South Africa<\/p>\n<p>Ancien commissaire parlementaire \u00e0 la Commission sur l\u2019\u00e9galit\u00e9 des sexes en Afrique du Sud<\/p>\n<p>Boursier de Eleanor Roosevelt pour le programme des droits de l\u2019homme \u00e0 Harvard Law School<\/p>\n<p>Extraits de l\u2019intervention \u00e0 la Conf\u00e9rence des femmes &#8211; Paris\u00a0<\/p>\n<p>\u00a0<img decoding=\"async\" class=\" alignleft size-full wp-image-5712 lazyload\" style=\"float: left; margin: 10px;\" src=\"data:image\/gif;base64,R0lGODlhAQABAIAAAAAAAP\/\/\/yH5BAEAAAAALAAAAAABAAEAAAIBRAA7\" data-src=\"https:\/\/wncri.org\/fr\/\/wp-content\/uploads\/2018\/02\/images_vangad_IWD2018_Rashida_Manjoo.jpg\" width=\"300\" height=\"195\" \/><noscript><img decoding=\"async\" class=\" alignleft size-full wp-image-5712 lazyload\" style=\"float: left; margin: 10px;\" src=\"https:\/\/wncri.org\/fr\/\/wp-content\/uploads\/2018\/02\/images_vangad_IWD2018_Rashida_Manjoo.jpg\" width=\"300\" height=\"195\" \/><\/noscript><\/p>\n<p>Les militants politiques sont arr\u00eat\u00e9s pour un certain nombre de raisons, y compris leur affiliation aux groupes d\u2019opposition, aux minorit\u00e9s religieuses et \u00e0 la profession du journalisme.<\/p>\n<p>Les prisonni\u00e8res sont soumises \u00e0 diverses formes de violence en d\u00e9tention.<\/p>\n<p>L\u2019isolement des femmes est une autre du mauvais traitement dont elles sont victimes.<\/p>\n<p>Les d\u00e9tentions et les arrestations arbitraires sont largement pratiqu\u00e9es en Iran contre les femmes.<\/p>\n<p>Chacun a le droit \u00e0 la vie, \u00e0 la libert\u00e9 et \u00e0 la s\u00e9curit\u00e9 de la personne.<\/p>\n<p>Personne ne doit subir la s\u00e9questration et la d\u00e9tention arbitraire.<\/p>\n<p>Le droit international pr\u00e9voit que tous les d\u00e9tenus doivent \u00eatre trait\u00e9s avec dignit\u00e9 et respect. Malheureusement, ce n\u2019est pas le cas des femmes emprisonn\u00e9es en Iran.<\/p>\n<p>Le silence et la complicit\u00e9 de la communaut\u00e9 internationale favorise la poursuite de ces pratiques.<\/p>\n<p>\u00a0<\/p>\n<p>\u00a0<\/p>\n<p><strong>Aude de Thuin<\/strong><\/p>\n<p>Fondatrice de \u00ab Women\u2019s Forum \u00bb &#8211; France<\/p>\n<p>Extraits de l\u2019intervention \u00e0 la Conf\u00e9rence des femmes &#8211; Paris<\/p>\n<p><strong>\u00a0<img decoding=\"async\" class=\" alignleft size-full wp-image-5713 lazyload\" style=\"float: left; margin: 10px;\" src=\"data:image\/gif;base64,R0lGODlhAQABAIAAAAAAAP\/\/\/yH5BAEAAAAALAAAAAABAAEAAAIBRAA7\" data-src=\"https:\/\/wncri.org\/fr\/\/wp-content\/uploads\/2018\/02\/images_vangad_IWD2018_Aude_de_Thuin.jpg\" width=\"300\" height=\"195\" \/><noscript><img decoding=\"async\" class=\" alignleft size-full wp-image-5713 lazyload\" style=\"float: left; margin: 10px;\" src=\"https:\/\/wncri.org\/fr\/\/wp-content\/uploads\/2018\/02\/images_vangad_IWD2018_Aude_de_Thuin.jpg\" width=\"300\" height=\"195\" \/><\/noscript><\/strong><\/p>\n<p>Je vois des femmes victimes dans plusieurs pays du monde et en Iran, en particulier.<\/p>\n<p>Les femmes qui se r\u00e9voltent, qui ne baissent pas les bras sont de plus en plus nombreuses \u00e0 leurs risques et p\u00e9rils, et elles le savent. Elles savent les risques qu&#8217;elles prennent. Mais comme elles sont pour la libert\u00e9, la leur est celle de leur pays, elles franchissent tous les obstacles.<\/p>\n<p>Elles ont os\u00e9 d\u00e9fier le pouvoir. Elles ont mis leur vie en p\u00e9ril. Et la presse occidentale n&#8217;en parle pas. La presse se contente de dire que les femmes osent enlever leur voile, sans parler de leur r\u00f4le r\u00e9el et de leur participation au soul\u00e8vement.<\/p>\n<p>Il est temps que le monde sache que les femmes iraniennes sont des actrices majeures pour la libert\u00e9. Il faut les admirer pour leur courage, il faut les soutenir, il faut les entendre. C&#8217;est pour cela que je suis ici aujourd&#8217;hui, pour la libert\u00e9 des femmes iraniennes, pour la libert\u00e9 d&#8217;expression, pour la libert\u00e9 de leurs droits.<\/p>\n<p>Les femmes iraniennes sont courageuses, nous devons les admirer, les encourager, les entendre et la presse doit comprendre le r\u00f4le fondamental qu&#8217;elles jouent pour un Iran libre. Nous ne devons pas les laisser seules dans leur combat.<\/p>\n<p>Je fais partie de ces femmes qui pensent qu&#8217;un monde sans femmes libres et \u00e9gales aux hommes n&#8217;est pas un monde bien. Je voudrais aussi finir par ceci : N&#8217;oublions jamais que nous sommes 50 % de la population mais \u00e9galement les m\u00e8res des 50% autres.<\/p>\n<p>Faisons tout pour que ce si\u00e8cle soit le si\u00e8cle pour les femmes et pour les iraniennes.<\/p>\n<p>\u00a0<\/p>\n<p><strong>Rama Yade<\/strong><\/p>\n<p>Ex-secr\u00e9taire d&#8217;\u00c9tat charg\u00e9e des Affaires \u00e9trang\u00e8res et des Droits de l&#8217;homme\u00a0&#8211; France<\/p>\n<p>Extraits de l\u2019intervention \u00e0 la Conf\u00e9rence des femmes &#8211; Paris\u00a0<\/p>\n<p>\u00a0<img decoding=\"async\" class=\" alignleft size-full wp-image-5714 lazyload\" style=\"float: left; margin: 10px;\" src=\"data:image\/gif;base64,R0lGODlhAQABAIAAAAAAAP\/\/\/yH5BAEAAAAALAAAAAABAAEAAAIBRAA7\" data-src=\"https:\/\/wncri.org\/fr\/\/wp-content\/uploads\/2018\/02\/images_vangad_IWD2018_Rama_Yade.jpg\" width=\"300\" height=\"195\" \/><noscript><img decoding=\"async\" class=\" alignleft size-full wp-image-5714 lazyload\" style=\"float: left; margin: 10px;\" src=\"https:\/\/wncri.org\/fr\/\/wp-content\/uploads\/2018\/02\/images_vangad_IWD2018_Rama_Yade.jpg\" width=\"300\" height=\"195\" \/><\/noscript><\/p>\n<p>Le monde se souviendra que loin d&#8217;\u00eatre un feu de paille, cette r\u00e9volution est profonde. Le monde se souviendra qu\u2019elle fut dirig\u00e9e par des femmes, par des \u00e9pouses, par des m\u00e8res, par des s\u0153urs. Le monde se souviendra que connues ou inconnues, elles auront \u00e9t\u00e9 le fer de lance, l&#8217;inspiration, le guide, le moteur du r\u00e9veil iranien. Le monde se souviendra que leur h\u00e9ro\u00efsme sacrifi\u00e9 ne sera pas vain.<\/p>\n<p>\u00a0Vous avez bris\u00e9 les silences. Vous avez cass\u00e9 l&#8217;indiff\u00e9rence des l\u00e2ches. Vous avez \u00e9lev\u00e9 le mot de justice. Vous avez magnifi\u00e9 l&#8217;engagement. Vous vous \u00eates \u00e9lev\u00e9 au-dessus de votre condition humaine pour la sublimer dans l&#8217;h\u00e9ro\u00efsme des combattants pour la libert\u00e9. Vous avez commis un acte de foi d&#8217;une incroyable puissance. Vous avez \u00e9crit une page de l&#8217;histoire de l\u2019Iran.<\/p>\n<p>L&#8217;anthropologue Margaret Mead disait, \u00ab Ne doutez jamais qu&#8217;un petit groupe d&#8217;individus conscient et engag\u00e9 puisse changer le monde. \u00bb<\/p>\n<p>Oui, nous qui sommes vos soutiens fid\u00e8les acharn\u00e9 n&#8217;avons jamais \u00e9t\u00e9 aussi fiers d&#8217;\u00eatre \u00e0 vos c\u00f4t\u00e9s.<\/p>\n<p>C&#8217;est pour la libert\u00e9 que les iraniens se sont lev\u00e9s, c&#8217;est pour leurs droits fondamentaux qu\u2019ils se sont soulev\u00e9s, c&#8217;est contre les ex\u00e9cutions de masse, contre la torture, l&#8217;arbitraire qu&#8217;ils ont risqu\u00e9 leur vie, c&#8217;est pour l&#8217;\u00e9galit\u00e9 des droits des femmes qu\u2019ils ont cri\u00e9, c&#8217;est un changement de r\u00e9gime qu&#8217;ils r\u00e9clament, plus rien ne sera comme avant. Mais une condition n\u00e9anmoins, un devoir, une responsabilit\u00e9, plus que jamais : rester aux c\u00f4t\u00e9s du peuple iranien, leur faire sentir notre soutien.<\/p>\n<p>Ne nous y trompons pas : ce combat ne se limitera pas \u00e0 l\u2019Iran, c&#8217;est une lutte pour l&#8217;histoire, pour le monde, pour la vie, pour la libert\u00e9. C&#8217;est notre libert\u00e9 \u00e0 tous qui se joue \u00e0 T\u00e9h\u00e9ran, c&#8217;est notre s\u00e9curit\u00e9 \u00e0 tous qui se joue aussi.<\/p>\n<p>\u00a0<\/p>\n<p><strong>Dr. Ranjana Kumari <\/strong><\/p>\n<p>Directrice du Centre de Recherches sociales \u2013 Inde<\/p>\n<p>Pr\u00e9sidente de <em>\u201cWomen Power Connect\u201d\u00a0 <\/em><\/p>\n<p>Membre de <em>\u201cFacebook International Safety Advisory Board\u201d<\/em> et de <em>\u201cTwitter Trust and Safety Council\u201d<\/em><\/p>\n<p>Extraits de l\u2019intervention \u00e0 la Conf\u00e9rence des femmes &#8211; Paris<\/p>\n<p>\u00a0<img decoding=\"async\" class=\" alignleft size-full wp-image-5715 lazyload\" style=\"float: left; margin: 10px;\" src=\"data:image\/gif;base64,R0lGODlhAQABAIAAAAAAAP\/\/\/yH5BAEAAAAALAAAAAABAAEAAAIBRAA7\" data-src=\"https:\/\/wncri.org\/fr\/\/wp-content\/uploads\/2018\/02\/images_vangad_IWD2018_Ranjana_Kumari.jpg\" width=\"300\" height=\"195\" \/><noscript><img decoding=\"async\" class=\" alignleft size-full wp-image-5715 lazyload\" style=\"float: left; margin: 10px;\" src=\"https:\/\/wncri.org\/fr\/\/wp-content\/uploads\/2018\/02\/images_vangad_IWD2018_Ranjana_Kumari.jpg\" width=\"300\" height=\"195\" \/><\/noscript><\/p>\n<p>Je vous remercie de m\u2019avoir invit\u00e9 \u00e0 cet \u00e9v\u00e8nement, surtout qu\u2019il y a de bonnes nouvelles sur le combat des femmes courageuses d\u2019Iran pour la libert\u00e9. Nous allons aussi nous battre avec Mme Radjavi.<\/p>\n<p>Quand nous avons vu les images de ces braves femmes et hommes dans les rues de l\u2019Iran, nous avons senti que la libert\u00e9 est l\u00e0. Ils ne vont pas revenir en arri\u00e8re.<\/p>\n<p>47 millions de femmes iraniennes, d\u2019hommes et d\u2019adolescents sont sur les r\u00e9seaux sociaux. Les r\u00e9seaux sociaux sont tr\u00e8s efficaces. Les jeunes Iraniens utilisent les r\u00e9seaux sociaux avec efficacit\u00e9 pour r\u00e9aliser le printemps iranien.<\/p>\n<p>Nous allons rester avec vous avec votre courageux combat jusqu&#8217;\u00e0 la victoire.<\/p>\n<p>Ce qui importe le plus, c\u2019est que c\u2019est un mouvement pour la libert\u00e9 et contre toutes les formes de discrimination. Les forces int\u00e9gristes et misogynes vont \u00eatre d\u00e9faits par les femmes.<\/p>\n<p>\u00a0<\/p>\n<p>\u00a0<\/p>\n<p><strong>Baronne Sandip Veerma<\/strong><\/p>\n<p>Membre de la Chambre des Lords &#8211; GB<\/p>\n<p>Ancien ministre du d\u00e9veloppement International jusqu\u2019en 2016<\/p>\n<p>Extraits de l\u2019intervention \u00e0 la Conf\u00e9rence des femmes &#8211; Paris\u00a0<\/p>\n<p>\u00a0<img decoding=\"async\" class=\" alignleft size-full wp-image-5716 lazyload\" style=\"float: left; margin: 10px;\" src=\"data:image\/gif;base64,R0lGODlhAQABAIAAAAAAAP\/\/\/yH5BAEAAAAALAAAAAABAAEAAAIBRAA7\" data-src=\"https:\/\/wncri.org\/fr\/\/wp-content\/uploads\/2018\/02\/images_vangad_IWD2018_Baroness_Sandip_Veerma.jpg\" width=\"300\" height=\"195\" \/><noscript><img decoding=\"async\" class=\" alignleft size-full wp-image-5716 lazyload\" style=\"float: left; margin: 10px;\" src=\"https:\/\/wncri.org\/fr\/\/wp-content\/uploads\/2018\/02\/images_vangad_IWD2018_Baroness_Sandip_Veerma.jpg\" width=\"300\" height=\"195\" \/><\/noscript><\/p>\n<p>Les personnes qui se sont soulev\u00e9es avec vous, ont la foi en ce pourquoi vous vous battez et en ce \u00e0 quoi vous appelez.<\/p>\n<p>Demandons \u00e0 nos gouvernements des actions concr\u00e8tes pour protester contre ce qui se d\u00e9roule en Iran.<\/p>\n<p>Les crit\u00e8res de violations des droits de l\u2019homme sont les m\u00eames dans tous les pays.<\/p>\n<p>La libert\u00e9 de l\u2019expression est le droit de chaque individu sur cette plan\u00e8te.<\/p>\n<p>Ce combat ne se limite pas \u00e0 un petit groupe, il est pour tous ceux qui m\u00e9ritent de jouir des droits de l\u2019homme.<\/p>\n<p>Nous avons un engagement aux c\u00f4t\u00e9s de vous de nous pr\u00e9occuper de ce qui se passe dans les prisons iraniennes, de nous pr\u00e9occuper des personnes qui ont disparu.<\/p>\n<p>Le changement social et \u00e9conomique ne se r\u00e9alisera que quand les femmes auront un r\u00f4le dans le leadership.<\/p>\n<p>Une seule Mme Radjavi ne suffit pas, il nous en faut des millions. Nous avons besoin de beaucoup de voix pour un monde qui libre, sans oppression ni r\u00e9pression.<\/p>\n<p>Il est de notre devoir de contester les politiques o\u00f9 que nous soyons.<\/p>\n<p>Les femmes et hommes libres d\u2019Iran attendent de nous de se lever avec eux.<\/p>\n<p>\u00a0<\/p>\n<p>\u00a0<\/p>\n<p><strong>Hoda Badran <\/strong><\/p>\n<p>Pr\u00e9sidente de l\u2019Alliance des femmes arabes (AAW) \u2013 Egypte<\/p>\n<p>Pr\u00e9sidente de la Ligue des femmes arabes<\/p>\n<p>Extraits de l\u2019intervention \u00e0 la Conf\u00e9rence des femmes &#8211; Paris<\/p>\n<p>\u00a0<img decoding=\"async\" class=\" alignleft size-full wp-image-5717 lazyload\" style=\"float: left; margin: 10px;\" src=\"data:image\/gif;base64,R0lGODlhAQABAIAAAAAAAP\/\/\/yH5BAEAAAAALAAAAAABAAEAAAIBRAA7\" data-src=\"https:\/\/wncri.org\/fr\/\/wp-content\/uploads\/2018\/02\/images_vangad_IWD2018_Hoda_Badran.jpg\" width=\"300\" height=\"195\" \/><noscript><img decoding=\"async\" class=\" alignleft size-full wp-image-5717 lazyload\" style=\"float: left; margin: 10px;\" src=\"https:\/\/wncri.org\/fr\/\/wp-content\/uploads\/2018\/02\/images_vangad_IWD2018_Hoda_Badran.jpg\" width=\"300\" height=\"195\" \/><\/noscript><\/p>\n<p>Dans les r\u00e9voltes de 2009 qui ont dur\u00e9 six mois en Iran, les femmes ont manifest\u00e9 leur aspiration \u00e0 la libert\u00e9. \u00a0Les femmes ont toujours \u00e9t\u00e9 \u00e0 l\u2019avant-garde de ce combat.<\/p>\n<p>Aujourd&#8217;hui, nous constatons encore dans cette nouvelle r\u00e9volte, que les femmes ont \u00e9t\u00e9 tr\u00e8s courageuses. Elles tenaient t\u00eate contre la police et encourageaient les autres \u00e0 ne pas avoir peur et \u00e0 se mettre \u00e0 leurs c\u00f4t\u00e9s.<\/p>\n<p>La misogynie est l\u2019une des caract\u00e9ristiques de l\u2019int\u00e9grisme islamique. La lutte des femmes iraniennes aux c\u00f4t\u00e9s des militantes de l\u2019Organisation des Moudjahidine du peuple d\u2019Iran qui est la force d\u2019avant-garde de ce combat, cible le principal foyer de l\u2019int\u00e9grisme islamique qu\u2019est le r\u00e9gime cl\u00e9rical en Iran. Le renversement de la th\u00e9ocratie en Iran constituera un grand acquis pour toute la r\u00e9gion d\u2019une mani\u00e8re g\u00e9n\u00e9rale, pour les femmes en particulier.<\/p>\n<p>Soutenir le soul\u00e8vement du peuple iranien et d\u00e9fendre les femmes iraniennes dans cet acheminement est un devoir moral et une \u00e9tape incontournable dans la lutte contre l\u2019int\u00e9grisme islamique.<\/p>\n<p>\u00a0<\/p>\n<p>\u00a0<\/p>\n<p><strong>Linda Chavez<\/strong><\/p>\n<p>\u00c9crivaine am\u00e9ricain, animateur de talk-show radio, commentatrice et chroniqueuse du mouvement syndical,<\/p>\n<p>Pr\u00e9sidente du Centre pour l\u2019\u00e9galit\u00e9 des chances &#8211; USA<\/p>\n<p>Plus haut classement femme \u00e0 la maison blanche du Pr\u00e9sident Reagan<\/p>\n<p>Extraits de l\u2019intervention \u00e0 la Conf\u00e9rence des femmes &#8211; Paris<\/p>\n<p>\u00a0<img decoding=\"async\" class=\" alignleft size-full wp-image-5718 lazyload\" style=\"float: left; margin: 10px;\" src=\"data:image\/gif;base64,R0lGODlhAQABAIAAAAAAAP\/\/\/yH5BAEAAAAALAAAAAABAAEAAAIBRAA7\" data-src=\"https:\/\/wncri.org\/fr\/\/wp-content\/uploads\/2018\/02\/images_vangad_IWD2018_Linda_Chavez.jpg\" width=\"300\" height=\"195\" \/><noscript><img decoding=\"async\" class=\" alignleft size-full wp-image-5718 lazyload\" style=\"float: left; margin: 10px;\" src=\"https:\/\/wncri.org\/fr\/\/wp-content\/uploads\/2018\/02\/images_vangad_IWD2018_Linda_Chavez.jpg\" width=\"300\" height=\"195\" \/><\/noscript><\/p>\n<p>Vous ne pouvez pas r\u00e9former un r\u00e9gime totalitaire qui contr\u00f4le tout.<\/p>\n<p>Par leur soul\u00e8vement, le peuple iranien dit assez est assez. Nous ne voulons pas de r\u00e9forme. Nous voulons un changement de r\u00e9gime. Mort \u00e0 Khamenei.<\/p>\n<p>Il doit y avoir quelque chose pour remplacer un dictateur mal avec. En Iran, nous avons Mme Radjavi pour remplacer la dictature en Iran et apporter la libert\u00e9 aux gens.<\/p>\n<p>Il n\u2019est pas une question de la personne, mais les principes qu\u2019elle repr\u00e9sente.<\/p>\n<p>S\u00e9paration de la religion et l\u2019Etat, ind\u00e9pendance du pouvoir judiciaire, participation \u00e9gale des femmes en mati\u00e8re de leadership.<\/p>\n<p>Lorsque la moiti\u00e9 de la population est priv\u00e9e de libert\u00e9, personne ne dispose de la libert\u00e9.<\/p>\n<p>Mouvement de Mme Radjavi est le moteur du changement.<\/p>\n<p><strong>\u00a0<\/strong><\/p>\n<p><strong>\u00a0<\/strong><\/p>\n<p><strong>Najat Al-Astal<\/strong><\/p>\n<p>D\u00e9put\u00e9e f\u00e9d\u00e9ral &#8211; Palestine<\/p>\n<p>Extraits de l\u2019intervention \u00e0 la Conf\u00e9rence des femmes &#8211; Paris<strong>\u00a0<\/strong><\/p>\n<p><strong><img decoding=\"async\" class=\" alignleft size-full wp-image-5719 lazyload\" style=\"float: left; margin: 10px;\" src=\"data:image\/gif;base64,R0lGODlhAQABAIAAAAAAAP\/\/\/yH5BAEAAAAALAAAAAABAAEAAAIBRAA7\" data-src=\"https:\/\/wncri.org\/fr\/\/wp-content\/uploads\/2018\/02\/images_vangad_IWD2018_Najat_Al_Asttal.jpg\" width=\"300\" height=\"195\" \/><noscript><img decoding=\"async\" class=\" alignleft size-full wp-image-5719 lazyload\" style=\"float: left; margin: 10px;\" src=\"https:\/\/wncri.org\/fr\/\/wp-content\/uploads\/2018\/02\/images_vangad_IWD2018_Najat_Al_Asttal.jpg\" width=\"300\" height=\"195\" \/><\/noscript><\/strong><\/p>\n<p>Nous sommes fi\u00e8res d\u2019\u00eatre aux c\u00f4t\u00e9s de la r\u00e9sistance iranienne.<\/p>\n<p>Nous saluons votre combat pour la d\u00e9mocratie et la dignit\u00e9.<\/p>\n<p>La r\u00e9volution des femmes iraniennes et leur pugnacit\u00e9 signifie qu\u2019elles se sont soulev\u00e9es pour la d\u00e9mocratie et qu\u2019elles r\u00e9clament leurs droits et ceux de leur peuple.<\/p>\n<p><strong>\u00a0<\/strong><\/p>\n<p><strong>\u00a0<\/strong><\/p>\n<\/p>\n<\/p>\n<p><strong>Maria Candida Almeida <\/strong><\/p>\n<p>Sous-procureur g\u00e9n\u00e9ral &#8211; Portugal<\/p>\n<p>Ex-procureur g\u00e9n\u00e9ral jusqu\u2019en 2015<\/p>\n<p>Extraits de l\u2019intervention \u00e0 la Conf\u00e9rence des femmes &#8211; Paris<\/p>\n<p><strong>\u00a0<img decoding=\"async\" class=\" alignleft size-full wp-image-5720 lazyload\" style=\"float: left; margin: 10px;\" src=\"data:image\/gif;base64,R0lGODlhAQABAIAAAAAAAP\/\/\/yH5BAEAAAAALAAAAAABAAEAAAIBRAA7\" data-src=\"https:\/\/wncri.org\/fr\/\/wp-content\/uploads\/2018\/02\/images_vangad_IWD2018_Maria_Candida_Almeida.jpg\" width=\"300\" height=\"195\" \/><noscript><img decoding=\"async\" class=\" alignleft size-full wp-image-5720 lazyload\" style=\"float: left; margin: 10px;\" src=\"https:\/\/wncri.org\/fr\/\/wp-content\/uploads\/2018\/02\/images_vangad_IWD2018_Maria_Candida_Almeida.jpg\" width=\"300\" height=\"195\" \/><\/noscript><\/strong><\/p>\n<p>Je salue les femmes iraniennes qui combattent pour la libert\u00e9 et la d\u00e9mocratie.<\/p>\n<p>Les discriminations sexuelles s\u2019amplifient chaque ann\u00e9e sous le r\u00e9gime iranien. C\u2019est pourquoi les gens sont descendus dans les rue et disent qu\u2019ils continueront jusqu\u2019au jour o\u00f9 l\u2019Iran recouvrira la libert\u00e9.<\/p>\n<p>8 000 personnes ont \u00e9t\u00e9 arr\u00eat\u00e9es en Iran, dont beaucoup de femmes.<\/p>\n<p>Vous aurez la libert\u00e9 et la d\u00e9mocratie pour votre pays, parce que les femmes sont courageuses.<\/p>\n<p>Je vous remercie Mme Radjavi, pour le leadership de ce mouvement et pour n\u2019avoir jamais c\u00e9d\u00e9. Les femmes ont appris de vous. Votre d\u00e9termination \u00e9tait visible lors des r\u00e9centes manifestations.<\/p>\n<p>Rien n\u2019arr\u00eatera d\u00e9sormais les femmes iraniennes, qui ont un r\u00f4le actif dans ce mouvement.<\/p>\n<p>Je m\u2019adresse aux femmes d\u2019Iran pour leur dire que nous sommes \u00e0 vos c\u00f4t\u00e9s pour recouvrir la libert\u00e9 et la d\u00e9mocratie. Nous serons votre voix dans les organisations internationales.<\/p>\n<p>Le jour viendra o\u00f9 le peuple iranien sera libre et o\u00f9 il y aura une justice pour tous ceux qui ont \u00e9t\u00e9 maltrait\u00e9s et abus\u00e9s.<\/p>\n<p><strong>\u00a0<\/strong><\/p>\n<p><strong>\u00a0<\/strong><\/p>\n<p><strong>Maria Elena Elverdin<\/strong><\/p>\n<p>Pr\u00e9sidente de la F\u00e9d\u00e9ration internationale des femmes dans la carri\u00e8re juridique (FIFCJ) &#8211; Argentine<\/p>\n<p>Extraits de l\u2019intervention \u00e0 la Conf\u00e9rence des femmes &#8211; Paris<\/p>\n<p><strong>\u00a0<img decoding=\"async\" class=\" alignleft size-full wp-image-5721 lazyload\" style=\"float: left; margin: 10px;\" src=\"data:image\/gif;base64,R0lGODlhAQABAIAAAAAAAP\/\/\/yH5BAEAAAAALAAAAAABAAEAAAIBRAA7\" data-src=\"https:\/\/wncri.org\/fr\/\/wp-content\/uploads\/2018\/02\/images_vangad_IWD2018_Maria_Elena_Elverdin.jpg\" width=\"300\" height=\"195\" \/><noscript><img decoding=\"async\" class=\" alignleft size-full wp-image-5721 lazyload\" style=\"float: left; margin: 10px;\" src=\"https:\/\/wncri.org\/fr\/\/wp-content\/uploads\/2018\/02\/images_vangad_IWD2018_Maria_Elena_Elverdin.jpg\" width=\"300\" height=\"195\" \/><\/noscript><\/strong><\/p>\n<p>Je salue les femmes en Iran, ainsi que Mme Maryam Radjavi.<\/p>\n<p>Comment pourrait-on justifier le silence de la communaut\u00e9 internationale, dont celui de l\u2019Argentine\u00a0?<\/p>\n<p>En tant qu\u2019une femme, en tant qu\u2019avocate, je souhaite la victoire de la justice.<\/p>\n<p>Je veux que les femmes iraniennes sachent que nous entendons leurs cris. Nous sommes conscients que cette g\u00e9n\u00e9ration de jeunes a embras\u00e9 les flammes de la libert\u00e9.<\/p>\n<p>Le compte \u00e0 rebours a commenc\u00e9 pour le r\u00e9gime.<\/p>\n<p>Je m\u2019unis \u00e0 la r\u00e9sistance iranienne dans sa lutte contre ce r\u00e9gime misogyne.<\/p>\n<p>La F\u00e9d\u00e9ration internationale des femmes dans la carri\u00e8re juridique vous soutient, Mme Radjavi.<\/p>\n<p><strong>\u00a0<\/strong><\/p>\n<p><strong>\u00a0<\/strong><\/p>\n<p><strong>Susana Medina <\/strong><\/p>\n<p>Juge \u00e0 la Haute Cour de Justice de la province d\u2019Entre Rios (2004 &#8211; pr\u00e9sent) -Argentine<\/p>\n<p>Pr\u00e9sidente de l\u2019Association internationale des femmes juges (AIFJ)<\/p>\n<p>Pr\u00e9sidente de l\u2019Association de femmes juges d\u2019Argentine (AFJA)<\/p>\n<p>Extraits de l\u2019intervention \u00e0 la Conf\u00e9rence des femmes \u2013 Paris<\/p>\n<p>\u00a0<img decoding=\"async\" class=\" alignleft size-full wp-image-5722 lazyload\" style=\"float: left; margin: 10px;\" src=\"data:image\/gif;base64,R0lGODlhAQABAIAAAAAAAP\/\/\/yH5BAEAAAAALAAAAAABAAEAAAIBRAA7\" data-src=\"https:\/\/wncri.org\/fr\/\/wp-content\/uploads\/2018\/02\/images_vangad_IWD2018_Susana_Medina.jpg\" width=\"300\" height=\"195\" \/><noscript><img decoding=\"async\" class=\" alignleft size-full wp-image-5722 lazyload\" style=\"float: left; margin: 10px;\" src=\"https:\/\/wncri.org\/fr\/\/wp-content\/uploads\/2018\/02\/images_vangad_IWD2018_Susana_Medina.jpg\" width=\"300\" height=\"195\" \/><\/noscript><\/p>\n<p>J\u2019exprime ma solidarit\u00e9 avec les femmes courageuses d\u2019Iran.<\/p>\n<p>Nous devons tisser des liens dans le monde entier en vue d\u2019informer et de se solidariser contre l\u2019injustice en Iran. Nous ne pouvons pas admettre la violation des droits des femmes en Iran.<\/p>\n<p>Nous sommes l\u00e0 pour vous soutenir. Le monde doit vous prot\u00e9ger. Le monde devrait soutenir le combat des femmes iraniennes et le mouvement de Mme Radjavi.<\/p>\n<p>\u00a0<\/p>\n<p><strong>\u00a0<\/strong><\/p>\n<\/p>\n<p><strong>Anissa Boumediene<\/strong><\/p>\n<p>Ancienne Premi\u00e8re Dame d\u2019Alg\u00e9rie<\/p>\n<p>Extraits de l\u2019intervention \u00e0 la Conf\u00e9rence des femmes &#8211; Paris<strong>\u00a0<\/strong><\/p>\n<p>\u00a0<img decoding=\"async\" class=\" alignleft size-full wp-image-5723 lazyload\" style=\"float: left; margin: 10px;\" src=\"data:image\/gif;base64,R0lGODlhAQABAIAAAAAAAP\/\/\/yH5BAEAAAAALAAAAAABAAEAAAIBRAA7\" data-src=\"https:\/\/wncri.org\/fr\/\/wp-content\/uploads\/2018\/02\/images_vangad_IWD2018_Anissa_Boumediene.jpg\" width=\"300\" height=\"195\" \/><noscript><img decoding=\"async\" class=\" alignleft size-full wp-image-5723 lazyload\" style=\"float: left; margin: 10px;\" src=\"https:\/\/wncri.org\/fr\/\/wp-content\/uploads\/2018\/02\/images_vangad_IWD2018_Anissa_Boumediene.jpg\" width=\"300\" height=\"195\" \/><\/noscript><\/p>\n<p>Aujourd\u2019hui nous saluons la bravoure et l\u2019h\u00e9ro\u00efsme des femmes iraniennes qui combattent les id\u00e9es r\u00e9trogrades. Le directeur politique des gardiens de la r\u00e9volution d\u00e9clarait le 27 janvier dernier que 80% des personnes arr\u00eat\u00e9es avaient moins de 30 ans, et parmi eux, un certain nombre de femmes.<\/p>\n<p>Quel \u00e9chec pour le r\u00e9gime des mollahs\u00a0! Car un tel aveu reconnaissait de mani\u00e8re implicite que les jeunes n\u00e9s \u00e0 l\u2019\u00e9poque de Khomeiny et qui n\u2019avaient connu que ce r\u00e9gime de dictature religieuse, le rejetaient et manifestaient leur ras-le-bol, tout en sachant qu\u2019ils risquaient leur vie ou m\u00eame la prison.<\/p>\n<p>Devant cette r\u00e9volte pour la libert\u00e9 et pour la souverainet\u00e9 populaire, les pays occidentaux ne doivent pas une fois de plus rester aveugles et sourds.<\/p>\n<p>Oui\u00a0! Nous sommes avec vous Maryam, comme nous sommes avec tous nos s\u0153urs iraniennes, dans votre combat acharn\u00e9 qui veut lib\u00e9rer la femme iranienne des cha\u00eenes qui l\u2019emprisonnent.\u00a0<\/p>\n<p><strong>Ingrid Betancourt<\/strong><\/p>\n<p>Ancienne candidate aux \u00e9lections pr\u00e9sidentielles en Colombie<\/p>\n<p>Extraits de l\u2019intervention \u00e0 la Conf\u00e9rence des femmes \u2013 Paris<\/p>\n<p>\u00a0<img decoding=\"async\" class=\" alignleft size-full wp-image-5724 lazyload\" style=\"float: left; margin: 10px;\" src=\"data:image\/gif;base64,R0lGODlhAQABAIAAAAAAAP\/\/\/yH5BAEAAAAALAAAAAABAAEAAAIBRAA7\" data-src=\"https:\/\/wncri.org\/fr\/\/wp-content\/uploads\/2018\/02\/images_vangad_IWD2018_Ingrid_Betancourt.jpg\" width=\"300\" height=\"195\" \/><noscript><img decoding=\"async\" class=\" alignleft size-full wp-image-5724 lazyload\" style=\"float: left; margin: 10px;\" src=\"https:\/\/wncri.org\/fr\/\/wp-content\/uploads\/2018\/02\/images_vangad_IWD2018_Ingrid_Betancourt.jpg\" width=\"300\" height=\"195\" \/><\/noscript><\/p>\n<p>Je vous demande, nous qui sommes ici, femmes et hommes r\u00e9unis, de nous mettre debout, accompagnez \u2013moi, stand up, mettons-nous debout et reproduisons le geste de cette Iranienne qui a le courage de faire face au travers le nuage de gaz lacrymog\u00e8nes, de faire face \u00e0 ses bourreaux en criant \u00ab\u00a0mort au dictateur\u00a0\u00bb, \u00ab\u00a0vive la R\u00e9publique libre d\u2019Iran\u00a0\u00bb, \u00ab\u00a0vive Maryam Radjavi\u00a0\u00bb.<\/p>\n<\/p>\n<\/p>\n<\/p>\n<p><strong>\u00a0<\/strong><\/p>\n<p><strong>\u00a0<\/strong><\/p>\n<p><strong>Prof. Sara Chandler, QC<\/strong><\/p>\n<p>Pr\u00e9sidente de la F\u00e9d\u00e9ration internationale des avocats europ\u00e9ens &#8211; GB<\/p>\n<p>Extraits de l\u2019intervention \u00e0 la Conf\u00e9rence des femmes &#8211; Paris<strong>\u00a0<\/strong><\/p>\n<p>\u00a0<img decoding=\"async\" class=\" alignleft size-full wp-image-5725 lazyload\" style=\"float: left; margin: 10px;\" src=\"data:image\/gif;base64,R0lGODlhAQABAIAAAAAAAP\/\/\/yH5BAEAAAAALAAAAAABAAEAAAIBRAA7\" data-src=\"https:\/\/wncri.org\/fr\/\/wp-content\/uploads\/2018\/02\/images_vangad_IWD2018_Sara_Chandler.jpg\" width=\"300\" height=\"195\" \/><noscript><img decoding=\"async\" class=\" alignleft size-full wp-image-5725 lazyload\" style=\"float: left; margin: 10px;\" src=\"https:\/\/wncri.org\/fr\/\/wp-content\/uploads\/2018\/02\/images_vangad_IWD2018_Sara_Chandler.jpg\" width=\"300\" height=\"195\" \/><\/noscript><\/p>\n<p>C\u2019est un grand honneur pour moi de soutenir les femmes courageuses d\u2019Iran. Par leur contestation pacifique, elles ont soulev\u00e9 notre admiration.<\/p>\n<p>Les autorit\u00e9s du r\u00e9gime iranien ont trop longtemps joui de l\u2019impunit\u00e9.<\/p>\n<p>Les braves femmes et filles d\u2019Iran se trouvent au c\u0153ur de la r\u00e9sistance.<\/p>\n<p>Nous sommes gravement pr\u00e9occup\u00e9s par le manque d\u2019ind\u00e9pendance du pouvoir judiciaire en Iran.<\/p>\n<p>Nous sommes \u00e9galement tr\u00e8s pr\u00e9occup\u00e9s par la s\u00e9curit\u00e9 des Moudjahidine du peuple en Albanie.<\/p>\n<p>Nous exigeons la lib\u00e9ration imm\u00e9diate des prisonniers politiques et de dissidents iraniens.<\/p>\n<p>Nous resterons \u00e0 vos c\u00f4t\u00e9s aussi longtemps que vous en aurez besoin.<\/p>\n<p><strong>\u00a0<\/strong><\/p>\n<p><strong>\u00a0<\/strong><\/p>\n<p><strong>Bozena Kaminska <\/strong><\/p>\n<p>Membre du Parlement &#8211; Pologne<\/p>\n<p>Extraits de l\u2019intervention \u00e0 la Conf\u00e9rence des femmes \u2013 Paris<\/p>\n<p><strong>\u00a0<img decoding=\"async\" class=\" alignleft size-full wp-image-5726 lazyload\" style=\"float: left; margin: 10px;\" src=\"data:image\/gif;base64,R0lGODlhAQABAIAAAAAAAP\/\/\/yH5BAEAAAAALAAAAAABAAEAAAIBRAA7\" data-src=\"https:\/\/wncri.org\/fr\/\/wp-content\/uploads\/2018\/02\/images_vangad_IWD2018_Bozena_Kaminska.jpg\" width=\"300\" height=\"195\" \/><noscript><img decoding=\"async\" class=\" alignleft size-full wp-image-5726 lazyload\" style=\"float: left; margin: 10px;\" src=\"https:\/\/wncri.org\/fr\/\/wp-content\/uploads\/2018\/02\/images_vangad_IWD2018_Bozena_Kaminska.jpg\" width=\"300\" height=\"195\" \/><\/noscript><\/strong><\/p>\n<p>Nous ne devons pas laisser les femmes iraniennes seules dans leur lutte. Nous allons transmettre leur voix.<\/p>\n<p><strong>\u00a0<\/strong><\/p>\n<p><strong>\u00a0<\/strong><\/p>\n<\/p>\n<\/p>\n<p>\u00a0<\/p>\n<\/p>\n<p>\u00a0<\/p>\n<p>\u00a0<\/p>\n<p><strong>Sonia Hornery<\/strong><\/p>\n<p>Membre du Parlement &#8211; Australie<\/p>\n<p>Extraits de l\u2019intervention \u00e0 la Conf\u00e9rence des femmes &#8211; Paris<\/p>\n<p><strong>\u00a0<img decoding=\"async\" class=\" alignleft size-full wp-image-5727 lazyload\" style=\"float: left; margin: 10px;\" src=\"data:image\/gif;base64,R0lGODlhAQABAIAAAAAAAP\/\/\/yH5BAEAAAAALAAAAAABAAEAAAIBRAA7\" data-src=\"https:\/\/wncri.org\/fr\/\/wp-content\/uploads\/2018\/02\/images_vangad_IWD2018_Sonia_Hornery.jpg\" width=\"300\" height=\"195\" \/><noscript><img decoding=\"async\" class=\" alignleft size-full wp-image-5727 lazyload\" style=\"float: left; margin: 10px;\" src=\"https:\/\/wncri.org\/fr\/\/wp-content\/uploads\/2018\/02\/images_vangad_IWD2018_Sonia_Hornery.jpg\" width=\"300\" height=\"195\" \/><\/noscript><\/strong><\/p>\n<p>Nos s\u0153urs iraniennes ont connu une marche arri\u00e8re. Elles ont \u00e9t\u00e9 priv\u00e9es des droits dont elles b\u00e9n\u00e9ficiaient en 1979.<\/p>\n<p>Mais nos s\u0153urs iraniennes sont fortes et courageuses et elles r\u00e9aliseront leurs aspirations \u00e0 la d\u00e9mocratie.<\/p>\n<p>Mme Radjavi, nous esp\u00e9rons que toutes les femmes parviendront \u00e0 l\u2019\u00e9galit\u00e9 des sexes.<\/p>\n<p><strong>\u00a0<\/strong><\/p>\n<p><strong>\u00a0<\/strong><\/p>\n<p><strong>\u00a0<\/strong><\/p>\n<p><strong>\u00a0<\/strong><\/p>\n<\/p>\n<p><strong>Maria Grecea <\/strong><\/p>\n<p>Ancienne membre du Parlement &#8211; Roumanie<\/p>\n<p>Extraits de l\u2019intervention \u00e0 la Conf\u00e9rence des femmes &#8211; Paris de la JIF-Paris, 2018<\/p>\n<p><strong>\u00a0<img decoding=\"async\" class=\" alignleft size-full wp-image-5728 lazyload\" style=\"float: left; margin: 10px;\" src=\"data:image\/gif;base64,R0lGODlhAQABAIAAAAAAAP\/\/\/yH5BAEAAAAALAAAAAABAAEAAAIBRAA7\" data-src=\"https:\/\/wncri.org\/fr\/\/wp-content\/uploads\/2018\/02\/images_vangad_IWD2018_Maria_Crecea.jpg\" width=\"300\" height=\"195\" \/><noscript><img decoding=\"async\" class=\" alignleft size-full wp-image-5728 lazyload\" style=\"float: left; margin: 10px;\" src=\"https:\/\/wncri.org\/fr\/\/wp-content\/uploads\/2018\/02\/images_vangad_IWD2018_Maria_Crecea.jpg\" width=\"300\" height=\"195\" \/><\/noscript><\/strong><\/p>\n<p>Cette ann\u00e9e, plus que jamais, je suis persuad\u00e9e sue les femmes iraniennes r\u00e9aliseront leurs objectifs. \u00a0Le temps du dialogue avec le r\u00e9gime iranien est r\u00e9volu. Le moment est venu pour les gouvernements d\u00e9mocratiques d\u2019imposer des sanctions \u00e0 T\u00e9h\u00e9ran jusqu&#8217;\u00e0 ce qu\u2019il respecte les droits de l\u2019homme pour son peuple.<\/p>\n<p>\u00a0<\/p>\n<\/p>\n<p>\u00a0<\/p>\n<p>\u00a0<\/p>\n<p>\u00a0<\/p>\n<p>\u00a0<\/p>\n<p><strong>Zinat Mir Hashemi<\/strong><\/p>\n<p>Membre du Conseil national de la r\u00e9sistance iranienne (CNRI)<\/p>\n<p>R\u00e9dactrice en chef de la revue <em>Nabard-e Khalq<\/em>, publication de l\u2019Organisation des gu\u00e9rilleros Fedayin du peuple d\u2019Iran (OGFPI)<\/p>\n<p>Extraits de l\u2019intervention \u00e0 la Conf\u00e9rence des femmes \u2013 Paris<\/p>\n<p><strong>\u00a0<img decoding=\"async\" class=\" alignleft size-full wp-image-5729 lazyload\" style=\"float: left; margin: 10px;\" src=\"data:image\/gif;base64,R0lGODlhAQABAIAAAAAAAP\/\/\/yH5BAEAAAAALAAAAAABAAEAAAIBRAA7\" data-src=\"https:\/\/wncri.org\/fr\/\/wp-content\/uploads\/2018\/02\/images_vangad_IWD2018_Zinat_Mir_Hashemi.jpg\" width=\"300\" height=\"195\" \/><noscript><img decoding=\"async\" class=\" alignleft size-full wp-image-5729 lazyload\" style=\"float: left; margin: 10px;\" src=\"https:\/\/wncri.org\/fr\/\/wp-content\/uploads\/2018\/02\/images_vangad_IWD2018_Zinat_Mir_Hashemi.jpg\" width=\"300\" height=\"195\" \/><\/noscript><\/strong><\/p>\n<p>Nous sommes fi\u00e8res du r\u00f4le jou\u00e9 par les femmes dans les r\u00e9centes r\u00e9voltes\u00a0; un r\u00f4le pr\u00e9pond\u00e9rant.<\/p>\n<p>C\u2019est sans doute la pr\u00e9sence remarqu\u00e9e des femmes sur la sc\u00e8ne politique et sociale qui garantira dans toute \u00e9volution d\u00e9mocratique dans le futur, la libert\u00e9 et l\u2019\u00e9galit\u00e9 des sexes en Iran.<\/p>\n<p><strong>\u00a0<\/strong><\/p>\n<\/p>\n<\/p>\n<p>\u00a0<\/p>\n<\/p>\n<p>\u00a0<\/p>\n<p><strong>Suheir Al-Atassi<\/strong><\/p>\n<p>Membre de la Coalition de l\u2019Opposition syrienne<\/p>\n<p>Ancienne Vice-Pr\u00e9sidente du Conseil<\/p>\n<p>Extraits de l\u2019intervention \u00e0 la Conf\u00e9rence des femmes \u2013 Paris<\/p>\n<p><strong>\u00a0<img decoding=\"async\" class=\" alignleft size-full wp-image-5730 lazyload\" style=\"float: left; margin: 10px;\" src=\"data:image\/gif;base64,R0lGODlhAQABAIAAAAAAAP\/\/\/yH5BAEAAAAALAAAAAABAAEAAAIBRAA7\" data-src=\"https:\/\/wncri.org\/fr\/\/wp-content\/uploads\/2018\/02\/images_vangad_IWD2018_Suheir_Atassi.jpg\" width=\"300\" height=\"195\" \/><noscript><img decoding=\"async\" class=\" alignleft size-full wp-image-5730 lazyload\" style=\"float: left; margin: 10px;\" src=\"https:\/\/wncri.org\/fr\/\/wp-content\/uploads\/2018\/02\/images_vangad_IWD2018_Suheir_Atassi.jpg\" width=\"300\" height=\"195\" \/><\/noscript><\/strong><\/p>\n<p>Au cours des sept derni\u00e8res ann\u00e9es, nous avons eu la chance exceptionnelle de d\u00e9couvrir l\u2019\u00e9nergie des femmes. Elles veulent instaurer la libert\u00e9 et \u00e9tablir la d\u00e9mocratie. Elles veulent traduire en justice les auteurs de la dictature. Le peuple syrien a pay\u00e9 un lourd tribut \u00e0 cause de la dictature d\u2019Assad et son alli\u00e9, le r\u00e9gime iranien.<\/p>\n<p>Nous appelons la communaut\u00e9 internationale \u00e0 contribuer \u00e0 l\u2019arr\u00eat de ces tortures et de ces crimes quotidiens. Nous voulons mettre en place un nouveau gouvernement dans lequel il n\u2019y aura aucune place pour Assad et tous les autres criminels.<\/p>\n<p>Mme Radjavi est la pionni\u00e8re de la lutte des femmes iranienne. Elle est une ic\u00f4ne pour vous et pour nous. Elle s\u2019efforce de lib\u00e9rer l\u2019Iran et aussi la Syrie des griffes du r\u00e9gime cl\u00e9rical. Nous sommes la foi en son programme en dix point pour l\u2019avenir de la Syrie. Le peuple de l\u2019Iran et la Syrie m\u00e9ritent la libert\u00e9.<\/p>\n<p>\u00a0<\/p>\n<p><strong>\u00a0<\/strong><\/p>\n<p><strong>Najima Thay Thay<\/strong><\/p>\n<p>Ancienne ministre de l\u2019\u00e9ducation et de la jeunesse &#8211; Maroc<\/p>\n<p>Extraits de l\u2019intervention \u00e0 la Conf\u00e9rence des femmes &#8211; Paris<\/p>\n<p><strong><img decoding=\"async\" class=\" alignleft size-full wp-image-5731 lazyload\" style=\"float: left; margin: 10px;\" src=\"data:image\/gif;base64,R0lGODlhAQABAIAAAAAAAP\/\/\/yH5BAEAAAAALAAAAAABAAEAAAIBRAA7\" data-src=\"https:\/\/wncri.org\/fr\/\/wp-content\/uploads\/2018\/02\/images_vangad_IWD2018_Najima_Thay_Thay.jpg\" width=\"300\" height=\"195\" \/><noscript><img decoding=\"async\" class=\" alignleft size-full wp-image-5731 lazyload\" style=\"float: left; margin: 10px;\" src=\"https:\/\/wncri.org\/fr\/\/wp-content\/uploads\/2018\/02\/images_vangad_IWD2018_Najima_Thay_Thay.jpg\" width=\"300\" height=\"195\" \/><\/noscript>\u00a0<\/strong><\/p>\n<p>C\u2019est un honneur pour nous d\u2019\u00eatre \u00e0 vos c\u00f4t\u00e9s \u00e0 l\u2019occasion de la journ\u00e9e internationale des femmes. Nous continuons de soutenir la lutte du peuple iranien contre la dictature religieuse.<\/p>\n<p>Je tiens \u00e0 reconna\u00eetre les femmes de l\u2019opposition iranienne \u00e0 l\u2019int\u00e9rieur et \u00e0 l\u2019ext\u00e9rieur de l\u2019Iran. Nous devons en finir avec l\u2019injustice et la pers\u00e9cution des femmes.<\/p>\n<p>R\u00e9unies dans cette salle, nous repr\u00e9sentons toutes les femmes qui sont pers\u00e9cut\u00e9es dans le monde entier.<\/p>\n<p>La lutte des femmes iraniennes ne concerne pas seulement les femmes iraniennes, c\u2019est une cause mondiale.<\/p>\n<p>Les femmes iraniennes, dirig\u00e9es par Mme Radjavi se battent contre l\u2019extr\u00e9misme.<\/p>\n<p>Les femmes marocaines ne seront pas tranquilles tant que les femmes iraniennes et syriennes n\u2019ont pas atteint leurs objectifs.<\/p>\n<p>C\u2019est un plaisir pour moi de soutenir la r\u00e9sistance iranienne depuis tr\u00e8s longtemps.<\/p>\n<p><strong>\u00a0<\/strong><\/p>\n<p><strong>\u00a0<\/strong><\/p>\n<p><strong>Marguerite Duran Vadell <\/strong><\/p>\n<p>Historienne, journaliste, s\u00e9natrice (2011-2015) \u2013 Espagne<\/p>\n<p>Vice-Pr\u00e9sidente des droits de l\u2019homme d\u2019INCO<\/p>\n<p>Extraits de l\u2019intervention \u00e0 la <em>Conf\u00e9rence d<\/em>es femmes \u2013 Paris<\/p>\n<p>\u00a0<img decoding=\"async\" class=\" alignleft size-full wp-image-5732 lazyload\" style=\"float: left; margin: 10px;\" src=\"data:image\/gif;base64,R0lGODlhAQABAIAAAAAAAP\/\/\/yH5BAEAAAAALAAAAAABAAEAAAIBRAA7\" data-src=\"https:\/\/wncri.org\/fr\/\/wp-content\/uploads\/2018\/02\/images_vangad_IWD2018_Margarita_Duran_Vadell.jpg\" width=\"300\" height=\"195\" \/><noscript><img decoding=\"async\" class=\" alignleft size-full wp-image-5732 lazyload\" style=\"float: left; margin: 10px;\" src=\"https:\/\/wncri.org\/fr\/\/wp-content\/uploads\/2018\/02\/images_vangad_IWD2018_Margarita_Duran_Vadell.jpg\" width=\"300\" height=\"195\" \/><\/noscript><\/p>\n<p>Nous exprimons notre pr\u00e9occupation \u00e0 l\u2019\u00e9gard de la sant\u00e9 d\u2019Atena Daemi et de Golrokh Iraee.<\/p>\n<p>En Occident, nous ne pouvons pas fermer les yeux sur les violations des droits de l\u2019homme en Iran.<\/p>\n<p>L\u2019Europe ne peut ignorer ses convictions d\u00e9mocratiques et ses valeurs et elle doit tenir compte des appels du peuple d\u2019Iran.<\/p>\n<p>Mme Radjavi, vous pompez l\u2019espoir quand vous dites \u00e0 votre peuple qu\u2019il peut et qu\u2019il dioit vaincre.<\/p>\n<p>C\u2019est un honneur d\u2019\u00eatre avec vous et votre mouvement. Nous pouvons et nous devons vous aider \u00e0 lib\u00e9rer l\u2019Iran.<\/p>\n<p>Nous devons ouvrir les yeux des dirigeants du monde pour qu\u2019ils se tiennent \u00e0 vos c\u00f4t\u00e9s et qu\u2019ils reconnaissent votre mouvement comme la seule opposition l\u00e9gitime en Iran.<\/p>\n<p><strong>\u00a0<\/strong><\/p>\n<p><strong>\u00a0<\/strong><\/p>\n<p><strong>Eva Duran Ramos <\/strong><\/p>\n<p>Pr\u00e9sidente de l\u2019organisation de d\u00e9fense des droits d\u2019INCO<\/p>\n<p>Repr\u00e9sentante de la PPE pour le district de Puente de Vallecas, (Madrid)<\/p>\n<p>Membre du Parlement (2011-2016) &#8211; Espagne<\/p>\n<p>Extraits de l\u2019intervention \u00e0 la Conf\u00e9rence des femmes &#8211; Paris<\/p>\n<p><strong>\u00a0<img decoding=\"async\" class=\" alignleft size-full wp-image-5733 lazyload\" style=\"float: left; margin: 10px;\" src=\"data:image\/gif;base64,R0lGODlhAQABAIAAAAAAAP\/\/\/yH5BAEAAAAALAAAAAABAAEAAAIBRAA7\" data-src=\"https:\/\/wncri.org\/fr\/\/wp-content\/uploads\/2018\/02\/images_vangad_IWD2018_Eva_Duran_Ramos.jpg\" width=\"300\" height=\"195\" \/><noscript><img decoding=\"async\" class=\" alignleft size-full wp-image-5733 lazyload\" style=\"float: left; margin: 10px;\" src=\"https:\/\/wncri.org\/fr\/\/wp-content\/uploads\/2018\/02\/images_vangad_IWD2018_Eva_Duran_Ramos.jpg\" width=\"300\" height=\"195\" \/><\/noscript><\/strong><\/p>\n<p>La libert\u00e9 ne se donne pas, elle s\u2019acqui\u00e8re. La libert\u00e9 doit \u00eatre prise par les peuples opprim\u00e9s. Nous voulons vous reconna\u00eetre, vous Mme Radjavi et votre mouvement. Nous voulons vous soutenir.<\/p>\n<p>Vous avez lanc\u00e9 un appel au Conseil de l\u2019Europe pour contribuer \u00e0 la lib\u00e9ration de tous les prisonniers. Vous d\u00e9fendez ceux qui ont donn\u00e9 leur vie pour la libert\u00e9.<\/p>\n<p>Tous ceux qui ont donn\u00e9 leur vie pour la libert\u00e9 sont pr\u00e9sents dans votre courage.<\/p>\n<p>Vous profitez de l\u2019appui de tous ceux qui sont pour la libert\u00e9.<\/p>\n<p>Vous profitez de l\u2019appui du peuple espagnol qui est conscient que vous voulez la libert\u00e9.<\/p>\n<p><strong>\u00a0<\/strong><\/p>\n<p><strong>\u00a0<\/strong><\/p>\n<p><strong>D\u00e9l\u00e9gation des m\u00e8res de martyrs<\/strong><\/p>\n<p>M\u00e8re Ibrahimpour, repr\u00e9sentante de la d\u00e9l\u00e9gation<\/p>\n<p>Extraits de l\u2019intervention \u00e0 la Conf\u00e9rence des femmes &#8211; Paris<\/p>\n<p><strong>\u00a0<img decoding=\"async\" class=\" alignleft size-full wp-image-5734 lazyload\" style=\"float: left; margin: 10px;\" src=\"data:image\/gif;base64,R0lGODlhAQABAIAAAAAAAP\/\/\/yH5BAEAAAAALAAAAAABAAEAAAIBRAA7\" data-src=\"https:\/\/wncri.org\/fr\/\/wp-content\/uploads\/2018\/02\/images_vangad_IWD2018_Mothers.jpg\" width=\"300\" height=\"195\" \/><noscript><img decoding=\"async\" class=\" alignleft size-full wp-image-5734 lazyload\" style=\"float: left; margin: 10px;\" src=\"https:\/\/wncri.org\/fr\/\/wp-content\/uploads\/2018\/02\/images_vangad_IWD2018_Mothers.jpg\" width=\"300\" height=\"195\" \/><\/noscript><\/strong><\/p>\n<p>M\u00e8re Ibrahimpour a fait le r\u00e9cit de sa famille. Elle a perdu trois fils, une fille et son mari dans la lutte pour la libert\u00e9 en Iran. Elle a dit\u00a0:<\/p>\n<p>La libert\u00e9 n\u2019est pas donn\u00e9e, nous devrions l\u2019acqu\u00e9rir nous-m\u00eame. Ceux qui ont donn\u00e9 la vie dans cette lutte nous observent et attendent de nous que nous continuons leur voie. Il faut se regrouper devant les prisons et y rester jusqu\u2019\u00e0 ce que vos enfants soient lib\u00e9r\u00e9s. Mes chers fils et filles, vous devez vous unir. Nous ferons parvenir votre voix au monde entier. Il y a des milliers de m\u00e8res comme moi en Iran. Nous ne nous d\u00e9vierons jamais du chemin trac\u00e9 par nos enfants. Nous ne les abandonnerons pas \u00e0 l\u2019oubli.<\/p>\n<p>Soyez courageux comme un lion. Les mollahs ont peur de vous. Ils sont, eux, au bout du chemin.<\/p>\n<p><strong>\u00a0<\/strong><\/p>\n<p><strong>D\u00e9l\u00e9gation des femmes iraniennes<\/strong><\/p>\n<p>Shirin Nariman, repr\u00e9sentante de la d\u00e9l\u00e9gation<\/p>\n<p>Extraits de l\u2019intervention \u00e0 la Conf\u00e9rence des femmes &#8211; Paris<\/p>\n<p><strong>\u00a0<img decoding=\"async\" class=\" alignleft size-full wp-image-5735 lazyload\" style=\"float: left; margin: 10px;\" src=\"data:image\/gif;base64,R0lGODlhAQABAIAAAAAAAP\/\/\/yH5BAEAAAAALAAAAAABAAEAAAIBRAA7\" data-src=\"https:\/\/wncri.org\/fr\/\/wp-content\/uploads\/2018\/02\/images_vangad_IWD2018_Women_-associations.jpg\" width=\"300\" height=\"195\" \/><noscript><img decoding=\"async\" class=\" alignleft size-full wp-image-5735 lazyload\" style=\"float: left; margin: 10px;\" src=\"https:\/\/wncri.org\/fr\/\/wp-content\/uploads\/2018\/02\/images_vangad_IWD2018_Women_-associations.jpg\" width=\"300\" height=\"195\" \/><\/noscript><\/strong><\/p>\n<p>Les femmes ont \u00e9t\u00e9 en premi\u00e8re ligne dans les r\u00e9cents soul\u00e8vements en Iran.<\/p>\n<p>Mais ce n\u2019est pas la premi\u00e8re fois que les femmes participent \u00e0 la lutte pour la libert\u00e9 de notre pays.<\/p>\n<p>En mars 1979, nous \u00e9tions d\u00e9j\u00e0 des sympathisants des Moudjahidine du peuple, et nous avons particip\u00e9 \u00e0 une manifestation \u00e0 T\u00e9h\u00e9ran contre le port obligatoire du voile.<\/p>\n<p>Je me souviens, en tant qu\u2019une jeune femme \u00e0 l\u2019\u00e9poque, \u00e0 quel point les Moudjahidine du peuple respectaient les jeunes femmes qui commen\u00e7aient leurs activit\u00e9s politiques. Nous avons appris \u00e0 nous respecter et \u00e0 avoir confiance en nous-m\u00eames.<\/p>\n<p>Durant les ann\u00e9es 1980, des milliers de jeunes femmes ont \u00e9t\u00e9 ex\u00e9cut\u00e9es pour leur conviction en la libert\u00e9 et en leurs droits. Et ce qui est beau, c\u2019est que ce m\u00eame esprit a perdur\u00e9 jusqu\u2019\u00e0 nos jours et ne cesse de se renforcer. \u00a0Aujourd&#8217;hui, nous voyons des femmes intr\u00e9pides qui crient \u00ab\u00a0mort au dictateur\u00a0\u00bb nez \u00e0 nez des policiers.<\/p>\n<p>Les femmes iraniennes ne c\u00e8deront jamais. Elles traceront elles-m\u00eames leur propre destin\u00e9e. Et les femmes iraniennes en exil resteront debout, aux c\u00f4t\u00e9s de leurs s\u0153urs en Iran. La victoire est bien proche.<\/p>\n<p>\u00a0<\/p>\n<p><strong>\u00a0<\/strong><\/p>\n<p><strong>D\u00e9l\u00e9gation des jeunes iraniens<\/strong><\/p>\n<p>Sahar Sana\u2019i, repr\u00e9sentante de la d\u00e9l\u00e9gation<\/p>\n<p>Extraits de l\u2019intervention \u00e0 la Conf\u00e9rence des femmes &#8211; Paris<\/p>\n<p><strong>\u00a0<img decoding=\"async\" class=\" alignleft size-full wp-image-5736 lazyload\" style=\"float: left; margin: 10px;\" src=\"data:image\/gif;base64,R0lGODlhAQABAIAAAAAAAP\/\/\/yH5BAEAAAAALAAAAAABAAEAAAIBRAA7\" data-src=\"https:\/\/wncri.org\/fr\/\/wp-content\/uploads\/2018\/02\/images_vangad_IWD2018_Iranian_Youth.jpg\" width=\"300\" height=\"195\" \/><noscript><img decoding=\"async\" class=\" alignleft size-full wp-image-5736 lazyload\" style=\"float: left; margin: 10px;\" src=\"https:\/\/wncri.org\/fr\/\/wp-content\/uploads\/2018\/02\/images_vangad_IWD2018_Iranian_Youth.jpg\" width=\"300\" height=\"195\" \/><\/noscript><\/strong><\/p>\n<p>Nous sommes la g\u00e9n\u00e9ration d\u2019apr\u00e8s la R\u00e9volution de 1979. Nous avons ressenti la r\u00e9pression du r\u00e9gime avec notre chair et notre os. Nous avons commenc\u00e9 \u00e0 conna\u00eetre nos parents depuis derri\u00e8re les barreaux. Et tr\u00e8s vite, nous nous sommes rendus compte que pour acqu\u00e9rir la libert\u00e9, nous devons renoncer \u00e0 notre propre train de vie.<\/p>\n<p>Je dois dire avec fiert\u00e9 que notre g\u00e9n\u00e9ration n\u2019a pas manqu\u00e9 de symboles\u00a0: Neda, Assia, Nastaran, Neda Agha Sultan, Taraneh Moussavi, Reyhaneh Jabbari ou encore ma ch\u00e8re Saba (Haftbaradaran) sont des martyrs qui nous ont inculqu\u00e9 la r\u00e9sistance jusqu\u2019au bout.<\/p>\n<p>Oui, nous sommes des femmes rebelles. Nous r\u00e9clamons le renversement du r\u00e9gime.<\/p>\n<p>Nous tiendrons jusqu\u2019au bout pour renverser ce r\u00e9gime cruel et misogyne. Nous disons non \u00e0 la religion obligatoire, non au obligatoire.<\/p>\n<p>Bien qu\u2019elles-m\u00eames voil\u00e9es, les femmes membres des Moudjahidine du peuple d\u00e9fendaient les femmes non voil\u00e9es. Elles ont d\u00e9fendu leur libre choix. Elles respectent le choix de tout individu.<\/p>\n<p>Il faut dire aux mollahs\u00a0: craignez le jour o\u00f9 les femmes vous balayeront de la sc\u00e8ne politique de l\u2019Iran et vous abonderont au m\u00e9pris de l\u2019Histoire.<\/p>\n<p>\u00a0<\/p>\n<p>\u00a0<\/p>\n<p><strong>R\u00e9solution de la Conf\u00e9rence <\/strong><\/p>\n<p>Lue par Ramesh Sepehrad<\/p>\n<p>\u00a0<\/p>\n<p>Pour conclure cette conf\u00e9rence, \u00e0 l\u2019occasion de la Journ\u00e9e internationale des femmes en 2018, nous d\u00e9clarons que\u00a0: <br \/> 1. La r\u00e9volte courageuse des femmes iraniennes contre le r\u00e9gime va bien au-del\u00e0 d\u2019une contestation contre le port du voile obligatoire et vise la fin de la dictature th\u00e9ocratique dans son int\u00e9gralit\u00e9 en vue d\u2019\u00e9tablir la d\u00e9mocratie et la libert\u00e9. <br \/> Aujourd&#8217;hui, les femmes repr\u00e9sentent la force de changement en Iran. Nous soutenons et nous rendons hommage aux femmes courageuses d\u2019Iran. <br \/> 2. Les femmes iraniennes, tout le peuple iranien lance cette mise-en-garde au r\u00e9gime iranien\u00a0: le compte \u00e0 rebours a commenc\u00e9\u00a0; le changement d\u00e9mocratique en Iran est in\u00e9vitable pour bient\u00f4t. <br \/> 3. Les r\u00e9centes r\u00e9voltes en Iran est une nouvelle manifestation de pr\u00e8s de quatre d\u00e9cennies d\u2019une longue et glorieuse r\u00e9sistance contre la misogynie, la tyrannie. Le r\u00f4le de leadership d\u00e9ploy\u00e9 inlassablement et avec ing\u00e9niosit\u00e9 par Mme Maryam Radjavi et le mouvement de r\u00e9sistance est d\u2019une importance cruciale pour tout l\u2019Iran, les femmes en particulier.<\/p>\n<p>\u00a0<\/p>\n<p>\u00a0<\/p>\n","protected":false},"excerpt":{"rendered":"<p>Le samedi 17 f\u00e9vrier 2018, une conf\u00e9rence intitul\u00e9e \u00ab\u00a0Les Femmes, la force du changement : soul\u00e8vement en Iran et le r\u00f4le des femmes\u00a0\u00bb s\u2019est\u00a0tenue \u00e0 Paris, dont la principale oratrice \u00e9tait Maryam Radjavi, la Pr\u00e9sidente du Conseil national de la r\u00e9sistance iranienne (CNRI).<\/p>\n","protected":false},"author":1,"featured_media":5705,"comment_status":"open","ping_status":"open","sticky":false,"template":"","format":"standard","meta":{"jnews-multi-image_gallery":[],"jnews_single_post":[],"jnews_primary_category":[],"jnews_social_meta":[],"jnews_override_counter":[],"footnotes":""},"categories":[26],"tags":[],"class_list":["post-2995","post","type-post","status-publish","format-standard","has-post-thumbnail","hentry","category-conference-du-8-mars"],"_links":{"self":[{"href":"https:\/\/wncri.org\/fr\/wp-json\/wp\/v2\/posts\/2995","targetHints":{"allow":["GET"]}}],"collection":[{"href":"https:\/\/wncri.org\/fr\/wp-json\/wp\/v2\/posts"}],"about":[{"href":"https:\/\/wncri.org\/fr\/wp-json\/wp\/v2\/types\/post"}],"author":[{"embeddable":true,"href":"https:\/\/wncri.org\/fr\/wp-json\/wp\/v2\/users\/1"}],"replies":[{"embeddable":true,"href":"https:\/\/wncri.org\/fr\/wp-json\/wp\/v2\/comments?post=2995"}],"version-history":[{"count":0,"href":"https:\/\/wncri.org\/fr\/wp-json\/wp\/v2\/posts\/2995\/revisions"}],"wp:featuredmedia":[{"embeddable":true,"href":"https:\/\/wncri.org\/fr\/wp-json\/wp\/v2\/media\/5705"}],"wp:attachment":[{"href":"https:\/\/wncri.org\/fr\/wp-json\/wp\/v2\/media?parent=2995"}],"wp:term":[{"taxonomy":"category","embeddable":true,"href":"https:\/\/wncri.org\/fr\/wp-json\/wp\/v2\/categories?post=2995"},{"taxonomy":"post_tag","embeddable":true,"href":"https:\/\/wncri.org\/fr\/wp-json\/wp\/v2\/tags?post=2995"}],"curies":[{"name":"wp","href":"https:\/\/api.w.org\/{rel}","templated":true}]}}