{"id":2959,"date":"2018-02-13T20:10:50","date_gmt":"2018-02-13T20:10:50","guid":{"rendered":"https:\/\/wncri.org\/frdev\/2018\/02\/13\/iran-divers-secteurs-sociaux-manifestent-a-teheran-et-en-province\/"},"modified":"2018-02-13T20:10:50","modified_gmt":"2018-02-13T20:10:50","slug":"iran-divers-secteurs-sociaux-manifestent-a-teheran-et-en-province","status":"publish","type":"post","link":"https:\/\/wncri.org\/fr\/2018\/02\/13\/iran-divers-secteurs-sociaux-manifestent-a-teheran-et-en-province\/","title":{"rendered":"Iran : Divers secteurs sociaux manifestent \u00e0 T\u00e9h\u00e9ran et en province"},"content":{"rendered":"<p>CNRI Femmes &#8211; Des enseignants contractuels, femmes et hommes, ont organis\u00e9 une manifestation \u00e0 T\u00e9h\u00e9ran le 10 f\u00e9vrier 2018. Ils r\u00e9clamaient quatre mois de salaires impay\u00e9s.<\/p>\n<p>  <!--more-->  <\/p>\n<p>Les enseignants ont dit que cinq mois apr\u00e8s la rentr\u00e9e scolaire, ils n\u2019avaient \u00e9t\u00e9 pay\u00e9s qu&#8217;une seule fois. Ils ne gagnent que 800 000 tomans par mois, ce qui est d\u00e9j\u00e0 inf\u00e9rieur au salaire minimum de 930 000 toumans. Le fait de ne pas avoir re\u00e7u de salaire pendant quatre mois a caus\u00e9 de nombreux probl\u00e8mes aux enseignants qui travaillent sous contrat.<\/p>\n<p>\u00a0<img decoding=\"async\" class=\" alignleft size-full wp-image-5667 lazyload\" style=\"float: left; margin: 10px;\" src=\"data:image\/gif;base64,R0lGODlhAQABAIAAAAAAAP\/\/\/yH5BAEAAAAALAAAAAABAAEAAAIBRAA7\" data-src=\"https:\/\/wncri.org\/fr\/\/wp-content\/uploads\/2018\/02\/images_iran_news_february2018_021204.jpg\" width=\"460\" height=\"300\" \/><noscript><img decoding=\"async\" class=\" alignleft size-full wp-image-5667 lazyload\" style=\"float: left; margin: 10px;\" src=\"https:\/\/wncri.org\/fr\/\/wp-content\/uploads\/2018\/02\/images_iran_news_february2018_021204.jpg\" width=\"460\" height=\"300\" srcset=\"https:\/\/wncri.org\/fr\/wp-content\/uploads\/2018\/02\/images_iran_news_february2018_021204.jpg 460w, https:\/\/wncri.org\/fr\/wp-content\/uploads\/2018\/02\/images_iran_news_february2018_021204-300x196.jpg 300w\" sizes=\"(max-width: 460px) 100vw, 460px\" \/><\/noscript><\/p>\n<p>Le m\u00eame jour, des \u00e9pargnants spoli\u00e9s, femmes et hommes, par des banques du pouvoir ont organis\u00e9 un rassemblement devant le parlement des mollahs. Ils ont d\u00e9clar\u00e9 que le seul moyen d&#8217;obtenir leur droit est de continuer \u00e0 organiser des manifestations, tant qu\u2019ils ne seront pas rembours\u00e9s.<\/p>\n<p>\u00a0<\/p>\n<p>Le 10 f\u00e9vrier \u00e9galement, des hommes, des femmes et des enfants du village d&#8217;Abou Haven dans la province du Khouzistan (sud-ouest de l\u2019Iran), ont organis\u00e9 une manifestation devant le gouvernorat \u00e0 Ahwaz parce qu&#8217;ils n&#8217;ont ni eau, ni gaz, ni \u00e9lectricit\u00e9, ni routes dans leur village.<\/p>\n<p>\u00a0<\/p>\n<p>Le 7 f\u00e9vrier, un groupe d\u2019habitants du village d&#8217;Islamabad \u00e0 Miyaneh, dans la province d&#8217;Azerba\u00efdjan oriental, a protest\u00e9 contre la pollution caus\u00e9e par l&#8217;aci\u00e9rie de Miyaneh. La pollution a boulevers\u00e9 la vie des villageois.<\/p>\n<p>\u00a0<\/p>\n<p>L&#8217;un des manifestants a d\u00e9clar\u00e9 : \u00ab\u00a0La pollution et la poussi\u00e8re ont envahi nos maisons cr\u00e9ant des probl\u00e8mes respiratoires pour nos enfants. La fum\u00e9e et la poussi\u00e8re produites par cette usine sont canc\u00e9rig\u00e8nes.\u00a0\u00bb<\/p>\n","protected":false},"excerpt":{"rendered":"<p>CNRI Femmes &#8211; Des enseignants contractuels, femmes et hommes, ont organis\u00e9 une manifestation \u00e0 T\u00e9h\u00e9ran le 10 f\u00e9vrier 2018. Ils r\u00e9clamaient quatre mois de salaires impay\u00e9s.<\/p>\n","protected":false},"author":1,"featured_media":5666,"comment_status":"open","ping_status":"open","sticky":false,"template":"","format":"standard","meta":{"jnews-multi-image_gallery":[],"jnews_single_post":[],"jnews_primary_category":[],"jnews_social_meta":[],"jnews_override_counter":[],"footnotes":""},"categories":[3],"tags":[],"class_list":["post-2959","post","type-post","status-publish","format-standard","has-post-thumbnail","hentry","category-infos-des-femmes"],"_links":{"self":[{"href":"https:\/\/wncri.org\/fr\/wp-json\/wp\/v2\/posts\/2959","targetHints":{"allow":["GET"]}}],"collection":[{"href":"https:\/\/wncri.org\/fr\/wp-json\/wp\/v2\/posts"}],"about":[{"href":"https:\/\/wncri.org\/fr\/wp-json\/wp\/v2\/types\/post"}],"author":[{"embeddable":true,"href":"https:\/\/wncri.org\/fr\/wp-json\/wp\/v2\/users\/1"}],"replies":[{"embeddable":true,"href":"https:\/\/wncri.org\/fr\/wp-json\/wp\/v2\/comments?post=2959"}],"version-history":[{"count":0,"href":"https:\/\/wncri.org\/fr\/wp-json\/wp\/v2\/posts\/2959\/revisions"}],"wp:featuredmedia":[{"embeddable":true,"href":"https:\/\/wncri.org\/fr\/wp-json\/wp\/v2\/media\/5666"}],"wp:attachment":[{"href":"https:\/\/wncri.org\/fr\/wp-json\/wp\/v2\/media?parent=2959"}],"wp:term":[{"taxonomy":"category","embeddable":true,"href":"https:\/\/wncri.org\/fr\/wp-json\/wp\/v2\/categories?post=2959"},{"taxonomy":"post_tag","embeddable":true,"href":"https:\/\/wncri.org\/fr\/wp-json\/wp\/v2\/tags?post=2959"}],"curies":[{"name":"wp","href":"https:\/\/api.w.org\/{rel}","templated":true}]}}