{"id":2958,"date":"2018-02-13T20:09:42","date_gmt":"2018-02-13T20:09:42","guid":{"rendered":"https:\/\/wncri.org\/frdev\/2018\/02\/13\/iran-5-etudiantes-privees-de-residence-universitaire-pour-avoir-proteste-contre-les-restrictions\/"},"modified":"2018-02-13T20:09:42","modified_gmt":"2018-02-13T20:09:42","slug":"iran-5-etudiantes-privees-de-residence-universitaire-pour-avoir-proteste-contre-les-restrictions","status":"publish","type":"post","link":"https:\/\/wncri.org\/fr\/2018\/02\/13\/iran-5-etudiantes-privees-de-residence-universitaire-pour-avoir-proteste-contre-les-restrictions\/","title":{"rendered":"Iran : 5 \u00e9tudiantes priv\u00e9es de r\u00e9sidence universitaire pour avoir protest\u00e9 contre les restrictions"},"content":{"rendered":"<p>CNRI Femmes \u2013 L\u2019autorisation de cinq jeunes \u00e9tudiantes \u00e0 T\u00e9h\u00e9ran, n&#8217;ont pas \u00e9t\u00e9 renouvel\u00e9es pour s&#8217;inscrire \u00e0 la r\u00e9sidence universitaire Chamran. Les \u00e9tudiantes avaient protest\u00e9 contre les restrictions impos\u00e9es pour les heures d&#8217;entr\u00e9e et de sortie.<\/p>\n<p>  <!--more-->  <\/p>\n<p>Hassan Behnejad, doyen de l&#8217;Universit\u00e9 de T\u00e9h\u00e9ran, a confirm\u00e9 que les autorisations pour les cinq \u00e9tudiantes avaient \u00e9t\u00e9 r\u00e9voqu\u00e9s. Il a d\u00e9clar\u00e9 : &#8220;Tous les \u00e9tudiants de l&#8217;universit\u00e9 de T\u00e9h\u00e9ran ont \u00e9t\u00e9 en mesure de s&#8217;inscrire pour utiliser les dortoirs, mais environ cinq \u00e9tudiants vivant dans la r\u00e9sidence Chamran qui s&#8217;\u00e9taient oppos\u00e9s aux r\u00e8gles de la r\u00e9sidence sur l&#8217;entr\u00e9e et la sortie des filles n&#8217;ont pas pu s&#8217;inscrire car les responsables de la s\u00e9curit\u00e9 ont rejet\u00e9 leur demande\u00a0\u00bb, \u00e9crit le site Tabnak le 8 f\u00e9vrier 2018.<\/p>\n<p>Jusqu&#8217; \u00e0 pr\u00e9sent, les \u00e9tudiantes de la r\u00e9sidence Chamran ont protest\u00e9 \u00e0 plusieurs reprises contre les p\u00e9nuries. Parmi leurs revendications figurait la lev\u00e9e des restrictions sur les heures d&#8217;entr\u00e9e et de sortie.<\/p>\n","protected":false},"excerpt":{"rendered":"<p>CNRI Femmes \u2013 L\u2019autorisation de cinq jeunes \u00e9tudiantes \u00e0 T\u00e9h\u00e9ran, n&#8217;ont pas \u00e9t\u00e9 renouvel\u00e9es pour s&#8217;inscrire \u00e0 la r\u00e9sidence universitaire Chamran. Les \u00e9tudiantes avaient protest\u00e9 contre les restrictions impos\u00e9es pour les heures d&#8217;entr\u00e9e et de sortie.<\/p>\n","protected":false},"author":1,"featured_media":5665,"comment_status":"open","ping_status":"open","sticky":false,"template":"","format":"standard","meta":{"jnews-multi-image_gallery":[],"jnews_single_post":[],"jnews_primary_category":[],"jnews_social_meta":[],"jnews_override_counter":[],"footnotes":""},"categories":[3],"tags":[],"class_list":["post-2958","post","type-post","status-publish","format-standard","has-post-thumbnail","hentry","category-infos-des-femmes"],"_links":{"self":[{"href":"https:\/\/wncri.org\/fr\/wp-json\/wp\/v2\/posts\/2958","targetHints":{"allow":["GET"]}}],"collection":[{"href":"https:\/\/wncri.org\/fr\/wp-json\/wp\/v2\/posts"}],"about":[{"href":"https:\/\/wncri.org\/fr\/wp-json\/wp\/v2\/types\/post"}],"author":[{"embeddable":true,"href":"https:\/\/wncri.org\/fr\/wp-json\/wp\/v2\/users\/1"}],"replies":[{"embeddable":true,"href":"https:\/\/wncri.org\/fr\/wp-json\/wp\/v2\/comments?post=2958"}],"version-history":[{"count":0,"href":"https:\/\/wncri.org\/fr\/wp-json\/wp\/v2\/posts\/2958\/revisions"}],"wp:featuredmedia":[{"embeddable":true,"href":"https:\/\/wncri.org\/fr\/wp-json\/wp\/v2\/media\/5665"}],"wp:attachment":[{"href":"https:\/\/wncri.org\/fr\/wp-json\/wp\/v2\/media?parent=2958"}],"wp:term":[{"taxonomy":"category","embeddable":true,"href":"https:\/\/wncri.org\/fr\/wp-json\/wp\/v2\/categories?post=2958"},{"taxonomy":"post_tag","embeddable":true,"href":"https:\/\/wncri.org\/fr\/wp-json\/wp\/v2\/tags?post=2958"}],"curies":[{"name":"wp","href":"https:\/\/api.w.org\/{rel}","templated":true}]}}