{"id":2956,"date":"2018-02-12T10:48:44","date_gmt":"2018-02-12T10:48:44","guid":{"rendered":"https:\/\/wncri.org\/frdev\/2018\/02\/12\/commission-des-femmes-du-7\/"},"modified":"2025-06-21T14:58:56","modified_gmt":"2025-06-21T12:58:56","slug":"commission-des-femmes-du-7","status":"publish","type":"post","link":"https:\/\/wncri.org\/fr\/2018\/02\/12\/commission-des-femmes-du-7\/","title":{"rendered":"commission des femmes du"},"content":{"rendered":"<p><strong><a href=\"https:\/\/wncri.org\/fr\/\/wp-content\/uploads\/2018\/02\/images_monthlies_Monthly_-January2018_FR.pdf\" target=\"_blank\" rel=\"alternate noopener noreferrer\">Voir le PDF<\/a><\/strong><\/p>\n<p>Les femmes sont la force motrice des manifestations en Iran<\/p>\n<p>\u00a0L&#8217;Iran a \u00e9t\u00e9 d\u00e9but janvier le th\u00e9\u00e2tre de manifestations \u00e0 l&#8217;\u00e9chelle nationale recouvrant tous les secteurs de la soci\u00e9t\u00e9.<\/p>\n<p>  <!--more-->  <\/p>\n<p>Le soul\u00e8vement a r\u00e9v\u00e9l\u00e9 que le r\u00e9gime reposait sur des fondations instables et continuait d&#8217;avoir un impact n\u00e9gatif sur le climat politique, dans une soci\u00e9t\u00e9 qui d\u00e9borde de m\u00e9contentement. Les observateurs estiment que les conditions ne reviendront jamais \u00e0 la situation pr\u00e9 insurrectionnelle.<\/p>\n<p>La vague de protestations a d\u00e9but\u00e9 le 28 d\u00e9cembre \u00e0 Machad, s&#8217;\u00e9tendant rapidement \u00e0 plus de 140 villes en quelques jours et continuant sans interruption pendant deux semaines. Les femmes ont jou\u00e9 un r\u00f4le remarquable dans ces manifestations et ont fait preuve d&#8217;un courage sans pr\u00e9c\u00e9dent. Non seulement elles \u00e9taient pr\u00e9sentes sur toutes les sc\u00e8nes, mais elles ont jou\u00e9 un r\u00f4le de premier plan en motivant tout le monde.<\/p>\n<p>Cet \u00e9tat de fait a \u00e9t\u00e9 reconnu par un commandant des pasdaran, Rassoul Sana\u00ef-Rad, directeur politique des gardiens de la r\u00e9volution, qui a d\u00e9clar\u00e9 lors d&#8217;une r\u00e9union de la pri\u00e8re du vendredi \u00e0 T\u00e9h\u00e9ran : \u00ab80% des personnes arr\u00eat\u00e9es avaient moins de 30 ans et parmi elles, un certain nombre de femmes d&#8217;\u00e2ge moyen. Dans les ann\u00e9es 1980 \u00e9galement, les manifestations de rue de l&#8217;OMPI \u00e9taient men\u00e9es principalement par des femmes. Aujourd&#8217;hui aussi, le noyau principal d&#8217;incitation qui est \u00e0 l&#8217;origine des manifestations \u00e9taient compos\u00e9s de femmes. Par exemple, les \u00e9meutes \u00e0 Ilam ont \u00e9t\u00e9 lanc\u00e9es par quatre d&#8217;entre elles.&#8221; (Le site officiel de Jahan News, 27 janvier 2018)<\/p>\n<p>Le r\u00e9gime iranien a r\u00e9agi \u00e0 ces protestations massives par une r\u00e9pression massive et des arrestations.<\/p>\n<p><strong>\u00a0<\/strong><\/p>\n<p><strong>Pression sur les prisonni\u00e8res politiques r\u00e9sistantes <\/strong><\/p>\n<p>Les prisonniers politiques incarc\u00e9r\u00e9s pour leur d\u00e9fense des droits humains, ont essay\u00e9 de faire parvenir leur voix aux manifestants pendant le soul\u00e8vement pour exprimer leur solidarit\u00e9. Parmi ces prisonni\u00e8res r\u00e9sistantes politiques se trouvaient Atena Daemi et Golrokh Iraee qui ont envoy\u00e9 des messages inspirants. Atena Daemi a \u00e9crit : \u00ab Si vouloir d\u00e9sirer la libert\u00e9 et les droits fondamentaux est consid\u00e9r\u00e9 comme un crime, je me tiens pr\u00eate et me consid\u00e8re fi\u00e8rement comme une criminelle ! \u00bb Elle a ajout\u00e9 : \u00ab Cette r\u00e9pression et ces meurtres sont le prix de la libert\u00e9. Ce prix doit \u00eatre pay\u00e9 et nous le paierons. \u00bb<\/p>\n<p>Golrokh Iraee a \u00e9galement appel\u00e9 les jeunes Iraniens \u00e0 poursuivre leurs manifestations, \u00e0 pers\u00e9v\u00e9rer et \u00e0 payer le prix de la libert\u00e9. Elle a \u00e9crit dans sa lettre ouverte : \u00ab Ce qui est important ces jours-ci, c&#8217;est une pr\u00e9sence continue, prendre en toute conscience des mesures tout en supportant la terreur et les intimidations; le but ultime est r\u00e9alisable si nous le voulons et si nous y croyons. \u00bb<\/p>\n<p>Dans la foul\u00e9e de ces messages, ces deux femmes courageuses ont \u00e9t\u00e9 convoqu\u00e9es au parquet de la prison d&#8217;Evine, le 16 janvier 2018. Atena Daemi et Golrokh Iraee ont d\u00e9clar\u00e9 qu&#8217;elles ne compara\u00eetraient pas devant le tribunal puisqu&#8217;elles n&#8217;avaient pas re\u00e7u de convocation \u00e9crite et n&#8217;\u00e9taient pas inform\u00e9es de la raison de ces convocations.<\/p>\n<p>Quatre fois elles ont \u00e9t\u00e9 convoqu\u00e9es, et les deux prisonni\u00e8res courageuses ont refus\u00e9 de c\u00e9der aux interrogatoires ill\u00e9gaux. Finalement, le 24 janvier 2018, elles ont \u00e9t\u00e9 emmen\u00e9es pour \u00eatre interrog\u00e9es dans le quartier 2A des gardiens de la r\u00e9volution \u00e0 Evine sous couvert d&#8217;une nouvelle affaire fabriqu\u00e9e de toute pi\u00e8ce contre elles. Atena Daemi et Golrokh Iraee ont de nouveau r\u00e9sist\u00e9 fermement et refus\u00e9 de r\u00e9pondre aux questions pos\u00e9es par les interrogateurs. Les agents les ont battues, encha\u00een\u00e9es et transf\u00e9r\u00e9es ill\u00e9galement \u00e0 la sinistre prison de Qarchak \u00e0 Varamine. Qarchak est un centre de d\u00e9tention pour femmes ayant commis des d\u00e9lits de droit commun et dangereuses. Les conditions de vie y sont effroyables. Les prisonni\u00e8res politiques y sont transf\u00e9r\u00e9es en violation du principe de la classification et de la s\u00e9paration des prisonniers, pour subir davantage de tortures physiques et mentales.<\/p>\n<p>\u00c0 la suite de ces mesures ill\u00e9gales, des manifestations ont pris forme en faveur des deux prisonni\u00e8res r\u00e9sistantes.<\/p>\n<p>La famille d\u2019Atena Daemi a \u00e9crit une lettre \u00e0 Asma Jahangir, la Rapporteuse sp\u00e9ciale des Nations Unies sur la situation des droits humains en Iran, pour l\u2019exhorter \u00e0 agir. Parall\u00e8lement, les prisonniers politiques Arash Sadeghi (le mari de Golrokh) et Soheil Arabi ont entam\u00e9 une gr\u00e8ve de la faim en soutien \u00e0 Golrokh et Atena et pour protester contre leur transfert brutal et ill\u00e9gal.<\/p>\n<p>\u00a0<\/p>\n<p><strong>Arrestations g\u00e9n\u00e9ralis\u00e9es, torture et harc\u00e8lement des femmes protestataires <\/strong><\/p>\n<p>Le 20 janvier 2018, la police de la ville de Robat-Karim a renvers\u00e9 une femme dans la manifestation des \u00e9pargnants spoli\u00e9s par des \u00e9tablissements financiers soutenus par le pouvoir.<\/p>\n<p>Le 15 janvier 2018, la police a pris en otage la m\u00e8re d&#8217;un militant \u00e9tudiant \u00e0 Tabriz pour l&#8217;obliger \u00e0 se livrer. Cet \u00e9tudiant activiste est en Turquie et sa m\u00e8re souffre de complications cardiaques.<\/p>\n<p>Les forces r\u00e9pressives ont eu recours \u00e0 des arrestations massives, dont des centaines de femmes lors du soul\u00e8vement national en Iran. Des dizaines d&#8217;\u00e9tudiantes sont parmi les personnes arr\u00eat\u00e9es. Les arrestations de Touran Mehraban, Leila Hosseinzadeh, Faezeh Abdipour, Yasamine Mahboubi, Soha Morteza\u00ef, Neguine Aramechi, Neda Ahmadi et de Sepideh Farhan ont \u00e9t\u00e9 confirm\u00e9es jusqu&#8217;\u00e0 pr\u00e9sent et rapport\u00e9es par la commission des Femmes du CNRI.<\/p>\n<p>Touran Mehraban, Faezeh Abdipour et Leila Hosseinzadeh ont \u00e9t\u00e9 lib\u00e9r\u00e9s apr\u00e8s les protestations de leurs familles et amis.<\/p>\n<p>Les m\u00e9dias officiels en Iran ont reconnu les arrestations d&#8217;au moins 21 femmes durant les neuf jours du soul\u00e8vement. Six femmes, selon la police de Robat Karim (province de T\u00e9h\u00e9ran), dont trois ont jou\u00e9 un r\u00f4le d\u00e9terminant dans les manifestations ont \u00e9t\u00e9 arr\u00eat\u00e9es dans la ville de Parand. 14 femmes ont \u00e9t\u00e9 arr\u00eat\u00e9es \u00e0 Arak et une femme \u00e0 Saveh. Cela a \u00e9t\u00e9 annonc\u00e9 par la presse et les m\u00e9dias officiels.<\/p>\n<p>Les chiffres r\u00e9els sont cependant beaucoup plus \u00e9lev\u00e9s. Les arrestations post-soul\u00e8vement se poursuivent. Au moins sept femmes \u00e0 Saqqez et sept autres femmes kurdes dans les villes d&#8217;Oroumieh, Kermanchah et Ilam, ainsi que deux femmes \u00e0 Machad ont \u00e9t\u00e9 arr\u00eat\u00e9es dans les jours qui ont suivi les soul\u00e8vements. Les informations indiquent qu&#8217;un nombre ind\u00e9termin\u00e9 de prisonniers sont d\u00e9tenus ou interrog\u00e9s dans des centres de d\u00e9tention tenus secrets ou dans les centres du minist\u00e8re du Renseignements et du Corps des pasdaran.<\/p>\n<p>Selon les sources du Conseil national de la R\u00e9sistance iranienne, au moins 400 femmes ont \u00e9t\u00e9 arr\u00eat\u00e9es au cours des r\u00e9centes manifestations dans la ville d&#8217;Izeh, dans le sud-ouest du pays. Dans certains cas, tous les membres d\u2019une famille ont \u00e9t\u00e9 emprisonn\u00e9s. La plupart des femmes arr\u00eat\u00e9es dans cette ville sont maintenues dans un camp de r\u00e9\u00e9ducation pour les toxicomanes, et elles passent leurs journ\u00e9es sans eau ni nourriture. D&#8217;autre part, \u00e0 T\u00e9h\u00e9ran, la famille d&#8217;une autre femme arr\u00eat\u00e9e, Sepideh Farhan (Farahabadi), r\u00e9clame en vain sa remise en libert\u00e9. On leur a dit qu\u2019elle ne sera pas lib\u00e9r\u00e9e dans l&#8217;imm\u00e9diat. Elle est priv\u00e9e du droit fondamental d&#8217;\u00eatre assist\u00e9e d&#8217;un avocat et d&#8217;avoir des visites familiales.<\/p>\n<p>Des dizaines de manifestants arr\u00eat\u00e9s ont \u00e9t\u00e9 tu\u00e9s sous la torture dans les prisons. Dans une vaste campagne internationale, Maryam Radjavi a exhort\u00e9 tous les gouvernements d\u00e9mocratiques \u00e0 faire pression sur la dictature religieuse pour la lib\u00e9ration de tous les manifestants arr\u00eat\u00e9s, en particulier les femmes, soumises \u00e0 la torture et qui encourent la peine de mort.<\/p>\n<p>La commission des Femmes du Conseil national de la R\u00e9sistance iranienne a \u00e9galement lanc\u00e9 des campagnes pour la lib\u00e9ration des femmes, d\u00e9tenues politiques et celles arr\u00eat\u00e9es pendant le soul\u00e8vement. Dans cet effort, la commission des Femmes du CNRI a besoin du soutien de toutes les femmes du monde d\u00e9fenseures de la libert\u00e9.<\/p>\n<p>\u00a0<\/p>\n","protected":false},"excerpt":{"rendered":"<p>Voir le PDF Les femmes sont la force motrice des manifestations en Iran \u00a0L&#8217;Iran a \u00e9t\u00e9 d\u00e9but janvier le th\u00e9\u00e2tre de manifestations \u00e0 l&#8217;\u00e9chelle nationale recouvrant tous les secteurs de la soci\u00e9t\u00e9.<\/p>\n","protected":false},"author":1,"featured_media":22952,"comment_status":"open","ping_status":"open","sticky":false,"template":"","format":"standard","meta":{"jnews-multi-image_gallery":[],"jnews_single_post":{"subtitle":"","format":"standard"},"jnews_primary_category":[],"jnews_social_meta":[],"jnews_override_counter":[],"footnotes":""},"categories":[7],"tags":[],"class_list":["post-2956","post","type-post","status-publish","format-standard","has-post-thumbnail","hentry","category-les-regles"],"_links":{"self":[{"href":"https:\/\/wncri.org\/fr\/wp-json\/wp\/v2\/posts\/2956","targetHints":{"allow":["GET"]}}],"collection":[{"href":"https:\/\/wncri.org\/fr\/wp-json\/wp\/v2\/posts"}],"about":[{"href":"https:\/\/wncri.org\/fr\/wp-json\/wp\/v2\/types\/post"}],"author":[{"embeddable":true,"href":"https:\/\/wncri.org\/fr\/wp-json\/wp\/v2\/users\/1"}],"replies":[{"embeddable":true,"href":"https:\/\/wncri.org\/fr\/wp-json\/wp\/v2\/comments?post=2956"}],"version-history":[{"count":1,"href":"https:\/\/wncri.org\/fr\/wp-json\/wp\/v2\/posts\/2956\/revisions"}],"predecessor-version":[{"id":22953,"href":"https:\/\/wncri.org\/fr\/wp-json\/wp\/v2\/posts\/2956\/revisions\/22953"}],"wp:featuredmedia":[{"embeddable":true,"href":"https:\/\/wncri.org\/fr\/wp-json\/wp\/v2\/media\/22952"}],"wp:attachment":[{"href":"https:\/\/wncri.org\/fr\/wp-json\/wp\/v2\/media?parent=2956"}],"wp:term":[{"taxonomy":"category","embeddable":true,"href":"https:\/\/wncri.org\/fr\/wp-json\/wp\/v2\/categories?post=2956"},{"taxonomy":"post_tag","embeddable":true,"href":"https:\/\/wncri.org\/fr\/wp-json\/wp\/v2\/tags?post=2956"}],"curies":[{"name":"wp","href":"https:\/\/api.w.org\/{rel}","templated":true}]}}