{"id":2920,"date":"2018-02-05T09:37:02","date_gmt":"2018-02-05T09:37:02","guid":{"rendered":"https:\/\/wncri.org\/frdev\/2018\/02\/05\/appel-de-la-commission-des-femmes-du-cnri-condamnation-des-arrestations-des-femmes-pour-delit-vestimentaire-et-action-urgente-en-faveur-de-leur-liberation\/"},"modified":"2020-08-24T20:13:48","modified_gmt":"2020-08-24T18:13:48","slug":"appel-de-la-commission-des-femmes-du-cnri-condamnation-des-arrestations-des-femmes-pour-delit-vestimentaire-et-action-urgente-en-faveur-de-leur-liberation","status":"publish","type":"post","link":"https:\/\/wncri.org\/fr\/2018\/02\/05\/appel-de-la-commission-des-femmes-du-cnri-condamnation-des-arrestations-des-femmes-pour-delit-vestimentaire-et-action-urgente-en-faveur-de-leur-liberation\/","title":{"rendered":"Appel de la Commission des femmes du CNRI : Condamnation des arrestations des femmes pour d\u00e9lit vestimentaire et action urgente en faveur de leur lib\u00e9ration"},"content":{"rendered":"<p>Vingt-neuf femmes qui ne portaient pas de voile ont \u00e9t\u00e9 arr\u00eat\u00e9es \u00e0 T\u00e9h\u00e9ran <em>\u00ab&nbsp;dans le but d\u2019assurer la s\u00e9curit\u00e9 dans la soci\u00e9t\u00e9&nbsp;\u00bb<\/em>, a annonc\u00e9 jeudi 1 f\u00e9vrier 2018, l\u2019Agence de presse Fars, proche des gardiens de la r\u00e9volution.<\/p>\n<p><!--more--><\/p>\n<p><em>\u00ab&nbsp;Les personnes interpell\u00e9es ont \u00e9t\u00e9 remises aux mains de la justice&nbsp;\u00bb<\/em> ajoute la m\u00eame source. &nbsp;Le judiciaire du r\u00e9gime a d\u00e9sign\u00e9 de lourdes cautions quasiment impayables, pour la lib\u00e9ration de ces femmes.<\/p>\n<p>La Commission des femmes de la Conseil national de la r\u00e9sistance iranienne condamne les arrestations des femmes iraniennes sous pr\u00e9texte de manquement au code vestimentaire. Cette commission appelle toutes les instances et organisations internationales de droits de l\u2019Homme et des droits des femmes \u00e0 condamner cet acte inhumain du r\u00e9gime misogyne et \u00e0 agir d\u2019urgence en faveur de la lib\u00e9ration imm\u00e9diate et inconditionnelle de ces femmes.<\/p>\n<p>Le 24 janvier 2018, lors d\u2019une visite au Conseil de l\u2019Europe \u00e0 Strasbourg, Mme Maryam Rajavi avait appel\u00e9 l\u2019Union europ\u00e9enne, le Conseil de l\u2019Europe et les \u00c9tats europ\u00e9ens \u00e0 adopter des mesures efficaces pour contraindre le fascisme religieux au pouvoir en Iran \u00e0 cesser la r\u00e9pression des femmes et \u00e0 abolir la loi du port obligatoire du voile. <em>\u00ab&nbsp;Trente-neuf ans d\u2019effusion de sang, de crimes, de r\u00e9pression et de discriminations \u00e0 l\u2019\u00e9gard des femmes, de terreur et de censure, \u00e7a suffit&nbsp;!&nbsp;\u00bb<\/em> avait dit la Pr\u00e9sidente du Conseil national de la r\u00e9sistance iranienne, avant d\u2019appeler la communaut\u00e9 internationale \u00e0 mettre fin \u00e0 son silence et inaction \u00e0 l\u2019\u00e9gard de l\u2019Iran.&nbsp;<\/p>\n<p>Commission des femmes<\/p>\n<p>Conseil national de la r\u00e9sistance iranienne<\/p>\n<p>2 f\u00e9vrier 2018<\/p>\n","protected":false},"excerpt":{"rendered":"<p>Vingt-neuf femmes qui ne portaient pas de voile ont \u00e9t\u00e9 arr\u00eat\u00e9es \u00e0 T\u00e9h\u00e9ran \u00ab&nbsp;dans le but d\u2019assurer la s\u00e9curit\u00e9 dans la soci\u00e9t\u00e9&nbsp;\u00bb, a annonc\u00e9 jeudi 1 f\u00e9vrier 2018, l\u2019Agence de presse Fars, proche des gardiens de la r\u00e9volution.<\/p>\n","protected":false},"author":1,"featured_media":11694,"comment_status":"open","ping_status":"open","sticky":false,"template":"","format":"standard","meta":{"jnews-multi-image_gallery":[],"jnews_single_post":{"subtitle":"","format":"standard","video":"","gallery":"","source_name":"","source_url":"","via_name":"","via_url":"","override":[{"single_blog_custom":"","sidebar":"","second_sidebar":"","share_position":"","share_float_style":"","post_date_format":"","post_date_format_custom":"","post_reading_time_wpm":"","zoom_button_out_step":"1","zoom_button_in_step":"1","number_popup_post":"1"}],"image_override":[{"single_post_thumbnail_size":"","single_post_gallery_size":""}],"trending_post_position":"","trending_post_label":"","sponsored_post_label":"","sponsored_post_name":"","sponsored_post_url":"","sponsored_post_logo":"","sponsored_post_desc":""},"jnews_primary_category":{"id":""},"jnews_social_meta":[],"jnews_override_counter":{"view_counter_number":"0","share_counter_number":"0","like_counter_number":"0","dislike_counter_number":"0"},"footnotes":""},"categories":[5],"tags":[],"class_list":["post-2920","post","type-post","status-publish","format-standard","has-post-thumbnail","hentry","category-communiques"],"_links":{"self":[{"href":"https:\/\/wncri.org\/fr\/wp-json\/wp\/v2\/posts\/2920","targetHints":{"allow":["GET"]}}],"collection":[{"href":"https:\/\/wncri.org\/fr\/wp-json\/wp\/v2\/posts"}],"about":[{"href":"https:\/\/wncri.org\/fr\/wp-json\/wp\/v2\/types\/post"}],"author":[{"embeddable":true,"href":"https:\/\/wncri.org\/fr\/wp-json\/wp\/v2\/users\/1"}],"replies":[{"embeddable":true,"href":"https:\/\/wncri.org\/fr\/wp-json\/wp\/v2\/comments?post=2920"}],"version-history":[{"count":0,"href":"https:\/\/wncri.org\/fr\/wp-json\/wp\/v2\/posts\/2920\/revisions"}],"wp:featuredmedia":[{"embeddable":true,"href":"https:\/\/wncri.org\/fr\/wp-json\/wp\/v2\/media\/11694"}],"wp:attachment":[{"href":"https:\/\/wncri.org\/fr\/wp-json\/wp\/v2\/media?parent=2920"}],"wp:term":[{"taxonomy":"category","embeddable":true,"href":"https:\/\/wncri.org\/fr\/wp-json\/wp\/v2\/categories?post=2920"},{"taxonomy":"post_tag","embeddable":true,"href":"https:\/\/wncri.org\/fr\/wp-json\/wp\/v2\/tags?post=2920"}],"curies":[{"name":"wp","href":"https:\/\/api.w.org\/{rel}","templated":true}]}}