{"id":2889,"date":"2018-01-26T23:54:02","date_gmt":"2018-01-26T23:54:02","guid":{"rendered":"https:\/\/wncri.org\/frdev\/2018\/01\/26\/iran-les-enseignants-de-yazd-et-les-etudiants-des-beaux-arts-de-teheran-manifestent\/"},"modified":"2018-01-26T23:54:02","modified_gmt":"2018-01-26T23:54:02","slug":"iran-les-enseignants-de-yazd-et-les-etudiants-des-beaux-arts-de-teheran-manifestent","status":"publish","type":"post","link":"https:\/\/wncri.org\/fr\/2018\/01\/26\/iran-les-enseignants-de-yazd-et-les-etudiants-des-beaux-arts-de-teheran-manifestent\/","title":{"rendered":"Iran: Les enseignants de Yazd et les \u00e9tudiants des beaux arts de T\u00e9h\u00e9ran manifestent"},"content":{"rendered":"<p>CNRI Femmes &#8211; Les enseignants de Yazd, femmes et hommes, ont continu\u00e9 leur quatri\u00e8me jour de leur manifestation le 24 janvier, devant le b\u00e2timent du minist\u00e8re de la Justice \u00e0 Yazd, au centre de l&#8217;Iran.<\/p>\n<p>Les enseignants exigent dix mois de salaires impay\u00e9s.<\/p>\n<p>  <!--more-->  <\/p>\n<p>A T\u00e9h\u00e9ran, les \u00e9tudiants des Beaux-Arts ont organis\u00e9 une manifestation et sign\u00e9 une p\u00e9tition le 23 janvier contre les frais universitaires \u00e9lev\u00e9s et la mauvaise qualit\u00e9<\/p>\n<p><img decoding=\"async\" class=\" alignleft size-full wp-image-5591 lazyload\" style=\"float: left; margin: 10px;\" src=\"data:image\/gif;base64,R0lGODlhAQABAIAAAAAAAP\/\/\/yH5BAEAAAAALAAAAAABAAEAAAIBRAA7\" data-src=\"https:\/\/wncri.org\/fr\/\/wp-content\/uploads\/2018\/01\/images_iran_news_january2018_012507.jpg\" width=\"460\" height=\"300\" \/><noscript><img decoding=\"async\" class=\" alignleft size-full wp-image-5591 lazyload\" style=\"float: left; margin: 10px;\" src=\"https:\/\/wncri.org\/fr\/\/wp-content\/uploads\/2018\/01\/images_iran_news_january2018_012507.jpg\" width=\"460\" height=\"300\" srcset=\"https:\/\/wncri.org\/fr\/wp-content\/uploads\/2018\/01\/images_iran_news_january2018_012507.jpg 460w, https:\/\/wncri.org\/fr\/wp-content\/uploads\/2018\/01\/images_iran_news_january2018_012507-300x196.jpg 300w\" sizes=\"(max-width: 460px) 100vw, 460px\" \/><\/noscript><\/p>\n<p>de l&#8217;enseignement ainsi que d&#8217;autres d\u00e9ficiences de leur \u00e9cole, comme des probl\u00e8mes dans la pr\u00e9sentation de leurs th\u00e8ses, des \u00e9quipements anciens et inefficaces dans les ateliers, et une facult\u00e9 incomp\u00e9tente.<\/p>\n<p>\u00a0<\/p>\n","protected":false},"excerpt":{"rendered":"<p>CNRI Femmes &#8211; Les enseignants de Yazd, femmes et hommes, ont continu\u00e9 leur quatri\u00e8me jour de leur manifestation le 24 janvier, devant le b\u00e2timent du minist\u00e8re de la Justice \u00e0 Yazd, au centre de l&#8217;Iran. Les enseignants exigent dix mois de salaires impay\u00e9s.<\/p>\n","protected":false},"author":1,"featured_media":5590,"comment_status":"open","ping_status":"open","sticky":false,"template":"","format":"standard","meta":{"jnews-multi-image_gallery":[],"jnews_single_post":[],"jnews_primary_category":[],"jnews_social_meta":[],"jnews_override_counter":[],"footnotes":""},"categories":[3],"tags":[],"class_list":["post-2889","post","type-post","status-publish","format-standard","has-post-thumbnail","hentry","category-infos-des-femmes"],"_links":{"self":[{"href":"https:\/\/wncri.org\/fr\/wp-json\/wp\/v2\/posts\/2889","targetHints":{"allow":["GET"]}}],"collection":[{"href":"https:\/\/wncri.org\/fr\/wp-json\/wp\/v2\/posts"}],"about":[{"href":"https:\/\/wncri.org\/fr\/wp-json\/wp\/v2\/types\/post"}],"author":[{"embeddable":true,"href":"https:\/\/wncri.org\/fr\/wp-json\/wp\/v2\/users\/1"}],"replies":[{"embeddable":true,"href":"https:\/\/wncri.org\/fr\/wp-json\/wp\/v2\/comments?post=2889"}],"version-history":[{"count":0,"href":"https:\/\/wncri.org\/fr\/wp-json\/wp\/v2\/posts\/2889\/revisions"}],"wp:featuredmedia":[{"embeddable":true,"href":"https:\/\/wncri.org\/fr\/wp-json\/wp\/v2\/media\/5590"}],"wp:attachment":[{"href":"https:\/\/wncri.org\/fr\/wp-json\/wp\/v2\/media?parent=2889"}],"wp:term":[{"taxonomy":"category","embeddable":true,"href":"https:\/\/wncri.org\/fr\/wp-json\/wp\/v2\/categories?post=2889"},{"taxonomy":"post_tag","embeddable":true,"href":"https:\/\/wncri.org\/fr\/wp-json\/wp\/v2\/tags?post=2889"}],"curies":[{"name":"wp","href":"https:\/\/api.w.org\/{rel}","templated":true}]}}