{"id":2886,"date":"2018-01-26T23:22:33","date_gmt":"2018-01-26T23:22:33","guid":{"rendered":"https:\/\/wncri.org\/frdev\/2018\/01\/26\/maryam-rajavi-lance-un-appel-d-urgence-pour-liberer-les-personnes-arretees-lors-des-soulevements-en-iran\/"},"modified":"2018-01-26T23:22:33","modified_gmt":"2018-01-26T23:22:33","slug":"maryam-rajavi-lance-un-appel-d-urgence-pour-liberer-les-personnes-arretees-lors-des-soulevements-en-iran","status":"publish","type":"post","link":"https:\/\/wncri.org\/fr\/2018\/01\/26\/maryam-rajavi-lance-un-appel-d-urgence-pour-liberer-les-personnes-arretees-lors-des-soulevements-en-iran\/","title":{"rendered":"Maryam Rajavi lance un appel d\u2019urgence pour lib\u00e9rer les personnes arr\u00eat\u00e9es lors des soul\u00e8vements en Iran"},"content":{"rendered":"<p>Le mercredi 24 janvier 2018, lors d\u2019une visite au Conseil de l\u2019Europe \u00e0 Strasbourg, Maryam Rajavi a appel\u00e9 les gouvernements europ\u00e9ens \u00e0 agir en faveur de la lib\u00e9ration des personnes incarc\u00e9r\u00e9es lors des r\u00e9cents soul\u00e8vements populaires en Iran.<\/p>\n<p>  <!--more-->  <\/p>\n<p>Lors d\u2019une <a href=\"https:\/\/www.microsofttranslator.com\/bv.aspx?from=en&amp;to=fr&amp;a=https%3A%2F%2Fwww.maryam-rajavi.com%2Fen%2Factivities%2Fevent-reports%2Fitem%2Fmaryam-rajavi-at-ec-press-conference-immediately-free-those-arrested-in-iran-uprising\" target=\"_blank\" rel=\"noopener\">Conf\u00e9rence de presse <\/a>\u00e0 l\u2019Assembl\u00e9e parlementaire du Conseil de l\u2019Europe, la cheffe de l\u2019opposition iranienne a \u00e9num\u00e9r\u00e9 les exigences qu\u2019avait son mouvement de r\u00e9sistance de l\u2019Europe et de la communaut\u00e9 internationale en g\u00e9n\u00e9ral, apr\u00e8s les \u00e9meutes qui ont secou\u00e9 les fondements du pouvoir en place \u00a0dans les deux premi\u00e8res semaines de 2018.<\/p>\n<p>Avant cette conf\u00e9rence, la dirigeante iranienne avait particip\u00e9 \u00e0 trois r\u00e9unions \u00e0 part dans un m\u00eame jour, avec les groupes <a href=\"https:\/\/www.microsofttranslator.com\/bv.aspx?from=en&amp;to=fr&amp;a=https%3A%2F%2Fwww.maryam-rajavi.com%2Fen%2Factivities%2Fevent-reports%2Fitem%2Feurope-must-stand-by-iran-protesters-maryam-rajavi-s-speech-at-the-official-epp-meeting\" target=\"_blank\" rel=\"noopener\">PPE <\/a>, <a href=\"https:\/\/www.microsofttranslator.com\/bv.aspx?from=en&amp;to=fr&amp;a=https%3A%2F%2Fwww.maryam-rajavi.com%2Fen%2Factivities%2Fevent-reports%2Fitem%2Fmaryam-rajavi-at-official-alde-meeting-i-have-come-to-be-the-voice-of-those-who-are-presently-imprisoned-under-torture\" target=\"_blank\" rel=\"noopener\">ALDE <\/a>et <a href=\"https:\/\/www.microsofttranslator.com\/bv.aspx?from=en&amp;to=fr&amp;a=https%3A%2F%2Fwww.maryam-rajavi.com%2Fen%2Factivities%2Fevent-reports%2Fitem%2Fmaryam-rajavi-at-official-uel-meeting-europe-must-make-its-relations-with-the-iranian-regime-contingent-on-the-release-of-prisoners\" target=\"_blank\" rel=\"noopener\">EUL <\/a>de la Commission europ\u00e9enne. Mme Rajavi, a soulign\u00e9 que la soci\u00e9t\u00e9 iranienne est toujours au bord de l\u2019explosion, rappelant que des dizaines de manifestants avaient \u00e9t\u00e9 tu\u00e9s par les gardiens de la r\u00e9volution et les forces de l\u2019ordre, lors des insurrections du d\u00e9but 2018.<\/p>\n<p><img decoding=\"async\" class=\" alignleft size-full wp-image-5584 lazyload\" style=\"float: left; margin: 10px;\" src=\"data:image\/gif;base64,R0lGODlhAQABAIAAAAAAAP\/\/\/yH5BAEAAAAALAAAAAABAAEAAAIBRAA7\" data-src=\"https:\/\/wncri.org\/fr\/\/wp-content\/uploads\/2018\/01\/images_articles_meeting_Europe.jpg\" width=\"460\" height=\"300\" \/><noscript><img decoding=\"async\" class=\" alignleft size-full wp-image-5584 lazyload\" style=\"float: left; margin: 10px;\" src=\"https:\/\/wncri.org\/fr\/\/wp-content\/uploads\/2018\/01\/images_articles_meeting_Europe.jpg\" width=\"460\" height=\"300\" srcset=\"https:\/\/wncri.org\/fr\/wp-content\/uploads\/2018\/01\/images_articles_meeting_Europe.jpg 460w, https:\/\/wncri.org\/fr\/wp-content\/uploads\/2018\/01\/images_articles_meeting_Europe-300x196.jpg 300w\" sizes=\"(max-width: 460px) 100vw, 460px\" \/><\/noscript><\/p>\n<p>Elle a \u00e9galement indiqu\u00e9 que quelques 8000 personnes ont \u00e9t\u00e9 arr\u00eat\u00e9s lors de ces \u00e9v\u00e8nements, dont certains ont \u00e9t\u00e9 tu\u00e9es sous la torture\u00a0; de nombreux jeunes manifestants sont \u00e9galement port\u00e9s disparus. <em>\u00ab\u00a0Il s\u2019agit des exemples irr\u00e9futables de crime contre l\u2019humanit\u00e9 \u00bb<\/em> a-t-elle remarqu\u00e9.\u00a0<\/p>\n<p>Elle a appel\u00e9 l\u2019Europe \u00e0 mettre fin \u00e0 son silence et inaction dans le dossier de l\u2019Iran. <em>\u00ab\u00a0Le r\u00e9gime iranien doit saisir qu&#8217;il aura \u00e0 payer un lourd tribut s\u2019il ouvre le feu sur les manifestants et s\u2019il continue de tuer les personnes interpell\u00e9es sous la torture\u00a0\u00bb<\/em> a-t-elle pr\u00e9conis\u00e9.<\/p>\n<p>\u00a0<\/p>\n<p><strong>Mettre fin \u00e0 la r\u00e9pression des femmes et au port obligatoire du voile <\/strong><\/p>\n<p>La patronne de l\u2019opposition iranienne Maryam Rajavi a \u00e9galement abord\u00e9 la question de la r\u00e9pression des femmes et elle a appel\u00e9 \u00e0 mettre fin aux contraintes impos\u00e9es aux femmes, notamment le port obligatoire du voile.<\/p>\n<p>Maryam Radjavi a appel\u00e9 le Conseil de l\u2019Europe et ses membres \u00e0 adopter des mesures contraignantes pour pousser le fascisme religieux en Iran \u00e0 <em>\u00ab\u00a0lib\u00e9rer imm\u00e9diatement les personnes arr\u00eat\u00e9es lors des r\u00e9voltes, respecter la libert\u00e9 d\u2019expression et d\u2019association, arr\u00eater la r\u00e9pression des femmes et abolir la loi sur le voile obligatoire \u00bb.<\/em>\u00a0<\/p>\n<p>\u00a0<em>\u00ab\u00a0Trente-neuf ans d\u2019effusion de sang et de crimes, de discriminations \u00e0 l\u2019\u00e9gard des femmes, de r\u00e9pression et de censure suffisent\u00a0!\u00a0\u00bb<\/em> s\u2019est-elle exclam\u00e9e.<\/p>\n<p><img decoding=\"async\" class=\" alignleft size-full wp-image-5585 lazyload\" style=\"float: left; margin: 10px;\" src=\"data:image\/gif;base64,R0lGODlhAQABAIAAAAAAAP\/\/\/yH5BAEAAAAALAAAAAABAAEAAAIBRAA7\" data-src=\"https:\/\/wncri.org\/fr\/\/wp-content\/uploads\/2018\/01\/images_articles_meeting_Europe2.jpg\" width=\"460\" height=\"300\" \/><noscript><img decoding=\"async\" class=\" alignleft size-full wp-image-5585 lazyload\" style=\"float: left; margin: 10px;\" src=\"https:\/\/wncri.org\/fr\/\/wp-content\/uploads\/2018\/01\/images_articles_meeting_Europe2.jpg\" width=\"460\" height=\"300\" srcset=\"https:\/\/wncri.org\/fr\/wp-content\/uploads\/2018\/01\/images_articles_meeting_Europe2.jpg 460w, https:\/\/wncri.org\/fr\/wp-content\/uploads\/2018\/01\/images_articles_meeting_Europe2-300x196.jpg 300w\" sizes=\"(max-width: 460px) 100vw, 460px\" \/><\/noscript><\/p>\n<p>Mme Radjavi a \u00e9galement soulign\u00e9 que le r\u00e9gime iranien est entr\u00e9 dans la phase finale de son pouvoir. On ne reviendra plus \u00e0 l\u2019\u00e9quilibre pr\u00e9alables aux r\u00e9cents \u00e9meutes, a-t-elle pr\u00e9conis\u00e9, avant d\u2019ajouter que les \u00e9meutes se poursuivront jusqu\u2019au renversement de l\u2019actuel r\u00e9gime politique.<\/p>\n<p>Elle a invit\u00e9 le Conseil de l\u2019Europe, l\u2019Union europ\u00e9enne et ses \u00c9tats membres ainsi que l\u2019ONU de se ranger du c\u00f4t\u00e9 du peuple d\u2019Iran et non celui du r\u00e9gime fasciste religieux.<\/p>\n<p>La patronne du Conseil national de la r\u00e9sistance iranienne (CNRI) a \u00e9galement appel\u00e9 le Haut-Commissariat des Nations Unies pour les droits de l\u2019homme \u00e0 constituer une d\u00e9l\u00e9gation internationale pour enqu\u00eater sur la mort, les arrestations, les disparitions et les assassinats dans les prisons.<\/p>\n<p>Elle a soulign\u00e9 que <em>\u00ab\u00a0les r\u00e9cents soul\u00e8vements en Iran ont montr\u00e9 que ce r\u00e9gime n\u2019a aucune l\u00e9gitimit\u00e9 et il n\u2019a aucun avenir \u00bb,<\/em> notant que tout investissement sur un tel r\u00e9gime est vou\u00e9 \u00e0 l\u2019\u00e9chec.\u00a0<\/p>\n<p>La cheffe de l\u2019opposition a ajout\u00e9 le commerce avec le r\u00e9gime iranien alimente sa machine \u00e0 tuer et sa politique d\u2019expansionnisme et de terrorisme au Moyen Orient, surtout que l\u2019\u00e9conomie iranienne est sous monopole des gardiens de la r\u00e9volution, sorte de gestapo du Guide supr\u00eame Ali Khamenei. Elle a appel\u00e9 \u00e0 mettre un terme \u00e0 toutes les relations diplomatiques et \u00e9conomiques avec le r\u00e9gime iranien et \u00e0 imposer des sanctions globales contre ce dernier, apr\u00e8s des d\u00e9cennies de crimes contre l\u2019humanit\u00e9.<\/p>\n<p>\u00a0<\/p>\n","protected":false},"excerpt":{"rendered":"<p>Le mercredi 24 janvier 2018, lors d\u2019une visite au Conseil de l\u2019Europe \u00e0 Strasbourg, Maryam Rajavi a appel\u00e9 les gouvernements europ\u00e9ens \u00e0 agir en faveur de la lib\u00e9ration des personnes incarc\u00e9r\u00e9es lors des r\u00e9cents soul\u00e8vements populaires en Iran.<\/p>\n","protected":false},"author":1,"featured_media":5583,"comment_status":"open","ping_status":"open","sticky":false,"template":"","format":"standard","meta":{"jnews-multi-image_gallery":[],"jnews_single_post":[],"jnews_primary_category":[],"jnews_social_meta":[],"jnews_override_counter":[],"footnotes":""},"categories":[8],"tags":[],"class_list":["post-2886","post","type-post","status-publish","format-standard","has-post-thumbnail","hentry","category-articles"],"_links":{"self":[{"href":"https:\/\/wncri.org\/fr\/wp-json\/wp\/v2\/posts\/2886","targetHints":{"allow":["GET"]}}],"collection":[{"href":"https:\/\/wncri.org\/fr\/wp-json\/wp\/v2\/posts"}],"about":[{"href":"https:\/\/wncri.org\/fr\/wp-json\/wp\/v2\/types\/post"}],"author":[{"embeddable":true,"href":"https:\/\/wncri.org\/fr\/wp-json\/wp\/v2\/users\/1"}],"replies":[{"embeddable":true,"href":"https:\/\/wncri.org\/fr\/wp-json\/wp\/v2\/comments?post=2886"}],"version-history":[{"count":0,"href":"https:\/\/wncri.org\/fr\/wp-json\/wp\/v2\/posts\/2886\/revisions"}],"wp:featuredmedia":[{"embeddable":true,"href":"https:\/\/wncri.org\/fr\/wp-json\/wp\/v2\/media\/5583"}],"wp:attachment":[{"href":"https:\/\/wncri.org\/fr\/wp-json\/wp\/v2\/media?parent=2886"}],"wp:term":[{"taxonomy":"category","embeddable":true,"href":"https:\/\/wncri.org\/fr\/wp-json\/wp\/v2\/categories?post=2886"},{"taxonomy":"post_tag","embeddable":true,"href":"https:\/\/wncri.org\/fr\/wp-json\/wp\/v2\/tags?post=2886"}],"curies":[{"name":"wp","href":"https:\/\/api.w.org\/{rel}","templated":true}]}}