{"id":2880,"date":"2018-01-23T15:23:30","date_gmt":"2018-01-23T15:23:30","guid":{"rendered":"https:\/\/wncri.org\/frdev\/2018\/01\/23\/iran-des-nouvelles-de-femmes-arretees-dans-le-souleve-ment\/"},"modified":"2018-01-23T15:23:30","modified_gmt":"2018-01-23T15:23:30","slug":"iran-des-nouvelles-de-femmes-arretees-dans-le-souleve-ment","status":"publish","type":"post","link":"https:\/\/wncri.org\/fr\/2018\/01\/23\/iran-des-nouvelles-de-femmes-arretees-dans-le-souleve-ment\/","title":{"rendered":"Iran : des nouvelles de  femmes arr\u00eat\u00e9es dans le souleve ment"},"content":{"rendered":"<p>CNRI Femmes &#8211; Au moins sept femmes kurdes ont \u00e9t\u00e9 arr\u00eat\u00e9es au cours des deux premi\u00e8res semaines de janvier dans les villes d&#8217;Oroumiyeh, de Kermanchah et d&#8217;Ilam, dans l&#8217;ouest de l&#8217;Iran.<\/p>\n<p>Malgr\u00e9 les trois semaines qui se sont \u00e9coul\u00e9es depuis l&#8217;arrestation de ces femmes, une seule d&#8217;entre elles, Touran Mehraban, a \u00e9t\u00e9 lib\u00e9r\u00e9e sous caution et les six autres sont toujours en prison.<\/p>\n<p>  <!--more-->  <\/p>\n<p>Des informations ant\u00e9rieures indiquaient l&#8217;arrestation de sept autres femmes dans la ville de Saqqez, dans le Kurdistan iranien.<\/p>\n<p>Par ailleurs, \u00e0 T\u00e9h\u00e9ran, la famille de Sepideh Farhan (Farahabadi) n&#8217; a pas r\u00e9ussi \u00e0 obtenir sa lib\u00e9ration malgr\u00e9 des demandes r\u00e9p\u00e9t\u00e9es. On leur a dit que leur fille ne sera pas lib\u00e9r\u00e9e pour le moment car ses interrogatoires ne sont pas encore termin\u00e9s.<\/p>\n<p>Mme Farhan a \u00e9t\u00e9 arr\u00eat\u00e9e avec plusieurs de ses amis le 2 janvier 2018, sur la place Enghelab de T\u00e9h\u00e9ran, puis transf\u00e9r\u00e9e en isolement cellulaire au minist\u00e8re du renseignement o\u00f9 elle est interrog\u00e9e.\u00a0<\/p>\n","protected":false},"excerpt":{"rendered":"<p>CNRI Femmes &#8211; Au moins sept femmes kurdes ont \u00e9t\u00e9 arr\u00eat\u00e9es au cours des deux premi\u00e8res semaines de janvier dans les villes d&#8217;Oroumiyeh, de Kermanchah et d&#8217;Ilam, dans l&#8217;ouest de l&#8217;Iran. Malgr\u00e9 les trois semaines qui se sont \u00e9coul\u00e9es depuis l&#8217;arrestation de ces femmes, une seule d&#8217;entre elles, Touran Mehraban, a \u00e9t\u00e9 lib\u00e9r\u00e9e sous caution [&hellip;]<\/p>\n","protected":false},"author":1,"featured_media":5577,"comment_status":"open","ping_status":"open","sticky":false,"template":"","format":"standard","meta":{"jnews-multi-image_gallery":[],"jnews_single_post":[],"jnews_primary_category":[],"jnews_social_meta":[],"jnews_override_counter":[],"footnotes":""},"categories":[3],"tags":[],"class_list":["post-2880","post","type-post","status-publish","format-standard","has-post-thumbnail","hentry","category-infos-des-femmes"],"_links":{"self":[{"href":"https:\/\/wncri.org\/fr\/wp-json\/wp\/v2\/posts\/2880","targetHints":{"allow":["GET"]}}],"collection":[{"href":"https:\/\/wncri.org\/fr\/wp-json\/wp\/v2\/posts"}],"about":[{"href":"https:\/\/wncri.org\/fr\/wp-json\/wp\/v2\/types\/post"}],"author":[{"embeddable":true,"href":"https:\/\/wncri.org\/fr\/wp-json\/wp\/v2\/users\/1"}],"replies":[{"embeddable":true,"href":"https:\/\/wncri.org\/fr\/wp-json\/wp\/v2\/comments?post=2880"}],"version-history":[{"count":0,"href":"https:\/\/wncri.org\/fr\/wp-json\/wp\/v2\/posts\/2880\/revisions"}],"wp:featuredmedia":[{"embeddable":true,"href":"https:\/\/wncri.org\/fr\/wp-json\/wp\/v2\/media\/5577"}],"wp:attachment":[{"href":"https:\/\/wncri.org\/fr\/wp-json\/wp\/v2\/media?parent=2880"}],"wp:term":[{"taxonomy":"category","embeddable":true,"href":"https:\/\/wncri.org\/fr\/wp-json\/wp\/v2\/categories?post=2880"},{"taxonomy":"post_tag","embeddable":true,"href":"https:\/\/wncri.org\/fr\/wp-json\/wp\/v2\/tags?post=2880"}],"curies":[{"name":"wp","href":"https:\/\/api.w.org\/{rel}","templated":true}]}}