{"id":2874,"date":"2018-01-21T16:57:07","date_gmt":"2018-01-21T16:57:07","guid":{"rendered":"https:\/\/wncri.org\/frdev\/2018\/01\/21\/iran-deux-femmes-derviches-matraquees-et-arretees\/"},"modified":"2018-01-21T16:57:07","modified_gmt":"2018-01-21T16:57:07","slug":"iran-deux-femmes-derviches-matraquees-et-arretees","status":"publish","type":"post","link":"https:\/\/wncri.org\/fr\/2018\/01\/21\/iran-deux-femmes-derviches-matraquees-et-arretees\/","title":{"rendered":"Iran : Deux femmes derviches matraqu\u00e9es et arr\u00eat\u00e9es"},"content":{"rendered":"<p>CNRI Femmes &#8211; Des derviches Gonabadi ont organis\u00e9 une manifestation devant le gouvernorat de Ko-Ar dans le sud de l&#8217;Iran, le 14 janvier, pour protester contre les arrestations arbitraires de membres de cette minorit\u00e9 religieuse musulmane dans diverses villes, sans donner de raisons.<\/p>\n<p>  <!--more-->  <\/p>\n<p>La police a r\u00e9agi en chargeant les manifestants \u00e0 coups de matraques et de gaz lacrymog\u00e8nes. Des manifestants ont \u00e9t\u00e9 arr\u00eat\u00e9s. Une femme enceinte, Raheleh Merrikh, a \u00e9t\u00e9 bless\u00e9e sous les coups.<\/p>\n<p>Une autre femme, Fatemeh Soltani, derviche de la ville de Yazd, au centre de l&#8217;Iran, a \u00e9galement \u00e9t\u00e9 arr\u00eat\u00e9e lors d&#8217;incidents r\u00e9cents.<\/p>\n<p>\u00a0<\/p>\n","protected":false},"excerpt":{"rendered":"<p>CNRI Femmes &#8211; Des derviches Gonabadi ont organis\u00e9 une manifestation devant le gouvernorat de Ko-Ar dans le sud de l&#8217;Iran, le 14 janvier, pour protester contre les arrestations arbitraires de membres de cette minorit\u00e9 religieuse musulmane dans diverses villes, sans donner de raisons.<\/p>\n","protected":false},"author":1,"featured_media":5569,"comment_status":"open","ping_status":"open","sticky":false,"template":"","format":"standard","meta":{"jnews-multi-image_gallery":[],"jnews_single_post":[],"jnews_primary_category":[],"jnews_social_meta":[],"jnews_override_counter":[],"footnotes":""},"categories":[3],"tags":[],"class_list":["post-2874","post","type-post","status-publish","format-standard","has-post-thumbnail","hentry","category-infos-des-femmes"],"_links":{"self":[{"href":"https:\/\/wncri.org\/fr\/wp-json\/wp\/v2\/posts\/2874","targetHints":{"allow":["GET"]}}],"collection":[{"href":"https:\/\/wncri.org\/fr\/wp-json\/wp\/v2\/posts"}],"about":[{"href":"https:\/\/wncri.org\/fr\/wp-json\/wp\/v2\/types\/post"}],"author":[{"embeddable":true,"href":"https:\/\/wncri.org\/fr\/wp-json\/wp\/v2\/users\/1"}],"replies":[{"embeddable":true,"href":"https:\/\/wncri.org\/fr\/wp-json\/wp\/v2\/comments?post=2874"}],"version-history":[{"count":0,"href":"https:\/\/wncri.org\/fr\/wp-json\/wp\/v2\/posts\/2874\/revisions"}],"wp:featuredmedia":[{"embeddable":true,"href":"https:\/\/wncri.org\/fr\/wp-json\/wp\/v2\/media\/5569"}],"wp:attachment":[{"href":"https:\/\/wncri.org\/fr\/wp-json\/wp\/v2\/media?parent=2874"}],"wp:term":[{"taxonomy":"category","embeddable":true,"href":"https:\/\/wncri.org\/fr\/wp-json\/wp\/v2\/categories?post=2874"},{"taxonomy":"post_tag","embeddable":true,"href":"https:\/\/wncri.org\/fr\/wp-json\/wp\/v2\/tags?post=2874"}],"curies":[{"name":"wp","href":"https:\/\/api.w.org\/{rel}","templated":true}]}}