{"id":2872,"date":"2018-01-19T20:57:03","date_gmt":"2018-01-19T20:57:03","guid":{"rendered":"https:\/\/wncri.org\/frdev\/2018\/01\/19\/iran-deux-prisonnieres-politiques-convoquees-au-tribunal\/"},"modified":"2018-01-19T20:57:03","modified_gmt":"2018-01-19T20:57:03","slug":"iran-deux-prisonnieres-politiques-convoquees-au-tribunal","status":"publish","type":"post","link":"https:\/\/wncri.org\/fr\/2018\/01\/19\/iran-deux-prisonnieres-politiques-convoquees-au-tribunal\/","title":{"rendered":"Iran : Deux prisonni\u00e8res politiques convoqu\u00e9es au tribunal"},"content":{"rendered":"<p>CNRI &#8211; Atena Daemi et Golrokh Iraee, incarc\u00e9r\u00e9es \u00e0 la prison d&#8217;Evine de la capitale iranienne, ont \u00e9t\u00e9 convoqu\u00e9es au tribunal.<\/p>\n<p>La direction de la prison d&#8217;Evine a d\u00e9clar\u00e9 le 16 janvier qu&#8217;elles avaient \u00e9t\u00e9 convoqu\u00e9es \u00e0 la branche 4 du parquet d&#8217;Evine.<\/p>\n<p>  <!--more-->  <\/p>\n<p>Les d\u00e9tenues ont refus\u00e9 de compara\u00eetre parce qu&#8217;elles n&#8217;ont pas re\u00e7u de convocation \u00e9crite et qu&#8217;elles n&#8217;ont pas \u00e9t\u00e9 inform\u00e9es des motifs de la convocation.<\/p>\n<p>Les deux prisonni\u00e8res ont envoy\u00e9 des lettres la semaine derni\u00e8re d\u00e9clarant leur soutien au soul\u00e8vement national en Iran.<\/p>\n","protected":false},"excerpt":{"rendered":"<p>CNRI &#8211; Atena Daemi et Golrokh Iraee, incarc\u00e9r\u00e9es \u00e0 la prison d&#8217;Evine de la capitale iranienne, ont \u00e9t\u00e9 convoqu\u00e9es au tribunal. La direction de la prison d&#8217;Evine a d\u00e9clar\u00e9 le 16 janvier qu&#8217;elles avaient \u00e9t\u00e9 convoqu\u00e9es \u00e0 la branche 4 du parquet d&#8217;Evine.<\/p>\n","protected":false},"author":1,"featured_media":5567,"comment_status":"open","ping_status":"open","sticky":false,"template":"","format":"standard","meta":{"jnews-multi-image_gallery":[],"jnews_single_post":[],"jnews_primary_category":[],"jnews_social_meta":[],"jnews_override_counter":[],"footnotes":""},"categories":[3],"tags":[],"class_list":["post-2872","post","type-post","status-publish","format-standard","has-post-thumbnail","hentry","category-infos-des-femmes"],"_links":{"self":[{"href":"https:\/\/wncri.org\/fr\/wp-json\/wp\/v2\/posts\/2872","targetHints":{"allow":["GET"]}}],"collection":[{"href":"https:\/\/wncri.org\/fr\/wp-json\/wp\/v2\/posts"}],"about":[{"href":"https:\/\/wncri.org\/fr\/wp-json\/wp\/v2\/types\/post"}],"author":[{"embeddable":true,"href":"https:\/\/wncri.org\/fr\/wp-json\/wp\/v2\/users\/1"}],"replies":[{"embeddable":true,"href":"https:\/\/wncri.org\/fr\/wp-json\/wp\/v2\/comments?post=2872"}],"version-history":[{"count":0,"href":"https:\/\/wncri.org\/fr\/wp-json\/wp\/v2\/posts\/2872\/revisions"}],"wp:featuredmedia":[{"embeddable":true,"href":"https:\/\/wncri.org\/fr\/wp-json\/wp\/v2\/media\/5567"}],"wp:attachment":[{"href":"https:\/\/wncri.org\/fr\/wp-json\/wp\/v2\/media?parent=2872"}],"wp:term":[{"taxonomy":"category","embeddable":true,"href":"https:\/\/wncri.org\/fr\/wp-json\/wp\/v2\/categories?post=2872"},{"taxonomy":"post_tag","embeddable":true,"href":"https:\/\/wncri.org\/fr\/wp-json\/wp\/v2\/tags?post=2872"}],"curies":[{"name":"wp","href":"https:\/\/api.w.org\/{rel}","templated":true}]}}