{"id":2812,"date":"2017-12-28T10:51:36","date_gmt":"2017-12-28T10:51:36","guid":{"rendered":"https:\/\/wncri.org\/frdev\/2017\/12\/28\/iran-les-manifestations-se-poursuivent-avec-toujours-plus-de-femmes\/"},"modified":"2017-12-28T10:51:36","modified_gmt":"2017-12-28T10:51:36","slug":"iran-les-manifestations-se-poursuivent-avec-toujours-plus-de-femmes","status":"publish","type":"post","link":"https:\/\/wncri.org\/fr\/2017\/12\/28\/iran-les-manifestations-se-poursuivent-avec-toujours-plus-de-femmes\/","title":{"rendered":"Iran : les manifestations se poursuivent avec toujours plus de femmes"},"content":{"rendered":"<p>CNRI Femmes &#8211; Les femmes en Iran ont particip\u00e9 activement \u00e0 trois manifestations le 26 d\u00e9cembre \u00e0 T\u00e9h\u00e9ran, Racht et Machad.<\/p>\n<p>R\u00e9pondant \u00e0 un appel lanc\u00e9 par Mme Robabeh Reza\u00ef, \u00e9pouse du militant syndicaliste emprisonn\u00e9 Reza Shahabi, les manifestants se sont rassembl\u00e9s devant le minist\u00e8re du Travail \u00e0 T\u00e9h\u00e9ran.<\/p>\n<p>  <!--more-->  <\/p>\n<p>Ils comptaient parmi eux de nombreux militants syndicaux et membres du Syndicat des chauffeurs de bus de T\u00e9h\u00e9ran et sa banlieue. Ils d\u00e9non\u00e7aient le refus des autorit\u00e9s d\u2019accorder des soins m\u00e9dicaux au prisonnier politique Reza Shahabi.<\/p>\n<p><img decoding=\"async\" class=\" alignleft size-full wp-image-5492 lazyload\" style=\"float: left; margin: 10px;\" src=\"data:image\/gif;base64,R0lGODlhAQABAIAAAAAAAP\/\/\/yH5BAEAAAAALAAAAAABAAEAAAIBRAA7\" data-src=\"https:\/\/wncri.org\/fr\/\/wp-content\/uploads\/2017\/12\/images_iran_news_novber2017_122706.jpg\" width=\"460\" height=\"300\" \/><noscript><img decoding=\"async\" class=\" alignleft size-full wp-image-5492 lazyload\" style=\"float: left; margin: 10px;\" src=\"https:\/\/wncri.org\/fr\/\/wp-content\/uploads\/2017\/12\/images_iran_news_novber2017_122706.jpg\" width=\"460\" height=\"300\" srcset=\"https:\/\/wncri.org\/fr\/wp-content\/uploads\/2017\/12\/images_iran_news_novber2017_122706.jpg 460w, https:\/\/wncri.org\/fr\/wp-content\/uploads\/2017\/12\/images_iran_news_novber2017_122706-300x196.jpg 300w\" sizes=\"(max-width: 460px) 100vw, 460px\" \/><\/noscript><\/p>\n<p>D\u00e8s le d\u00e9part, des policiers et des agents en civil ont violemment charg\u00e9 les manifestants, faisant une cinquantaine d\u2019arrestations, dont une dizaine de femmes, notamment Robabeh Reza\u00ef, Reyhaneh Ansari, Romina Mohseni, Ronak Reza\u00ef et Jila Makvandi..<\/p>\n<p>Tous les d\u00e9tenus ont \u00e9t\u00e9 lib\u00e9r\u00e9s de la prison d&#8217;Evine vers 16 heures, mais la plupart se sont plaints de la douleur en raison des coups inflig\u00e9s par les forces de s\u00e9curit\u00e9.<\/p>\n<p>A Racht, capitale de la province de Guilan, dans le nord de l\u2019Iran, des \u00e9pargnants spoli\u00e9s par l&#8217;institut de cr\u00e9dit Caspian ont jet\u00e9 des \u0153ufs pourris et des tomates sur les murs de la banque, en d\u00e9non\u00e7ant la fraude financ\u00e9e par l&#8217;\u00c9tat qui les a d\u00e9pouill\u00e9s des \u00e9conomies de toute une vie. \u00a0\u00a0<\/p>\n<p>\u00a0<\/p>\n<p>\u00a0<\/p>\n<p>A Machad, dans le nord-est de l\u2019Iran, les internes de la facult\u00e9 de m\u00e9decine se sont rassembl\u00e9s pour protester contre l&#8217;augmentation des frais de scolarit\u00e9 et le non-paiement de leur salaire \u00e0 l&#8217;h\u00f4pital.<\/p>\n<p><img decoding=\"async\" class=\" alignleft size-full wp-image-5493 lazyload\" style=\"float: left; margin: 10px;\" src=\"data:image\/gif;base64,R0lGODlhAQABAIAAAAAAAP\/\/\/yH5BAEAAAAALAAAAAABAAEAAAIBRAA7\" data-src=\"https:\/\/wncri.org\/fr\/\/wp-content\/uploads\/2017\/12\/images_iran_news_novber2017_122707.jpg\" width=\"460\" height=\"300\" \/><noscript><img decoding=\"async\" class=\" alignleft size-full wp-image-5493 lazyload\" style=\"float: left; margin: 10px;\" src=\"https:\/\/wncri.org\/fr\/\/wp-content\/uploads\/2017\/12\/images_iran_news_novber2017_122707.jpg\" width=\"460\" height=\"300\" srcset=\"https:\/\/wncri.org\/fr\/wp-content\/uploads\/2017\/12\/images_iran_news_novber2017_122707.jpg 460w, https:\/\/wncri.org\/fr\/wp-content\/uploads\/2017\/12\/images_iran_news_novber2017_122707-300x196.jpg 300w\" sizes=\"(max-width: 460px) 100vw, 460px\" \/><\/noscript><\/p>\n<p>Le rassemblement a eu lieu \u00e0 la suite de demandes r\u00e9p\u00e9t\u00e9es et sans r\u00e9sultat des internes de rencontrer le pr\u00e9sident de l&#8217;universit\u00e9.<\/p>\n","protected":false},"excerpt":{"rendered":"<p>CNRI Femmes &#8211; Les femmes en Iran ont particip\u00e9 activement \u00e0 trois manifestations le 26 d\u00e9cembre \u00e0 T\u00e9h\u00e9ran, Racht et Machad. R\u00e9pondant \u00e0 un appel lanc\u00e9 par Mme Robabeh Reza\u00ef, \u00e9pouse du militant syndicaliste emprisonn\u00e9 Reza Shahabi, les manifestants se sont rassembl\u00e9s devant le minist\u00e8re du Travail \u00e0 T\u00e9h\u00e9ran.<\/p>\n","protected":false},"author":1,"featured_media":5491,"comment_status":"open","ping_status":"open","sticky":false,"template":"","format":"standard","meta":{"jnews-multi-image_gallery":[],"jnews_single_post":[],"jnews_primary_category":[],"jnews_social_meta":[],"jnews_override_counter":[],"footnotes":""},"categories":[3],"tags":[],"class_list":["post-2812","post","type-post","status-publish","format-standard","has-post-thumbnail","hentry","category-infos-des-femmes"],"_links":{"self":[{"href":"https:\/\/wncri.org\/fr\/wp-json\/wp\/v2\/posts\/2812","targetHints":{"allow":["GET"]}}],"collection":[{"href":"https:\/\/wncri.org\/fr\/wp-json\/wp\/v2\/posts"}],"about":[{"href":"https:\/\/wncri.org\/fr\/wp-json\/wp\/v2\/types\/post"}],"author":[{"embeddable":true,"href":"https:\/\/wncri.org\/fr\/wp-json\/wp\/v2\/users\/1"}],"replies":[{"embeddable":true,"href":"https:\/\/wncri.org\/fr\/wp-json\/wp\/v2\/comments?post=2812"}],"version-history":[{"count":0,"href":"https:\/\/wncri.org\/fr\/wp-json\/wp\/v2\/posts\/2812\/revisions"}],"wp:featuredmedia":[{"embeddable":true,"href":"https:\/\/wncri.org\/fr\/wp-json\/wp\/v2\/media\/5491"}],"wp:attachment":[{"href":"https:\/\/wncri.org\/fr\/wp-json\/wp\/v2\/media?parent=2812"}],"wp:term":[{"taxonomy":"category","embeddable":true,"href":"https:\/\/wncri.org\/fr\/wp-json\/wp\/v2\/categories?post=2812"},{"taxonomy":"post_tag","embeddable":true,"href":"https:\/\/wncri.org\/fr\/wp-json\/wp\/v2\/tags?post=2812"}],"curies":[{"name":"wp","href":"https:\/\/api.w.org\/{rel}","templated":true}]}}