{"id":27558,"date":"2026-09-04T20:09:54","date_gmt":"2026-09-04T18:09:54","guid":{"rendered":"https:\/\/wncri.org\/fr\/?p=27558"},"modified":"2026-09-04T20:09:55","modified_gmt":"2026-09-04T18:09:55","slug":"mina-amirzadeh","status":"publish","type":"post","link":"https:\/\/wncri.org\/fr\/2026\/09\/04\/mina-amirzadeh\/","title":{"rendered":"Mina Amirzadeh : une vie fauch\u00e9e lors du soul\u00e8vement de 2026"},"content":{"rendered":"\n<h4 class=\"wp-block-heading\">Originaire de <a href=\"https:\/\/fr.wikipedia.org\/wiki\/Machhad\" target=\"_blank\" rel=\"noreferrer noopener\">Machhad<\/a> et r\u00e9sidant \u00e0 T\u00e9h\u00e9ran, Mina Amirzadeh a \u00e9t\u00e9 tu\u00e9e le vendredi 9 janvier 2026 par des tirs directs des forces de s\u00e9curit\u00e9 <strong>lors du soul\u00e8vement de 2026 <\/strong>en Iran. <\/h4>\n\n\n\n<p class=\"wp-block-paragraph\">Alors qu&#8217;elle circulait \u00e0 moto avec son p\u00e8re pour exprimer sa protestation, cette \u00e9tudiante de 25 ans a \u00e9t\u00e9 mortellement atteinte \u00e0 la gorge. Son d\u00e9c\u00e8s, survenu dans les bras de son p\u00e8re, et le transfert de sa d\u00e9pouille vers la morgue de Kahrizak illustrent la r\u00e9pression brutale exerc\u00e9e par le r\u00e9gime cl\u00e9rical contre la jeunesse lors du soul\u00e8vement de janvier.<\/p>\n\n\n\n<p class=\"wp-block-paragraph\">Mina \u00e9tait une jeune femme engag\u00e9e qui, comme tant d&#8217;autres, est descendue dans la rue aux c\u00f4t\u00e9s de son p\u00e8re pour faire entendre sa voix. Leur pr\u00e9sence a cependant bascul\u00e9 dans la trag\u00e9die lorsque les forces de l&#8217;ordre ont ouvert le feu sur eux.<\/p>\n\n\n\n<p class=\"wp-block-paragraph\">Mina se trouvait \u00e0 l&#8217;arri\u00e8re d&#8217;une motocyclette avec son p\u00e8re quand une balle l&#8217;a frapp\u00e9e au cou. Quelques instants plus tard, elle s&#8217;\u00e9teignait dans ses bras. Suite \u00e0 son martyre, son corps a \u00e9t\u00e9 transf\u00e9r\u00e9 \u00e0 Kahrizak. Sa famille a subi de rudes pressions s\u00e9curitaires pour obtenir la restitution de la d\u00e9pouille de leur fille. Malgr\u00e9 ces entraves, la c\u00e9r\u00e9monie du 40e jour en hommage \u00e0 cette martyre de la libert\u00e9 a \u00e9t\u00e9 marqu\u00e9e par une participation populaire massive et fervente.<\/p>\n\n\n\n<p class=\"wp-block-paragraph\">Mina <a href=\"https:\/\/wncri.org\/fr\/galerie-photo-des-martyrs-du-soulevement-de-2026\/\" target=\"_blank\" rel=\"noreferrer noopener\">n&#8217;avait que 25 ans au moment de sa mort<\/a>. Elle \u00e9tait \u00e9tudiante en microbiologie \u00e0 l&#8217;Institut d&#8217;enseignement sup\u00e9rieur Kavian de Machhad.<\/p>\n","protected":false},"excerpt":{"rendered":"<p>Originaire de Machhad et r\u00e9sidant \u00e0 T\u00e9h\u00e9ran, Mina Amirzadeh a \u00e9t\u00e9 tu\u00e9e le vendredi 9 janvier 2026 par des tirs directs des forces de s\u00e9curit\u00e9 lors du soul\u00e8vement de 2026 en Iran. Alors qu&#8217;elle circulait \u00e0 moto avec son p\u00e8re pour exprimer sa protestation, cette \u00e9tudiante de 25 ans a \u00e9t\u00e9 mortellement atteinte \u00e0 la [&hellip;]<\/p>\n","protected":false},"author":4,"featured_media":27559,"comment_status":"closed","ping_status":"closed","sticky":false,"template":"","format":"standard","meta":{"jnews-multi-image_gallery":[],"jnews_single_post":{"format":"standard"},"jnews_primary_category":[],"jnews_social_meta":[],"jnews_override_counter":[],"footnotes":""},"categories":[25],"tags":[],"class_list":["post-27558","post","type-post","status-publish","format-standard","has-post-thumbnail","hentry","category-tombees-pour-la-liberte"],"_links":{"self":[{"href":"https:\/\/wncri.org\/fr\/wp-json\/wp\/v2\/posts\/27558","targetHints":{"allow":["GET"]}}],"collection":[{"href":"https:\/\/wncri.org\/fr\/wp-json\/wp\/v2\/posts"}],"about":[{"href":"https:\/\/wncri.org\/fr\/wp-json\/wp\/v2\/types\/post"}],"author":[{"embeddable":true,"href":"https:\/\/wncri.org\/fr\/wp-json\/wp\/v2\/users\/4"}],"replies":[{"embeddable":true,"href":"https:\/\/wncri.org\/fr\/wp-json\/wp\/v2\/comments?post=27558"}],"version-history":[{"count":1,"href":"https:\/\/wncri.org\/fr\/wp-json\/wp\/v2\/posts\/27558\/revisions"}],"predecessor-version":[{"id":27560,"href":"https:\/\/wncri.org\/fr\/wp-json\/wp\/v2\/posts\/27558\/revisions\/27560"}],"wp:featuredmedia":[{"embeddable":true,"href":"https:\/\/wncri.org\/fr\/wp-json\/wp\/v2\/media\/27559"}],"wp:attachment":[{"href":"https:\/\/wncri.org\/fr\/wp-json\/wp\/v2\/media?parent=27558"}],"wp:term":[{"taxonomy":"category","embeddable":true,"href":"https:\/\/wncri.org\/fr\/wp-json\/wp\/v2\/categories?post=27558"},{"taxonomy":"post_tag","embeddable":true,"href":"https:\/\/wncri.org\/fr\/wp-json\/wp\/v2\/tags?post=27558"}],"curies":[{"name":"wp","href":"https:\/\/api.w.org\/{rel}","templated":true}]}}