{"id":27551,"date":"2026-09-04T20:02:47","date_gmt":"2026-09-04T18:02:47","guid":{"rendered":"https:\/\/wncri.org\/fr\/?p=27551"},"modified":"2026-09-04T20:02:48","modified_gmt":"2026-09-04T18:02:48","slug":"shiva-esmaeili-chirurgie","status":"publish","type":"post","link":"https:\/\/wncri.org\/fr\/2026\/09\/04\/shiva-esmaeili-chirurgie\/","title":{"rendered":"Shiva Esmaeili : une prisonni\u00e8re politique priv\u00e9e de chirurgie d&#8217;urgence"},"content":{"rendered":"\n<h4 class=\"wp-block-heading\">En ce mois de septembre 2026, \u00e0 la <a href=\"https:\/\/wncri.org\/fr\/2021\/12\/10\/les-conditions-des-femmes-prisons\/\" target=\"_blank\" rel=\"noreferrer noopener\">prison d\u2019Evin<\/a> \u00e0 T\u00e9h\u00e9ran, la prisonni\u00e8re politique iranienne Shiva Esmaeili, qui purge une peine de 10 ans, se voit refuser un traitement m\u00e9dical vital malgr\u00e9 une pathologie spinale s\u00e9v\u00e8re. Bien que les m\u00e9decins aient \u00e9tabli il y a plus d&#8217;un an la n\u00e9cessit\u00e9 d&#8217;une chirurgie de la colonne vert\u00e9brale, les autorit\u00e9s carc\u00e9rales et l&#8217;appareil judiciaire du r\u00e9gime bloquent son acc\u00e8s aux soins. Souffrant d&#8217;une st\u00e9nose du canal rachidien, Mme Esmaeili subit des douleurs dorsales si intenses qu&#8217;elle ne peut plus se d\u00e9placer seule, illustrant une strat\u00e9gie de harc\u00e8lement m\u00e9dical syst\u00e9matique au c\u0153ur de la capitale.<\/h4>\n\n\n\n<p class=\"wp-block-paragraph\">La <a href=\"https:\/\/wncri.org\/fr\/2026\/03\/21\/shiva-esmaeli-et-elaheh-fouladi\/\" target=\"_blank\" rel=\"noreferrer noopener\">gravit\u00e9 de ses souffrances<\/a> emp\u00eache d\u00e9sormais Shiva Esmaeili de se mouvoir normalement, et elle ne peut accomplir ses t\u00e2ches quotidiennes qu&#8217;avec l&#8217;assistance de ses cod\u00e9tenues. Ses douleurs chroniques sont provoqu\u00e9es par une st\u00e9nose du canal rachidien et des probl\u00e8mes vert\u00e9braux au niveau de la r\u00e9gion lombaire.<\/p>\n\n\n\n<p class=\"wp-block-paragraph\">L&#8217;administration p\u00e9nitentiaire avait d\u00e9j\u00e0 renvoy\u00e9 la prisonni\u00e8re au quartier des femmes alors qu&#8217;elle \u00e9tait en cours de transfert vers l&#8217;h\u00f4pital, invoquant une <a href=\"https:\/\/wncri.org\/fr\/2025\/10\/19\/shiva-esmaeli-victime-de-privation\/\" target=\"_blank\" rel=\"noreferrer noopener\">pr\u00e9tendue insuffisance de fonds<\/a> sur son compte bancaire. Les autorit\u00e9s lui ont \u00e9galement interdit de contacter sa famille pour obtenir l&#8217;aide financi\u00e8re n\u00e9cessaire \u00e0 son hospitalisation et \u00e0 sa chirurgie.<\/p>\n\n\n\n<h3 class=\"wp-block-heading\"><strong>Qui est Shiva Esmaeili ?<\/strong><\/h3>\n\n\n\n<p class=\"wp-block-paragraph\">N\u00e9e en 1965, Shiva Esmaeili est <a href=\"https:\/\/wncri.org\/fr\/2025\/10\/19\/shiva-esmaeli-victime-de-privation\/\" target=\"_blank\" rel=\"noreferrer noopener\">m\u00e8re de trois enfants<\/a>. Titulaire d&#8217;un dipl\u00f4me en ing\u00e9nierie agronomique, elle r\u00e9side \u00e0 T\u00e9h\u00e9ran. Elle a \u00e9t\u00e9 arr\u00eat\u00e9e en novembre 2020 pour des motifs politiques, dans une totale opacit\u00e9 juridique, et endure depuis plusieurs ann\u00e9es l&#8217;emprisonnement et la r\u00e9sistance derri\u00e8re les barreaux.<\/p>\n\n\n\n<p class=\"wp-block-paragraph\">Le 14 mai 2023, au terme de plusieurs mois d&#8217;incertitude, la 26e chambre du tribunal r\u00e9volutionnaire a prononc\u00e9 sa sentence : cinq ans de prison pour \u00ab rassemblement et collusion contre la s\u00e9curit\u00e9 nationale \u00bb, un an pour \u00ab propagande contre l&#8217;\u00c9tat \u00bb et quatre ans pour \u00ab atteinte \u00e0 la s\u00e9curit\u00e9 nationale \u00bb. \u00c0 titre de peine compl\u00e9mentaire, Shiva Esmaeili a \u00e9galement \u00e9t\u00e9 frapp\u00e9e d&#8217;une interdiction de quitter le territoire et d&#8217;exercer toute activit\u00e9 politique ou sociale pendant deux ans.<\/p>\n\n\n\n<p class=\"wp-block-paragraph\">Son fils, <a href=\"https:\/\/csdhi.org\/actualites\/51259-iran-la-prisonniere-politique-shiva-esmaeili-privee-deliberement-de-soins-medicaux\" target=\"_blank\" rel=\"noreferrer noopener\">Mehdi Vafaei Sani<\/a>, est \u00e9galement incarc\u00e9r\u00e9 \u00e0 la prison de Ghezel Hessar et souffre d&#8217;une pathologie h\u00e9patique ainsi que de graves douleurs dorsales. Le d\u00e9ni de soins persistant inflig\u00e9 \u00e0 Shiva Esmaeili et \u00e0 son fils Mehdi, d\u00e9tenus dans deux centres s\u00e9par\u00e9s, est utilis\u00e9 par le r\u00e9gime comme un instrument de d\u00e9gradation physique et de pression psychologique.<\/p>\n","protected":false},"excerpt":{"rendered":"<p>En ce mois de septembre 2026, \u00e0 la prison d\u2019Evin \u00e0 T\u00e9h\u00e9ran, la prisonni\u00e8re politique iranienne Shiva Esmaeili, qui purge une peine de 10 ans, se voit refuser un traitement m\u00e9dical vital malgr\u00e9 une pathologie spinale s\u00e9v\u00e8re. Bien que les m\u00e9decins aient \u00e9tabli il y a plus d&#8217;un an la n\u00e9cessit\u00e9 d&#8217;une chirurgie de la [&hellip;]<\/p>\n","protected":false},"author":4,"featured_media":22840,"comment_status":"closed","ping_status":"closed","sticky":false,"template":"","format":"standard","meta":{"jnews-multi-image_gallery":[],"jnews_single_post":{"format":"standard"},"jnews_primary_category":[],"jnews_social_meta":[],"jnews_override_counter":[],"footnotes":""},"categories":[3],"tags":[370],"class_list":["post-27551","post","type-post","status-publish","format-standard","has-post-thumbnail","hentry","category-infos-des-femmes","tag-prisonnieres"],"_links":{"self":[{"href":"https:\/\/wncri.org\/fr\/wp-json\/wp\/v2\/posts\/27551","targetHints":{"allow":["GET"]}}],"collection":[{"href":"https:\/\/wncri.org\/fr\/wp-json\/wp\/v2\/posts"}],"about":[{"href":"https:\/\/wncri.org\/fr\/wp-json\/wp\/v2\/types\/post"}],"author":[{"embeddable":true,"href":"https:\/\/wncri.org\/fr\/wp-json\/wp\/v2\/users\/4"}],"replies":[{"embeddable":true,"href":"https:\/\/wncri.org\/fr\/wp-json\/wp\/v2\/comments?post=27551"}],"version-history":[{"count":1,"href":"https:\/\/wncri.org\/fr\/wp-json\/wp\/v2\/posts\/27551\/revisions"}],"predecessor-version":[{"id":27552,"href":"https:\/\/wncri.org\/fr\/wp-json\/wp\/v2\/posts\/27551\/revisions\/27552"}],"wp:featuredmedia":[{"embeddable":true,"href":"https:\/\/wncri.org\/fr\/wp-json\/wp\/v2\/media\/22840"}],"wp:attachment":[{"href":"https:\/\/wncri.org\/fr\/wp-json\/wp\/v2\/media?parent=27551"}],"wp:term":[{"taxonomy":"category","embeddable":true,"href":"https:\/\/wncri.org\/fr\/wp-json\/wp\/v2\/categories?post=27551"},{"taxonomy":"post_tag","embeddable":true,"href":"https:\/\/wncri.org\/fr\/wp-json\/wp\/v2\/tags?post=27551"}],"curies":[{"name":"wp","href":"https:\/\/api.w.org\/{rel}","templated":true}]}}