{"id":27545,"date":"2026-09-03T22:06:45","date_gmt":"2026-09-03T20:06:45","guid":{"rendered":"https:\/\/wncri.org\/fr\/?p=27545"},"modified":"2026-09-03T22:52:05","modified_gmt":"2026-09-03T20:52:05","slug":"forough-taghipour-et-arghavan-fallahi","status":"publish","type":"post","link":"https:\/\/wncri.org\/fr\/2026\/09\/03\/forough-taghipour-et-arghavan-fallahi\/","title":{"rendered":"Forough Taghipour et Arghavan Fallahi : \u00ab Nous sommes la G\u00e9n\u00e9ration Z, oppos\u00e9e au chah et aux mollahs \u00bb"},"content":{"rendered":"\n<h4 class=\"wp-block-heading\">En septembre 2026, depuis la sinistre prison d\u2019Evin \u00e0 T\u00e9h\u00e9ran, les prisonni\u00e8res politiques Forough Taghipour et Arghavan Fallahi ont transmis un message clandestin pour c\u00e9l\u00e9brer le 61e anniversaire de la fondation de l\u2019Organisation des Moudjahidines du Peuple d\u2019Iran (OMPI).<\/h4>\n\n\n\n<p class=\"wp-block-paragraph\">Se revendiquant de la \u00ab G\u00e9n\u00e9ration Z \u00bb, elles y affirment leur rejet cat\u00e9gorique de la dictature et leur d\u00e9termination \u00e0 poursuivre le combat de leurs compagnons tomb\u00e9s. Arghavan Fallahi, actuellement condamn\u00e9e \u00e0 mort, et Forough Taghipour d\u00e9noncent un r\u00e9gime qui tente d\u2019\u00e9touffer par la potence un esprit de r\u00e9sistance qu\u2019elles jugent d\u00e9sormais invincible en Iran.<\/p>\n\n\n\n<p class=\"wp-block-paragraph\"><strong>Forough<\/strong> <strong>Taghipour<\/strong>, n\u00e9e en 1994 \u00e0 T\u00e9h\u00e9ran et titulaire d\u2019une licence en comptabilit\u00e9, a \u00e9t\u00e9 arr\u00eat\u00e9e en ao\u00fbt 2023. Condamn\u00e9e initialement \u00e0 15 ans de prison, sa peine a \u00e9t\u00e9 r\u00e9duite \u00e0 six ans, avant d\u2019\u00eatre r\u00e9cemment alourdie <a href=\"https:\/\/wncri.org\/fr\/2026\/02\/22\/forough-taghipour-prison-devin\/\">d\u2019une ann\u00e9e suppl\u00e9mentaire<\/a> alors qu\u2019elle \u00e9tait d\u00e9j\u00e0 incarc\u00e9r\u00e9e. Elle avait d\u00e9j\u00e0 connu les ge\u00f4les du r\u00e9gime entre 2020 et 2023 pour son soutien \u00e0 l\u2019OMPI.<\/p>\n\n\n\n<p class=\"wp-block-paragraph\"><strong>Arghavan<\/strong> <strong>Fallahi<\/strong>, \u00e2g\u00e9e de 25 ans, a \u00e9t\u00e9 interpell\u00e9e \u00e0 T\u00e9h\u00e9ran le 25 janvier 2025. Elle a \u00e9t\u00e9 soumise \u00e0 des interrogatoires et \u00e0 la torture dans les cellules d\u2019isolement des services de renseignement \u00e0 la prison d\u2019Evin. Durant cette p\u00e9riode, elle a endur\u00e9 des s\u00e9vices psychologiques continus tout en \u00e9tant priv\u00e9e de visites familiales. Elle est aujourd\u2019hui sous le coup d\u2019une <a href=\"https:\/\/wncri.org\/fr\/2026\/08\/22\/arghavan-fallahi-prison-devin-iran\/\">condamnation \u00e0 mort<\/a>.<\/p>\n\n\n\n<p class=\"wp-block-paragraph\"><strong>Note de la r\u00e9daction <\/strong>: Les d\u00e9clarations des prisonniers politiques d\u00e9tenus dans les prisons du r\u00e9gime iranien sont publi\u00e9es en r\u00e9ponse \u00e0 leur volont\u00e9 r\u00e9p\u00e9t\u00e9e de faire entendre leur voix. Ils insistent sur le fait que leur message de r\u00e9sistance doit atteindre la jeunesse et le peuple iranien \u00e0 tout prix.<\/p>\n\n\n\n<p class=\"wp-block-paragraph\">Le communiqu\u00e9 des prisonni\u00e8res politiques Forough Taghipour et Arghavan Fallahi se lit comme suit :<\/p>\n\n\n\n<h3 class=\"wp-block-heading\"><strong>Un jalon progressiste de la lutte contre deux dictatures<\/strong><\/h3>\n\n\n\n<p class=\"wp-block-paragraph\">\u00c0 l\u2019occasion du 61e anniversaire de la fondation de l\u2019Organisation des Moudjahidines du Peuple d\u2019Iran (OMPI), nous, prisonni\u00e8res politiques Arghavan Fallahi et Forough Taghipour, envoyons depuis les murs fragiles de la prison d\u2019Evin des milliers de salutations et de f\u00e9licitations au peuple h\u00e9ro\u00efque de l\u2019Iran, aux courageuses Unit\u00e9s de r\u00e9sistance et aux porteurs de flambeau de cette glorieuse R\u00e9sistance, <a href=\"https:\/\/www.maryam-rajavi.com\/fr\/biography\/\" target=\"_blank\" rel=\"noreferrer noopener\">Maryam Radjavi<\/a> et <a href=\"https:\/\/www.maryam-rajavi.com\/fr\/resistance-iranienne-direction-massoud-radjavi-rempli-mission-historique\/\" target=\"_blank\" rel=\"noreferrer noopener\">Massoud Radjavi<\/a>, ainsi qu\u2019\u00e0 tous les membres de l\u2019OMPI \u00e0 Achraf<a id=\"_ftnref1\" href=\"#_ftn1\">[1]<\/a> qui ont cr\u00e9\u00e9 un nouveau monde par leur r\u00e9volution lib\u00e9ratrice.<\/p>\n\n\n\n<p class=\"wp-block-paragraph\">Nous appartenons \u00e0 la <a href=\"https:\/\/www.maryam-rajavi.com\/fr\/lompi-un-tresor-national-de-lhistoire-de-liran\/\" target=\"_blank\" rel=\"noreferrer noopener\">lign\u00e9e sanglante de Mohammad Hanifnejad<\/a>, Sa\u00efd Mohsen et Ali-Asghar Badizadegan,<a id=\"_ftnref2\" href=\"#_ftn2\">[2]<\/a> ceux qui, en septembre 1965, ont plant\u00e9 les graines d\u2019une organisation qui grandit chaque jour plus vibrante et florissante.<\/p>\n\n\n\n<p class=\"wp-block-paragraph\">Une organisation qui a pr\u00e9sent\u00e9 des id\u00e9es fra\u00eeches et une pens\u00e9e innovante dans divers domaines, d\u00e9fiant tout ce qui est obsol\u00e8te et r\u00e9actionnaire. Dans l\u2019ar\u00e8ne de la lutte contre la dictature du chah comme contre le r\u00e9gime cl\u00e9rical, elle est devenue une r\u00e9f\u00e9rence progressiste, telle que quiconque entre sur le champ de bataille politique doit d\u2019abord d\u00e9finir ses coordonn\u00e9es par rapport \u00e0 elle.<\/p>\n\n\n\n<p class=\"wp-block-paragraph\">C\u2019est une organisation capable d\u2019action politique et de mobilisation, depuis les rues de l\u2019Iran et les quartiers des prisons d\u2019Evin et de Ghezel Hessar<a href=\"#_ftn3\" id=\"_ftnref3\">[3]<\/a> jusqu\u2019aux pays du monde entier, faisant un pas majeur vers le rejet de l\u2019exploitation. Une organisation qui, en tout temps et en tout lieu, a port\u00e9 le flambeau de l\u2019honn\u00eatet\u00e9 et du sacrifice, offrant le plus grand prix du sang et endurant les moments les plus complexes et douloureux au nom de la \u00ab libert\u00e9 \u00bb.<\/p>\n\n\n\n<h3 class=\"wp-block-heading\"><strong>Continuit\u00e9 de la g\u00e9n\u00e9ration des prisonniers in\u00e9branlables<\/strong><\/h3>\n\n\n\n<p class=\"wp-block-paragraph\">Nous appartenons \u00e0 la g\u00e9n\u00e9ration des prisonniers in\u00e9branlables de 1988<a href=\"#_ftn4\" id=\"_ftnref4\">[4]<\/a> qui, selon les mots du Coran, sont \u00e9ternellement vivants et incarnent la loyaut\u00e9 \u00e0 leur pacte et le sacrifice infini. Leur h\u00e9ritage s\u2019est manifest\u00e9 dans la rage ardente de janvier 2026 et dans l\u2019\u00e9lan de la lutte sans compromis du peuple iranien, alors que l\u2019histoire validait une fois de plus la ligne de l\u2019OMPI et la direction de la R\u00e9sistance.<\/p>\n\n\n\n<p class=\"wp-block-paragraph\">En effet, ce chemin, avec tous ses tournants, est si beau et extraordinaire qu\u2019apr\u00e8s 61 ans, il n\u2019a pas vieilli. Au contraire, il gagne en fra\u00eecheur et en vigueur de jour en jour, et \u00e0 chaque pas, nous reconnaissons sa justesse plus clairement, voyant comment il progresse vers la cr\u00e9ation d\u2019une nouvelle culture, d\u2019une nouvelle soci\u00e9t\u00e9 et d\u2019un nouvel \u00eatre humain.<\/p>\n\n\n<div class=\"wp-block-image\">\n<figure class=\"aligncenter size-full\"><img decoding=\"async\" width=\"750\" height=\"375\" data-src=\"https:\/\/wncri.org\/fr\/wp-content\/uploads\/2025\/12\/NCRI-Women-Forough-Taghipoor-min.jpg\" src=\"data:image\/gif;base64,R0lGODlhAQABAIAAAAAAAP\/\/\/yH5BAEAAAAALAAAAAABAAEAAAIBRAA7\" alt=\"Nouvelle affaire p\u00e9nale contre la prisonni\u00e8re politique Forough Taghipour \u00e0 la prison d\u2019Evin\" class=\"wp-image-24667 lazyload\"\/><noscript><img decoding=\"async\" width=\"750\" height=\"375\" src=\"https:\/\/wncri.org\/fr\/wp-content\/uploads\/2025\/12\/NCRI-Women-Forough-Taghipoor-min.jpg\" alt=\"Nouvelle affaire p\u00e9nale contre la prisonni\u00e8re politique Forough Taghipour \u00e0 la prison d\u2019Evin\" class=\"wp-image-24667\" srcset=\"https:\/\/wncri.org\/fr\/wp-content\/uploads\/2025\/12\/NCRI-Women-Forough-Taghipoor-min.jpg 750w, https:\/\/wncri.org\/fr\/wp-content\/uploads\/2025\/12\/NCRI-Women-Forough-Taghipoor-min-300x150.jpg 300w, https:\/\/wncri.org\/fr\/wp-content\/uploads\/2025\/12\/NCRI-Women-Forough-Taghipoor-min-360x180.jpg 360w\" sizes=\"(max-width: 750px) 100vw, 750px\" \/><\/noscript><figcaption class=\"wp-element-caption\">Forough Taghipour<\/figcaption><\/figure>\n<\/div>\n\n\n<h3 class=\"wp-block-heading\"><strong>La r\u00e9sistance de la nouvelle g\u00e9n\u00e9ration contre la r\u00e9pression et les ex\u00e9cutions<\/strong><\/h3>\n\n\n\n<p class=\"wp-block-paragraph\">Nous sommes la G\u00e9n\u00e9ration Z : anti-dictature, anti-d\u00e9pendance et oppos\u00e9e \u00e0 la fois au chah et aux mollahs. Nous sommes la suite de la voie trac\u00e9e par nos compagnons de l\u2019OMPI tomb\u00e9s au combat : Babak Alipour, <a href=\"https:\/\/fr.ncr-iran.org\/actualites\/droits-humains-2\/le-testament-imperissable-de-vahid-bani-amerian\/\" target=\"_blank\" rel=\"noreferrer noopener\">Vahid Bani-Amerian<\/a>, Pouya Ghobadi et Mehdi Khanki. Quelles roses rouges se sont engag\u00e9es sur ce chemin et ont embrass\u00e9 le martyre \u00e0 bras ouverts ! B\u00e9nis soient ceux dont le lien avec Dieu et le peuple est devenu \u00e9ternel, restant fid\u00e8les \u00e0 leur pacte jusqu\u2019\u00e0 leur dernier souffle.<\/p>\n\n\n\n<p class=\"wp-block-paragraph\">La douleur de perdre de tels joyaux pr\u00e9cieux ne nous brise pas ; elle resserre nos poings et attise le feu de la rage en nous. Bient\u00f4t viendra l\u2019effondrement de la fa\u00e7ade fragile de ce r\u00e9gime mal\u00e9fique d\u2019ex\u00e9cuteurs qui, sous l\u2019ombre de la guerre, cherche \u00e0 prouver son autorit\u00e9 perdue et creuse par une r\u00e9pression et des ex\u00e9cutions intensifi\u00e9es. Ils ne r\u00e9alisent pas que, que vous nous jetiez en prison ou que vous nous \u00e9trangliez avec les cordes des potences, nous sommes devenus un esprit vivant qui ne mourra jamais.<\/p>\n\n\n\n<p class=\"wp-block-paragraph\">Nous chantons avec la voix de Pouya, nous regardons avec les yeux de Vahid, nous marchons avec les pieds de Babak et nous aimons le peuple avec le c\u0153ur de Mehdi. Nous avons appris \u00e0 voler gr\u00e2ce aux colombes qui sont devenues des \u00e9toiles.<\/p>\n\n\n\n<p class=\"wp-block-paragraph\">Prisonni\u00e8res politiques de l\u2019OMPI<\/p>\n\n\n\n<p class=\"wp-block-paragraph\">Arghavan Fallahi et Forough Taghipour<\/p>\n\n\n\n<p class=\"wp-block-paragraph\">Comm\u00e9mor\u00e9 soit l\u2019anniversaire de la fondation de l\u2019Organisation des Moudjahidines du Peuple d\u2019Iran<\/p>\n\n\n\n<p class=\"wp-block-paragraph\">Vive la nouvelle R\u00e9publique d\u00e9mocratique d\u2019Iran<\/p>\n\n\n\n<p class=\"wp-block-paragraph\">Vive Radjavi<\/p>\n\n\n\n<p class=\"wp-block-paragraph\">Prison d\u2019Evin, septembre 2026<\/p>\n\n\n\n<hr class=\"wp-block-separator has-alpha-channel-opacity\"\/>\n\n\n\n<p class=\"wp-block-paragraph\"><a href=\"#_ftnref1\" id=\"_ftn1\">[1]<\/a> Ashraf 3, situ\u00e9e pr\u00e8s de Tirana, en Albanie, est le si\u00e8ge central de l&#8217;OMPI, abritant des milliers de membres d\u00e9vou\u00e9s de la R\u00e9sistance iranienne qui s&#8217;y sont install\u00e9s \u00e0 la suite d&#8217;une op\u00e9ration internationale de r\u00e9installation en 2016.<\/p>\n\n\n\n<p class=\"wp-block-paragraph\"><a href=\"#_ftnref2\" id=\"_ftn2\">[2]<\/a> Les fondateurs historiques de l&#8217;OMPI, ex\u00e9cut\u00e9s par le r\u00e9gime du chah en 1972.<\/p>\n\n\n\n<p class=\"wp-block-paragraph\"><a href=\"#_ftnref3\" id=\"_ftn3\">[3]<\/a> La prison de Ghezel Hessar, situ\u00e9e \u00e0 Karaj, pr\u00e8s de T\u00e9h\u00e9ran, est l&#8217;un des \u00e9tablissements de haute s\u00e9curit\u00e9 les plus grands et les plus tristement c\u00e9l\u00e8bres d&#8217;Iran. Connue de longue date pour d\u00e9tenir des condamn\u00e9s \u00e0 mort et pour ses ex\u00e9cutions de masse, elle est fr\u00e9quemment utilis\u00e9e par le r\u00e9gime iranien pour d\u00e9tenir et punir des prisonniers politiques dans des conditions difficiles et de surpopulation.<\/p>\n\n\n\n<p class=\"wp-block-paragraph\"><a href=\"#_ftnref4\" id=\"_ftn4\">[4]<\/a> Fait r\u00e9f\u00e9rence aux victimes du massacre des prisonniers politiques de 1988.<\/p>\n","protected":false},"excerpt":{"rendered":"<p>En septembre 2026, depuis la sinistre prison d\u2019Evin \u00e0 T\u00e9h\u00e9ran, les prisonni\u00e8res politiques Forough Taghipour et Arghavan Fallahi ont transmis un message clandestin pour c\u00e9l\u00e9brer le 61e anniversaire de la fondation de l\u2019Organisation des Moudjahidines du Peuple d\u2019Iran (OMPI). Se revendiquant de la \u00ab G\u00e9n\u00e9ration Z \u00bb, elles y affirment leur rejet cat\u00e9gorique de la [&hellip;]<\/p>\n","protected":false},"author":4,"featured_media":27546,"comment_status":"closed","ping_status":"closed","sticky":false,"template":"","format":"standard","meta":{"jnews-multi-image_gallery":[],"jnews_single_post":{"format":"standard"},"jnews_primary_category":[],"jnews_social_meta":[],"jnews_override_counter":[],"footnotes":""},"categories":[8,3],"tags":[370],"class_list":["post-27545","post","type-post","status-publish","format-standard","has-post-thumbnail","hentry","category-articles","category-infos-des-femmes","tag-prisonnieres"],"_links":{"self":[{"href":"https:\/\/wncri.org\/fr\/wp-json\/wp\/v2\/posts\/27545","targetHints":{"allow":["GET"]}}],"collection":[{"href":"https:\/\/wncri.org\/fr\/wp-json\/wp\/v2\/posts"}],"about":[{"href":"https:\/\/wncri.org\/fr\/wp-json\/wp\/v2\/types\/post"}],"author":[{"embeddable":true,"href":"https:\/\/wncri.org\/fr\/wp-json\/wp\/v2\/users\/4"}],"replies":[{"embeddable":true,"href":"https:\/\/wncri.org\/fr\/wp-json\/wp\/v2\/comments?post=27545"}],"version-history":[{"count":2,"href":"https:\/\/wncri.org\/fr\/wp-json\/wp\/v2\/posts\/27545\/revisions"}],"predecessor-version":[{"id":27550,"href":"https:\/\/wncri.org\/fr\/wp-json\/wp\/v2\/posts\/27545\/revisions\/27550"}],"wp:featuredmedia":[{"embeddable":true,"href":"https:\/\/wncri.org\/fr\/wp-json\/wp\/v2\/media\/27546"}],"wp:attachment":[{"href":"https:\/\/wncri.org\/fr\/wp-json\/wp\/v2\/media?parent=27545"}],"wp:term":[{"taxonomy":"category","embeddable":true,"href":"https:\/\/wncri.org\/fr\/wp-json\/wp\/v2\/categories?post=27545"},{"taxonomy":"post_tag","embeddable":true,"href":"https:\/\/wncri.org\/fr\/wp-json\/wp\/v2\/tags?post=27545"}],"curies":[{"name":"wp","href":"https:\/\/api.w.org\/{rel}","templated":true}]}}