{"id":27542,"date":"2026-09-03T21:52:30","date_gmt":"2026-09-03T19:52:30","guid":{"rendered":"https:\/\/wncri.org\/fr\/?p=27542"},"modified":"2026-09-03T22:51:02","modified_gmt":"2026-09-03T20:51:02","slug":"parisa-kamali-message-de-resistance","status":"publish","type":"post","link":"https:\/\/wncri.org\/fr\/2026\/09\/03\/parisa-kamali-message-de-resistance\/","title":{"rendered":"Parisa Kamali : \u00ab Si je me tiens du bon c\u00f4t\u00e9 de l\u2019histoire, je le dois \u00e0 l\u2019OMPI \u00bb"},"content":{"rendered":"\n<h4 class=\"wp-block-heading\">En septembre 2026, la <a href=\"https:\/\/wncri.org\/fr\/2026\/07\/25\/parisa-kamali-2\/\" target=\"_blank\" rel=\"noreferrer noopener\">prisonni\u00e8re politique<\/a> Parisa Kamali a transmis un message audio depuis la prison centrale de Yazd pour c\u00e9l\u00e9brer le 61e anniversaire de la fondation de l\u2019Organisation des Moudjahidines du Peuple d\u2019Iran (OMPI).<\/h4>\n\n\n\n<p class=\"wp-block-paragraph\">Diffus\u00e9 par t\u00e9l\u00e9phone, cet enregistrement souligne que sa conscience politique et son engagement pour la libert\u00e9 sont enracin\u00e9s dans la voie trac\u00e9e par le mouvement. Elle y r\u00e9affirme que l&#8217;organisation demeure un phare pour tous ceux qui luttent pour un Iran d\u00e9mocratique et prosp\u00e8re, malgr\u00e9 les conditions de d\u00e9tention s\u00e9v\u00e8res impos\u00e9es par le r\u00e9gime cl\u00e9rical.<\/p>\n\n\n\n<p class=\"wp-block-paragraph\">Parisa Kamali, n\u00e9e en 1986 et \u00e9tudiante en g\u00e9ographie, a \u00e9t\u00e9 arr\u00eat\u00e9e en avril 2024 \u00e0 Ispahan pour \u00ab appartenance \u00e0 l\u2019OMPI \u00bb. Condamn\u00e9e initialement \u00e0 six ans de prison, sa peine a \u00e9t\u00e9 r\u00e9duite \u00e0 trois ans et demi avant son transfert \u00e0 la <a href=\"https:\/\/wncri.org\/fr\/2026\/08\/09\/femmes-condamnees-a-mort-prison\/\" target=\"_blank\" rel=\"noreferrer noopener\">prison centrale de Yazd.<\/a><\/p>\n\n\n\n<p class=\"wp-block-paragraph\"><strong>Note de la r\u00e9daction<\/strong> : Les messages audio et les d\u00e9clarations des prisonniers politiques d\u00e9tenus dans les ge\u00f4les du r\u00e9gime iranien sont publi\u00e9s en r\u00e9ponse \u00e0 leur volont\u00e9 r\u00e9p\u00e9t\u00e9e de faire entendre leur voix. Ils insistent sur le fait que leur message de r\u00e9sistance doit atteindre la jeunesse et le peuple iranien \u00e0 tout prix.<\/p>\n\n\n\n<p class=\"wp-block-paragraph\">Le message de la prisonni\u00e8re politique Parisa Kamali se lit comme suit :<\/p>\n\n\n\n<h3 class=\"wp-block-heading\"><strong>Une organisation humaniste b\u00e2tie sur l&#8217;honn\u00eatet\u00e9 et le sacrifice<\/strong><\/h3>\n\n\n\n<p class=\"wp-block-paragraph\">Si aujourd\u2019hui je me tiens du bon c\u00f4t\u00e9 de l\u2019histoire, je le dois \u00e0 <a href=\"https:\/\/www.maryam-rajavi.com\/fr\/lompi-un-tresor-national-de-lhistoire-de-liran\/\" target=\"_blank\" rel=\"noreferrer noopener\">l\u2019Organisation des Moudjahidines du Peuple d\u2019Iran (<\/a>OMPI), fond\u00e9e le 6 septembre 1965 par trois grands hommes, Mohammad Hanifnejad, Sa\u00efd Mohsen et Ali-Asghar Badizadegan, et pr\u00e9serv\u00e9e par la sagesse de Massoud Radjavi pour nous parvenir aujourd&#8217;hui.<\/p>\n\n\n\n<p class=\"wp-block-paragraph\">Quel jour b\u00e9ni. L\u2019existence d\u2019une organisation humaniste b\u00e2tie sur l\u2019honn\u00eatet\u00e9 et le sacrifice qui, tout au long de ses 61 ans d\u2019histoire de lutte contre toutes les formes de dictature, tant le chah que les mollahs, a trac\u00e9 un chemin parsem\u00e9 d\u2019\u00e9toiles. Un chemin bord\u00e9 de sang, port\u00e9 par le sacrifice de plus de 30 000 martyrs, menant vers la libert\u00e9, la justice et la prosp\u00e9rit\u00e9.<\/p>\n\n\n\n<p class=\"wp-block-paragraph\"><em>Mon organisation, tu illumines mes yeux,<\/em><\/p>\n\n\n\n<p class=\"wp-block-paragraph\"><em>\u00d4 tout mon corps et mon \u00e2me.<\/em><\/p>\n\n\n\n<p class=\"wp-block-paragraph\"><em>L\u2019Organisation des Moudjahidines du Peuple d\u2019Iran est le mouvement m\u00eame qui m\u2019a ouvert les yeux sur la v\u00e9rit\u00e9. Aujourd\u2019hui, elle n\u2019est pas seulement une source d\u2019espoir pour moi (interruption audio : \u00ab Cet appel provient de la prison de Yazd et l&#8217;appelant est un d\u00e9tenu \u00bb), mais un nom que je crie avec chaque goutte de mon sang et chaque fibre de mon \u00eatre. Ainsi, ma b\u00e9n\u00e9diction est compl\u00e8te.<\/em><\/p>\n\n\n\n<p class=\"wp-block-paragraph\"><em>F\u00e9licitations pour ce 6 septembre, anniversaire de la fondation de l\u2019Organisation des Moudjahidines du Peuple d\u2019Iran, \u00e0 toutes les consciences \u00e9veill\u00e9es et aux personnes \u00e9prises de libert\u00e9.<\/em><\/p>\n\n\n\n<p class=\"wp-block-paragraph\">Parisa Kamali \u2013 Prison centrale de Yazd<\/p>\n\n\n\n<p class=\"wp-block-paragraph\">Septembre 2026<\/p>\n","protected":false},"excerpt":{"rendered":"<p>En septembre 2026, la prisonni\u00e8re politique Parisa Kamali a transmis un message audio depuis la prison centrale de Yazd pour c\u00e9l\u00e9brer le 61e anniversaire de la fondation de l\u2019Organisation des Moudjahidines du Peuple d\u2019Iran (OMPI). Diffus\u00e9 par t\u00e9l\u00e9phone, cet enregistrement souligne que sa conscience politique et son engagement pour la libert\u00e9 sont enracin\u00e9s dans la [&hellip;]<\/p>\n","protected":false},"author":4,"featured_media":27543,"comment_status":"closed","ping_status":"closed","sticky":false,"template":"","format":"standard","meta":{"jnews-multi-image_gallery":[],"jnews_single_post":{"format":"standard"},"jnews_primary_category":[],"jnews_social_meta":[],"jnews_override_counter":[],"footnotes":""},"categories":[8,3],"tags":[370],"class_list":["post-27542","post","type-post","status-publish","format-standard","has-post-thumbnail","hentry","category-articles","category-infos-des-femmes","tag-prisonnieres"],"_links":{"self":[{"href":"https:\/\/wncri.org\/fr\/wp-json\/wp\/v2\/posts\/27542","targetHints":{"allow":["GET"]}}],"collection":[{"href":"https:\/\/wncri.org\/fr\/wp-json\/wp\/v2\/posts"}],"about":[{"href":"https:\/\/wncri.org\/fr\/wp-json\/wp\/v2\/types\/post"}],"author":[{"embeddable":true,"href":"https:\/\/wncri.org\/fr\/wp-json\/wp\/v2\/users\/4"}],"replies":[{"embeddable":true,"href":"https:\/\/wncri.org\/fr\/wp-json\/wp\/v2\/comments?post=27542"}],"version-history":[{"count":2,"href":"https:\/\/wncri.org\/fr\/wp-json\/wp\/v2\/posts\/27542\/revisions"}],"predecessor-version":[{"id":27549,"href":"https:\/\/wncri.org\/fr\/wp-json\/wp\/v2\/posts\/27542\/revisions\/27549"}],"wp:featuredmedia":[{"embeddable":true,"href":"https:\/\/wncri.org\/fr\/wp-json\/wp\/v2\/media\/27543"}],"wp:attachment":[{"href":"https:\/\/wncri.org\/fr\/wp-json\/wp\/v2\/media?parent=27542"}],"wp:term":[{"taxonomy":"category","embeddable":true,"href":"https:\/\/wncri.org\/fr\/wp-json\/wp\/v2\/categories?post=27542"},{"taxonomy":"post_tag","embeddable":true,"href":"https:\/\/wncri.org\/fr\/wp-json\/wp\/v2\/tags?post=27542"}],"curies":[{"name":"wp","href":"https:\/\/api.w.org\/{rel}","templated":true}]}}