{"id":27538,"date":"2026-09-03T11:09:15","date_gmt":"2026-09-03T09:09:15","guid":{"rendered":"https:\/\/wncri.org\/fr\/?p=27538"},"modified":"2026-09-03T11:09:17","modified_gmt":"2026-09-03T09:09:17","slug":"les-violences-faites-aux-femmes","status":"publish","type":"post","link":"https:\/\/wncri.org\/fr\/2026\/09\/03\/les-violences-faites-aux-femmes\/","title":{"rendered":"Iran : l\u2019\u00e9chec d\u2019une loi contre les violences faites aux femmes"},"content":{"rendered":"\n<h4 class=\"wp-block-heading\"> En juin 2026, le gouvernement iranien a officiellement confirm\u00e9 le retrait d\u00e9finitif du projet de loi contre les violences contre les femmes en Iran, mettant fin \u00e0 un processus l\u00e9gislatif de 15 ans marqu\u00e9 par des manipulations politiques. Initialement con\u00e7u en 2011 pour prot\u00e9ger les citoyennes, le texte a \u00e9t\u00e9 vid\u00e9 de sa substance par le r\u00e9gime cl\u00e9rical, passant de 92 \u00e0 seulement 30 articles. Sous l&#8217;influence des partisans de la loi sur le hijab et la chastet\u00e9 \u00e0 T\u00e9h\u00e9ran, le projet a \u00e9t\u00e9 transform\u00e9 en un m\u00e9canisme de contr\u00f4le social renfor\u00e7ant l&#8217;autorit\u00e9 masculine et la r\u00e9pression des droits fondamentaux.<\/h4>\n\n\n\n<p class=\"wp-block-paragraph\">Le r\u00e9gime cl\u00e9rical a non seulement institutionnalis\u00e9 de nombreux obstacles au sein de ses <a href=\"https:\/\/wncri.org\/fr\/2024\/11\/28\/la-violence-a-legard-des-femmes\/\" target=\"_blank\" rel=\"noreferrer noopener\">lois qui emp\u00eachent les femmes<\/a> d\u2019acc\u00e9der \u00e0 la justice, mais en refusant d\u2019adopter une l\u00e9gislation protectrice, il a en pratique aliment\u00e9 le cycle continu des violences contre les femmes.<\/p>\n\n\n\n<p class=\"wp-block-paragraph\">Il convient de souligner d\u2019embl\u00e9e qu\u2019en Iran, sous cette dictature et compte tenu de l\u2019existence de lois discriminatoires globales, m\u00eame si un projet de loi ou une l\u00e9gislation compl\u00e9mentaire visant \u00e0 prot\u00e9ger les femmes devait \u00eatre approuv\u00e9, il ne serait pas appliqu\u00e9 dans les faits. N\u00e9anmoins, l\u2019examen du processus et du sort du projet de loi visant \u00e0 pr\u00e9venir les violences contre les femmes, ainsi que le jeu politique men\u00e9 par les mollahs durant 15 ans \u00e0 ce sujet, demeure hautement significatif.<\/p>\n\n\n\n<h3 class=\"wp-block-heading\"><strong>Jouer avec la s\u00e9curit\u00e9 des femmes<\/strong><\/h3>\n\n\n\n<p class=\"wp-block-paragraph\">La seule pi\u00e8ce l\u00e9gislative sous le r\u00e9gime cl\u00e9rical cens\u00e9e b\u00e9n\u00e9ficier aux femmes \u00e9tait un projet de loi visant \u00e0 pr\u00e9venir les violences \u00e0 leur \u00e9gard. Apr\u00e8s avoir \u00e9t\u00e9 balad\u00e9 entre les institutions \u00e9tatiques pendant 14 ans, il a finalement \u00e9t\u00e9 totalement retir\u00e9 par le gouvernement.<\/p>\n\n\n\n<p class=\"wp-block-paragraph\">Chaque fois qu\u2019un crime contre une femme <a href=\"https:\/\/wncri.org\/fr\/2020\/11\/28\/quelle-securite-pour-les-femmes-sous-le-regime-misogyne-des-mollahs-en-iran\/\" target=\"_blank\" rel=\"noreferrer noopener\">suscitait l\u2019indignation publique<\/a>, ce texte r\u00e9apparaissait dans les m\u00e9dias contr\u00f4l\u00e9s par l\u2019\u00c9tat. Le parlement, le gouvernement ou le pouvoir judiciaire pr\u00e9tendaient alors donner la priorit\u00e9 \u00e0 son examen, mais en pratique, ils le d\u00e9pouillaient de son contenu pr\u00e9ventif, <a href=\"0\">le transmettaient \u00e0 un autre organisme<\/a>, pour finalement le condamner \u00e0 un oubli d\u00e9lib\u00e9r\u00e9.<\/p>\n\n\n\n<p class=\"wp-block-paragraph\">Initialement r\u00e9dig\u00e9 en 2011 sous le titre de Projet de loi pour garantir la s\u00e9curit\u00e9 des femmes contre la violence, la proposition comptait au d\u00e9part 81 articles et s\u2019\u00e9tait \u00e9tendue \u00e0 92 en 2013. Cependant, au fil de r\u00e9visions continuelles, elle a \u00e9t\u00e9 r\u00e9duite \u00e0 seulement 30 articles.<\/p>\n\n\n\n<p class=\"wp-block-paragraph\">Un simple coup d\u2019\u0153il \u00e0 <a href=\"https:\/\/wncri.org\/fr\/2018\/07\/20\/un-projet-de-loi-sur-la-securite-des-femmes-bloque-depuis-13-ans-en-iran\/\" target=\"_blank\" rel=\"noreferrer noopener\">l\u2019\u00e9volution du titre du projet<\/a> au fil des ans suffit \u00e0 r\u00e9v\u00e9ler l\u2019absence de toute volont\u00e9 r\u00e9elle de garantir la s\u00e9curit\u00e9 des femmes :<\/p>\n\n\n\n<p class=\"wp-block-paragraph\"><strong>Titre du projet de loi en 2011<\/strong> : Projet de loi pour garantir la s\u00e9curit\u00e9 des femmes contre la violence<\/p>\n\n\n\n<p class=\"wp-block-paragraph\"><strong>Titre du projet de loi en 2019 :<\/strong> Projet de loi sur la protection, la dignit\u00e9 et la fourniture de la s\u00e9curit\u00e9 des femmes contre la violence<\/p>\n\n\n\n<p class=\"wp-block-paragraph\"><strong>Titre du projet de loi en 2020 : Projet <\/strong>de loi sur la protection de la dignit\u00e9 et le soutien aux femmes contre la violence<\/p>\n\n\n\n<p class=\"wp-block-paragraph\"><strong>Titre du projet de loi en 2022<\/strong> : Projet de loi sur la pr\u00e9vention des dommages aux femmes et la promotion de leur s\u00e9curit\u00e9 contre les abus<\/p>\n\n\n\n<p class=\"wp-block-paragraph\"><strong>Titre du projet de loi en 2025 :<\/strong> Projet de loi pour pr\u00e9server la dignit\u00e9 et soutenir les femmes et la famille (site Vokala Press, 7 juin 2025)<\/p>\n\n\n\n<p class=\"wp-block-paragraph\">En d&#8217;autres termes, les termes de fond les plus essentiels, \u00e0 savoir \u00ab s\u00e9curit\u00e9 \u00bb et \u00ab violence \u00bb, ont \u00e9t\u00e9 effectivement effac\u00e9s du titre et du texte. Au lieu de prot\u00e9ger les femmes contre les abus, le contenu s\u2019est d\u00e9plac\u00e9 vers le renforcement de la famille bas\u00e9 sur \u00ab <a href=\"https:\/\/wncri.org\/fr\/2024\/11\/28\/la-violence-a-legard-des-femmes\/\" target=\"_blank\" rel=\"noreferrer noopener\">l\u2019autorit\u00e9 inh\u00e9rente des hommes<\/a> \u00bb, ainsi que vers l\u2019inclusion de r\u00e9glementations sur les codes vestimentaires pour les employ\u00e9es de diverses organisations et minist\u00e8res.<\/p>\n\n\n\n<p class=\"wp-block-paragraph\"><a href=\"https:\/\/wncri.org\/fr\/2025\/11\/27\/refuges-securises-violence-domestique\/\" target=\"_blank\" rel=\"noreferrer noopener\">Ashraf Geramizadegan<\/a>, experte juridique et ancienne conseill\u00e8re aux affaires parlementaires de la Direction de la famille et des femmes, d\u00e9clare \u00e0 ce sujet : \u00ab Durant toutes ces ann\u00e9es, nous avons vu des parties de ce projet de loi \u00eatre coup\u00e9es aux deux extr\u00e9mit\u00e9s sous pr\u00e9texte de &#8220;prot\u00e9ger le caract\u00e8re sacr\u00e9 de la famille&#8221;. \u00c0 mon sens, cela montre qu\u2019il y a toujours eu des mentalit\u00e9s voulant que nous, les femmes, restions en retrait et incapables de revendiquer nos droits. \u00bb (Fararu, 28 novembre 2024).<\/p>\n\n\n\n<p class=\"wp-block-paragraph\">Azam Ghadiri, s\u0153ur de Mansoureh Ghadiri, journaliste de l\u2019agence IRNA tu\u00e9e par son mari en 2024, ajoute : \u00ab Cela signifie que lorsque les gens entendent une femme hurler chez elle, ils ne s\u2019autorisent pas \u00e0 appeler la police. C\u2019est la normalisation de la violence. \u00bb (Fararu, 28 novembre 2024).<\/p>\n\n\n\n<p class=\"wp-block-paragraph\">Mohsen Borhani, juriste et professeur expuls\u00e9 de l\u2019Universit\u00e9 de <a href=\"https:\/\/fr.wikipedia.org\/wiki\/T%C3%A9h%C3%A9ran\" target=\"_blank\" rel=\"noreferrer noopener\">T\u00e9h\u00e9ran<\/a>, affirme : \u00ab Actuellement, le projet de loi n&#8217;a plus aucune pr\u00e9occupation nomm\u00e9e violence contre les femmes. Il s\u2019est largement transform\u00e9 en une sorte de vision morale ou disciplinaire envers les femmes, plut\u00f4t que d\u2019\u00e9liminer les facteurs produisant de la violence \u00e0 leur encontre. Dans la loi de 2025, des actions contre le mari sont \u00e9galement incluses comme des crimes. O\u00f9 est la violence contre les femmes, et o\u00f9 est la criminalisation en faveur des hommes ? \u00bb (site Vokala Press, 7 juin 2025).<\/p>\n\n\n\n<h3 class=\"wp-block-heading\"><strong>Le d\u00e9tournement par la loi sur le hijab et la chastet\u00e9<\/strong><\/h3>\n\n\n\n<p class=\"wp-block-paragraph\">En juin 2025, le gouvernement Pezeshkian, craignant un retour de flamme social similaire au soul\u00e8vement de 2022, a retir\u00e9 ce projet de loi lourdement mutil\u00e9 du parlement. Cinq mois apr\u00e8s ce retrait, en octobre 2025, les m\u00e9dias ont rapport\u00e9 que des sections de la \u00ab loi sur le hijab et la chastet\u00e9 \u00bb avaient \u00e9t\u00e9 annex\u00e9es au texte.<\/p>\n\n\n\n<p class=\"wp-block-paragraph\">Lorsque les membres misogynes du parlement ont perdu l\u2019espoir de faire appliquer la loi sur le hijab et la chastet\u00e9, ils ont utilis\u00e9 toutes les tactiques possibles pour ins\u00e9rer leurs dispositions r\u00e9pressives dans le cadre du projet de loi contre la violence. Ahmad Fatemi, membre de la commission parlementaire des Affaires sociales, a admis ouvertement : \u00ab Des dispositions relatives aux universit\u00e9s r\u00e9serv\u00e9es aux femmes et aux centres sp\u00e9ciaux pour femmes issues de la loi sur le hijab ont \u00e9t\u00e9 incorpor\u00e9es dans le projet de loi de soutien aux femmes. \u00bb (Iscanews, 21 octobre 2025).<\/p>\n\n\n\n<p class=\"wp-block-paragraph\">De plus, des expressions telles que \u00ab la priorit\u00e9 du mode de vie chaste et bas\u00e9 sur l\u2019honneur des hommes \u00bb ont \u00e9t\u00e9 import\u00e9es. Cela encourage les hommes \u00e0 commettre des violences, car le gheyrat (l\u2019honneur masculin) dans une culture patriarcale signifie la r\u00e9ification compl\u00e8te des femmes comme propri\u00e9t\u00e9 des hommes de leur famille.<\/p>\n\n\n\n<p class=\"wp-block-paragraph\">Zohreh Lajevardi, fille du c\u00e9l\u00e8bre \u00ab Boucher de la prison d&#8217;Evin \u00bb, Assadollah Lajevardi, et pr\u00e9sidente de la commission de la femme et de la famille, a d\u00e9clar\u00e9 avec indiff\u00e9rence : \u00ab Notre objectif principal est de r\u00e9duire les \u00e9carts familiaux. La famille ne doit pas \u00eatre transform\u00e9e en une ar\u00e8ne de conflit judiciaire. \u00bb (Khabar Online, 22 octobre 2025).<\/p>\n\n\n\n<p class=\"wp-block-paragraph\">En juin 2026, le porte-parole du gouvernement a officiellement confirm\u00e9 la demande de retrait total du texte, soulignant que \u00ab sa nature profonde avait \u00e9t\u00e9 invers\u00e9e en un m\u00e9canisme dirig\u00e9 contre les droits des femmes \u00bb. Ces man\u0153uvres confirment qu&#8217;en Iran, sous le cadre autoritaire actuel, l&#8217;\u00c9tat op\u00e8re lui-m\u00eame comme l&#8217;origine et le moteur principal des violences contre les femmes.<\/p>\n","protected":false},"excerpt":{"rendered":"<p>En juin 2026, le gouvernement iranien a officiellement confirm\u00e9 le retrait d\u00e9finitif du projet de loi contre les violences contre les femmes en Iran, mettant fin \u00e0 un processus l\u00e9gislatif de 15 ans marqu\u00e9 par des manipulations politiques. Initialement con\u00e7u en 2011 pour prot\u00e9ger les citoyennes, le texte a \u00e9t\u00e9 vid\u00e9 de sa substance par [&hellip;]<\/p>\n","protected":false},"author":4,"featured_media":27539,"comment_status":"closed","ping_status":"closed","sticky":false,"template":"","format":"standard","meta":{"jnews-multi-image_gallery":[],"jnews_single_post":{"format":"standard"},"jnews_primary_category":[],"jnews_social_meta":[],"jnews_override_counter":[],"footnotes":""},"categories":[386],"tags":[376],"class_list":["post-27538","post","type-post","status-publish","format-standard","has-post-thumbnail","hentry","category-bibliotheque-de-reference","tag-violence-contre-les-femmes"],"_links":{"self":[{"href":"https:\/\/wncri.org\/fr\/wp-json\/wp\/v2\/posts\/27538","targetHints":{"allow":["GET"]}}],"collection":[{"href":"https:\/\/wncri.org\/fr\/wp-json\/wp\/v2\/posts"}],"about":[{"href":"https:\/\/wncri.org\/fr\/wp-json\/wp\/v2\/types\/post"}],"author":[{"embeddable":true,"href":"https:\/\/wncri.org\/fr\/wp-json\/wp\/v2\/users\/4"}],"replies":[{"embeddable":true,"href":"https:\/\/wncri.org\/fr\/wp-json\/wp\/v2\/comments?post=27538"}],"version-history":[{"count":1,"href":"https:\/\/wncri.org\/fr\/wp-json\/wp\/v2\/posts\/27538\/revisions"}],"predecessor-version":[{"id":27540,"href":"https:\/\/wncri.org\/fr\/wp-json\/wp\/v2\/posts\/27538\/revisions\/27540"}],"wp:featuredmedia":[{"embeddable":true,"href":"https:\/\/wncri.org\/fr\/wp-json\/wp\/v2\/media\/27539"}],"wp:attachment":[{"href":"https:\/\/wncri.org\/fr\/wp-json\/wp\/v2\/media?parent=27538"}],"wp:term":[{"taxonomy":"category","embeddable":true,"href":"https:\/\/wncri.org\/fr\/wp-json\/wp\/v2\/categories?post=27538"},{"taxonomy":"post_tag","embeddable":true,"href":"https:\/\/wncri.org\/fr\/wp-json\/wp\/v2\/tags?post=27538"}],"curies":[{"name":"wp","href":"https:\/\/api.w.org\/{rel}","templated":true}]}}