{"id":27530,"date":"2026-09-02T18:01:28","date_gmt":"2026-09-02T16:01:28","guid":{"rendered":"https:\/\/wncri.org\/fr\/?p=27530"},"modified":"2026-09-02T20:36:33","modified_gmt":"2026-09-02T18:36:33","slug":"femme-condamnee-a-mort-taraneh","status":"publish","type":"post","link":"https:\/\/wncri.org\/fr\/2026\/09\/02\/femme-condamnee-a-mort-taraneh\/","title":{"rendered":"Ispahan : une femme condamn\u00e9e \u00e0 mort et deux \u00e0 la prison"},"content":{"rendered":"\n<h4 class=\"wp-block-heading\">Une femme condamn\u00e9e \u00e0 mort, Taraneh Rahimi, sa s\u0153ur Romina Rahimi et Setayesh Saedi, ont \u00e9galement \u00e9cop\u00e9 de longues peines de prison par le tribunal r\u00e9volutionnaire d&#8217;Ispahan dans l&#8217;affaire connue sous le nom de la \u00ab Place des Shohada\u00bb <a href=\"https:\/\/fr.wikipedia.org\/wiki\/Ispahan\" target=\"_blank\" rel=\"noreferrer noopener\">d&#8217;Ispahan<\/a>.<\/h4>\n\n\n\n<p class=\"wp-block-paragraph\">Dans ce m\u00eame dossier, 9 autres manifestants ont \u00e9galement \u00e9t\u00e9 condamn\u00e9s \u00e0 la peine capitale. Quatre autres personnes ont \u00e9t\u00e9 condamn\u00e9es \u00e0 de longues peines de prison.<\/p>\n\n\n\n<p class=\"wp-block-paragraph\">Taraneh Rahimi, qui a \u00e9t\u00e9 arr\u00eat\u00e9e lors des manifestations de janvier 2026, a \u00e9t\u00e9 condamn\u00e9e \u00e0 mort et \u00e0 11 ans de prison.<\/p>\n\n\n\n<p class=\"wp-block-paragraph\">Romina Rahimi, \u00e9galement arr\u00eat\u00e9e au cours des manifestations de janvier 2026, a \u00e9t\u00e9 condamn\u00e9e \u00e0 25 ans de r\u00e9clusion.<\/p>\n\n\n<div class=\"wp-block-image\">\n<figure class=\"aligncenter size-large\"><img decoding=\"async\" width=\"1024\" height=\"510\" data-src=\"https:\/\/wncri.org\/fr\/wp-content\/uploads\/2026\/09\/NCRI-women_-Setayesh-Saedi-1-1024x510.jpg\" src=\"data:image\/gif;base64,R0lGODlhAQABAIAAAAAAAP\/\/\/yH5BAEAAAAALAAAAAABAAEAAAIBRAA7\" alt=\"Ispahan : 3 femmes condamn\u00e9es \u00e0 mort et \u00e0 la prison\" class=\"wp-image-27532 lazyload\"\/><noscript><img decoding=\"async\" width=\"1024\" height=\"510\" src=\"https:\/\/wncri.org\/fr\/wp-content\/uploads\/2026\/09\/NCRI-women_-Setayesh-Saedi-1-1024x510.jpg\" alt=\"Ispahan : 3 femmes condamn\u00e9es \u00e0 mort et \u00e0 la prison\" class=\"wp-image-27532\" srcset=\"https:\/\/wncri.org\/fr\/wp-content\/uploads\/2026\/09\/NCRI-women_-Setayesh-Saedi-1-1024x510.jpg 1024w, https:\/\/wncri.org\/fr\/wp-content\/uploads\/2026\/09\/NCRI-women_-Setayesh-Saedi-1-300x149.jpg 300w, https:\/\/wncri.org\/fr\/wp-content\/uploads\/2026\/09\/NCRI-women_-Setayesh-Saedi-1-768x383.jpg 768w, https:\/\/wncri.org\/fr\/wp-content\/uploads\/2026\/09\/NCRI-women_-Setayesh-Saedi-1-360x180.jpg 360w, https:\/\/wncri.org\/fr\/wp-content\/uploads\/2026\/09\/NCRI-women_-Setayesh-Saedi-1-750x374.jpg 750w, https:\/\/wncri.org\/fr\/wp-content\/uploads\/2026\/09\/NCRI-women_-Setayesh-Saedi-1.jpg 1062w\" sizes=\"(max-width: 1024px) 100vw, 1024px\" \/><\/noscript><figcaption class=\"wp-element-caption\"><strong>Setayesh Saedi<\/strong><\/figcaption><\/figure>\n<\/div>\n\n\n<p class=\"wp-block-paragraph\">Setayesh Saedi a \u00e9t\u00e9 condamn\u00e9e \u00e0 5 ans de prison dans le cadre de la m\u00eame affaire. Setayesh Saedi a \u00e9t\u00e9 interpell\u00e9e le 2 f\u00e9vrier 2026, alors qu&#8217;elle \u00e9tait encore \u00e2g\u00e9e de moins de 18 ans. Durant sa d\u00e9tention, elle a \u00e9t\u00e9 maintenue \u00e0 l&#8217;isolement pendant une longue p\u00e9riode et soumise \u00e0 des pressions visant \u00e0 extorquer des aveux forc\u00e9s.<\/p>\n\n\n\n<p class=\"wp-block-paragraph\">Taraneh et Romina Rahimi sont des s\u0153urs jumelles qui ont f\u00eat\u00e9 leurs 20 ans en d\u00e9tention.<\/p>\n\n\n\n<p class=\"wp-block-paragraph\">Les trois femmes sont actuellement incarc\u00e9r\u00e9es \u00e0 la <a href=\"https:\/\/wncri.org\/fr\/2025\/07\/26\/prison-de-dowlatabad-ispahan-la-torture\/\" target=\"_blank\" rel=\"noreferrer noopener\">prison de Dowlatabad<\/a>, \u00e0 Ispahan.<\/p>\n","protected":false},"excerpt":{"rendered":"<p>Une femme condamn\u00e9e \u00e0 mort, Taraneh Rahimi, sa s\u0153ur Romina Rahimi et Setayesh Saedi, ont \u00e9galement \u00e9cop\u00e9 de longues peines de prison par le tribunal r\u00e9volutionnaire d&#8217;Ispahan dans l&#8217;affaire connue sous le nom de la \u00ab Place des Shohada\u00bb d&#8217;Ispahan. Dans ce m\u00eame dossier, 9 autres manifestants ont \u00e9galement \u00e9t\u00e9 condamn\u00e9s \u00e0 la peine capitale. [&hellip;]<\/p>\n","protected":false},"author":4,"featured_media":27531,"comment_status":"closed","ping_status":"closed","sticky":false,"template":"","format":"standard","meta":{"jnews-multi-image_gallery":[],"jnews_single_post":{"format":"standard"},"jnews_primary_category":[],"jnews_social_meta":[],"jnews_override_counter":[],"footnotes":""},"categories":[3],"tags":[370],"class_list":["post-27530","post","type-post","status-publish","format-standard","has-post-thumbnail","hentry","category-infos-des-femmes","tag-prisonnieres"],"_links":{"self":[{"href":"https:\/\/wncri.org\/fr\/wp-json\/wp\/v2\/posts\/27530","targetHints":{"allow":["GET"]}}],"collection":[{"href":"https:\/\/wncri.org\/fr\/wp-json\/wp\/v2\/posts"}],"about":[{"href":"https:\/\/wncri.org\/fr\/wp-json\/wp\/v2\/types\/post"}],"author":[{"embeddable":true,"href":"https:\/\/wncri.org\/fr\/wp-json\/wp\/v2\/users\/4"}],"replies":[{"embeddable":true,"href":"https:\/\/wncri.org\/fr\/wp-json\/wp\/v2\/comments?post=27530"}],"version-history":[{"count":2,"href":"https:\/\/wncri.org\/fr\/wp-json\/wp\/v2\/posts\/27530\/revisions"}],"predecessor-version":[{"id":27535,"href":"https:\/\/wncri.org\/fr\/wp-json\/wp\/v2\/posts\/27530\/revisions\/27535"}],"wp:featuredmedia":[{"embeddable":true,"href":"https:\/\/wncri.org\/fr\/wp-json\/wp\/v2\/media\/27531"}],"wp:attachment":[{"href":"https:\/\/wncri.org\/fr\/wp-json\/wp\/v2\/media?parent=27530"}],"wp:term":[{"taxonomy":"category","embeddable":true,"href":"https:\/\/wncri.org\/fr\/wp-json\/wp\/v2\/categories?post=27530"},{"taxonomy":"post_tag","embeddable":true,"href":"https:\/\/wncri.org\/fr\/wp-json\/wp\/v2\/tags?post=27530"}],"curies":[{"name":"wp","href":"https:\/\/api.w.org\/{rel}","templated":true}]}}