{"id":27522,"date":"2026-09-01T23:40:29","date_gmt":"2026-09-01T21:40:29","guid":{"rendered":"https:\/\/wncri.org\/fr\/?p=27522"},"modified":"2026-09-01T23:40:31","modified_gmt":"2026-09-01T21:40:31","slug":"rapport-de-aout-2026","status":"publish","type":"post","link":"https:\/\/wncri.org\/fr\/2026\/09\/01\/rapport-de-aout-2026\/","title":{"rendered":"Rapport de ao\u00fbt2026:\u00a0Anniversaire du massacre de 1988 : l\u2019\u00e9pop\u00e9e des femmes qui ont dit \u00ab non \u00bb aux bourreaux !"},"content":{"rendered":"\n<h2 class=\"wp-block-heading\"><strong>Anniversaire du massacre de 1988 : l\u2019\u00e9pop\u00e9e des femmes qui ont dit \u00ab non \u00bb aux bourreaux !<\/strong><\/h2>\n\n\n\n<h4 class=\"wp-block-heading\"><strong>Rapport de ao\u00fbt 2026 :\u00a0<\/strong>Le rapport mensuel d\u2019ao\u00fbt est consacr\u00e9 \u00e0 <a href=\"https:\/\/wncri.org\/fr\/2021\/08\/05\/le-massacre-de-1988-le-plus-grand-crime-contre-lhumanite-reste-impuni\/\" target=\"_blank\" rel=\"noreferrer noopener\">l\u2019anniversaire du massacre de 1988<\/a>, en mettant l\u2019accent sur les femmes ex\u00e9cut\u00e9es lors de cette trag\u00e9die. Son objectif est de passer en revue l\u2019un des \u00e9v\u00e9nements les plus marquants de l\u2019histoire iranienne contemporaine <a href=\"https:\/\/wncri.org\/fr\/2021\/11\/25\/crimes-contre-les-femmes-de-lompi\/\" target=\"_blank\" rel=\"noreferrer noopener\">du point de vue des prisonni\u00e8res politiques<\/a>, le bilan humain de ce d\u00e9sastre et l\u2019imp\u00e9ratif de justice. Dans ce rapport, nous avons cherch\u00e9 \u00e0 pr\u00e9senter un tableau coh\u00e9rent du contexte historique, de la chronologie des \u00e9v\u00e9nements, de la <a href=\"https:\/\/wncri.org\/fr\/2021\/11\/19\/les-heros-du-massacre-de-1988\/\" target=\"_blank\" rel=\"noreferrer noopener\">r\u00e9sistance des femmes<\/a> et de la poursuite du mouvement pour la justice.<\/h4>\n\n\n\n<div data-wp-interactive=\"core\/file\" class=\"wp-block-file\"><object data-wp-bind--hidden=\"!state.hasPdfPreview\" hidden class=\"wp-block-file__embed\" data=\"https:\/\/wncri.org\/fr\/wp-content\/uploads\/2026\/09\/Monthly-August-2026_FR.pdf\" type=\"application\/pdf\" style=\"width:100%;height:600px\" aria-label=\"Embed of Monthly August 2026_FR.\"><\/object><a id=\"wp-block-file--media-ffce61c0-78fd-4940-a70a-3e57b3bcac09\" href=\"https:\/\/wncri.org\/fr\/wp-content\/uploads\/2026\/09\/Monthly-August-2026_FR.pdf\">Monthly August 2026_FR<\/a><a href=\"https:\/\/wncri.org\/fr\/wp-content\/uploads\/2026\/09\/Monthly-August-2026_FR.pdf\" class=\"wp-block-file__button wp-element-button\" download aria-describedby=\"wp-block-file--media-ffce61c0-78fd-4940-a70a-3e57b3bcac09\">Download<\/a><\/div>\n\n\n\n<h3 class=\"wp-block-heading\"><strong>Pourquoi devons-nous encore parler du massacre de 1988 ?<\/strong><\/h3>\n\n\n\n<p class=\"wp-block-paragraph\">Le massacre de l\u2019\u00e9t\u00e9 1988 n\u2019est pas seulement un <a href=\"https:\/\/wncri.org\/fr\/2021\/07\/28\/celles-et-ceux-qui-ont-repondu-a-l-appel-de-la-liberte-en-iran\/\" target=\"_blank\" rel=\"noreferrer noopener\">\u00e9v\u00e9nement historique<\/a> dans la m\u00e9moire collective du peuple iranien. En raison de ses dimensions vastes, des dissimulations syst\u00e9matiques et de l\u2019absence de comptes \u00e0 rendre, il demeure un sujet br\u00fblant dans le domaine des droits humains et de la qu\u00eate de justice en Iran.<\/p>\n\n\n\n<p class=\"wp-block-paragraph\">Parmi les 30 000 victimes de ce massacre, les femmes occupent une place unique : des femmes qui avaient endur\u00e9 des ann\u00e9es d\u2019emprisonnement mais qui ont refus\u00e9 avec d\u00e9termination de renier leurs convictions.<\/p>\n\n\n\n<p class=\"wp-block-paragraph\">La grande majorit\u00e9 des victimes du massacre de 1988 \u00e9taient des membres et des sympathisants de l\u2019Organisation des Moudjahidines du Peuple d\u2019Iran (OMPI). Cependant, dans des phases ult\u00e9rieures, le d\u00e9cret d\u2019ex\u00e9cution a \u00e9t\u00e9 \u00e9tendu pour englober \u00e9galement des prisonniers militants et r\u00e9sistants issus d\u2019autres groupes politiques.<\/p>\n\n\n\n<p class=\"wp-block-paragraph\">Les prisonniers \u00e9taient pendus par groupes de 10 \u00e0 15, apr\u00e8s quoi leurs corps \u00e9taient \u00e9vacu\u00e9s des prisons dans des camions \u00e0 benne pour \u00eatre enterr\u00e9s dans des fosses communes anonymes. Aucune piti\u00e9 n\u2019a \u00e9t\u00e9 manifest\u00e9e, pas m\u00eame envers les adolescentes ou les femmes enceintes.<\/p>\n\n\n\n<p class=\"wp-block-paragraph\">L\u2019Ayatollah Hossein-Ali Montazeri, alors successeur d\u00e9sign\u00e9 du fondateur du r\u00e9gime Rouhollah Khomeiny, a <a href=\"https:\/\/wncri.org\/fr\/2025\/04\/16\/massacre-de-1988-atrocites-femmes\/\" target=\"_blank\" rel=\"noreferrer noopener\">r\u00e9v\u00e9l\u00e9 dans ses m\u00e9moires<\/a> publi\u00e9s en d\u00e9cembre 2000 que des jeunes filles et des femmes ont \u00e9t\u00e9 soumises \u00e0 d\u2019horribles tortures avant leur ex\u00e9cution lors du massacre de 1988.<\/p>\n\n\n<div class=\"wp-block-image\">\n<figure class=\"aligncenter size-full\"><img decoding=\"async\" width=\"750\" height=\"375\" data-src=\"https:\/\/wncri.org\/fr\/wp-content\/uploads\/2023\/07\/1988-Masscre-3-Those-who-stood-their-ground-min.jpg\" src=\"data:image\/gif;base64,R0lGODlhAQABAIAAAAAAAP\/\/\/yH5BAEAAAAALAAAAAABAAEAAAIBRAA7\" alt=\"Le massacre de 1988 en Iran et l'urgence d'une enqu\u00eate ind\u00e9pendante\" class=\"wp-image-18700 lazyload\"\/><noscript><img decoding=\"async\" width=\"750\" height=\"375\" src=\"https:\/\/wncri.org\/fr\/wp-content\/uploads\/2023\/07\/1988-Masscre-3-Those-who-stood-their-ground-min.jpg\" alt=\"Le massacre de 1988 en Iran et l&#039;urgence d&#039;une enqu\u00eate ind\u00e9pendante\" class=\"wp-image-18700\" srcset=\"https:\/\/wncri.org\/fr\/wp-content\/uploads\/2023\/07\/1988-Masscre-3-Those-who-stood-their-ground-min.jpg 750w, https:\/\/wncri.org\/fr\/wp-content\/uploads\/2023\/07\/1988-Masscre-3-Those-who-stood-their-ground-min-300x150.jpg 300w, https:\/\/wncri.org\/fr\/wp-content\/uploads\/2023\/07\/1988-Masscre-3-Those-who-stood-their-ground-min-360x180.jpg 360w\" sizes=\"(max-width: 750px) 100vw, 750px\" \/><\/noscript><figcaption class=\"wp-element-caption\">Mus\u00e9e de la R\u00e9sistance iranienne \u00e0 Achraf 3 &#8211; simulation des victimes allant \u00e0 la potence lors du massacre de 1988<\/figcaption><\/figure>\n<\/div>\n\n\n<h3 class=\"wp-block-heading\"><strong>Contexte historique<\/strong><\/h3>\n\n\n\n<p class=\"wp-block-paragraph\">Au cours des ann\u00e9es 1980, un nombre consid\u00e9rable de membres et de sympathisants de l\u2019Organisation des Moudjahidines du Peuple d\u2019Iran (OMPI) ont \u00e9t\u00e9 arr\u00eat\u00e9s et emprisonn\u00e9s. L\u2019\u00e9t\u00e9 1988 a marqu\u00e9 le point culminant sanglant d\u2019une campagne de r\u00e9pression qui a abouti \u00e0 leur ex\u00e9cution massive. Il s\u2019agissait d\u2019un crime organis\u00e9 contre des prisonniers politiques sans d\u00e9fense et entrav\u00e9s, dont beaucoup avaient d\u00e9j\u00e0 purg\u00e9 les peines de prison prononc\u00e9es par les tribunaux.<\/p>\n\n\n\n<p class=\"wp-block-paragraph\">Le massacre de plus de 30 000 prisonniers politiques au cours de l\u2019\u00e9t\u00e9 1988 est document\u00e9 comme <a href=\"https:\/\/fr.wikipedia.org\/wiki\/Ex%C3%A9cution_des_prisonniers_politiques_iraniens_de_1988\" target=\"_blank\" rel=\"noreferrer noopener\">le plus grand crime contre l\u2019humanit\u00e9 depuis la Seconde Guerre mondiale<\/a> et le g\u00e9nocide le plus hideux de l\u2019histoire moderne de l\u2019Iran. <\/p>\n\n\n\n<p class=\"wp-block-paragraph\">Cette trag\u00e9die horrifique peut \u00eatre d\u00e9crite comme le \u00ab plus grand crime contre l\u2019humanit\u00e9 rest\u00e9 impuni \u00bb. Par sa fatwa d\u2019ex\u00e9cution, Khomeiny cherchait \u00e0 \u00e9radiquer l\u2019organisation politique active la plus forte et la plus populaire, ainsi que l\u2019alternative d\u00e9mocratique \u00e0 son r\u00e9gime, pour garantir la survie de sa dictature cl\u00e9ricale.<\/p>\n\n\n\n<p class=\"wp-block-paragraph\">Plus de 90 % des personnes ex\u00e9cut\u00e9es \u00e9taient des membres et des sympathisants de l\u2019OMPI, dont la majorit\u00e9 avait \u00e9t\u00e9 arr\u00eat\u00e9e en tant que lyc\u00e9ens et \u00e9tudiants en 1981 et avait d\u00e9j\u00e0 purg\u00e9 ses peines de prison ill\u00e9gales.<\/p>\n\n\n\n<h3 class=\"wp-block-heading\"><strong>Chronologie des \u00e9v\u00e9nements<\/strong><\/h3>\n\n\n\n<p class=\"wp-block-paragraph\">D\u00e9but d\u2019une nouvelle vague de r\u00e9pression et pr\u00e9paratifs pour les ex\u00e9cutions de masse : juillet 1988<\/p>\n\n\n\n<p class=\"wp-block-paragraph\">Formation et activit\u00e9s des Commissions de la mort ; d\u00e9but des ex\u00e9cutions massives de prisonniers politiques : 19 juillet 1988<\/p>\n\n\n\n<p class=\"wp-block-paragraph\">Poursuite des ex\u00e9cutions de masse dans les prisons \u00e0 l\u2019\u00e9chelle nationale : ao\u00fbt et septembre 1988<\/p>\n\n\n\n<p class=\"wp-block-paragraph\">Black-out complet impos\u00e9 aux familles ; dissimulation syst\u00e9matique des lieux de s\u00e9pulture des victimes : apr\u00e8s les ex\u00e9cutions<\/p>\n\n\n\n<p class=\"wp-block-paragraph\">Campagne persistante pour la justice men\u00e9e par les familles des victimes, les survivants et les organisations internationales de d\u00e9fense des droits humains : ann\u00e9es suivantes<\/p>\n\n\n\n<p class=\"wp-block-paragraph\">Demandes internationales incessantes pour des enqu\u00eates ind\u00e9pendantes et la reddition de comptes des auteurs : \u00e9poque actuelle<\/p>\n\n\n\n<h3 class=\"wp-block-heading\"><strong>L\u2019\u00e9pop\u00e9e de la r\u00e9sistance et de la fermet\u00e9 des femmes<\/strong><\/h3>\n\n\n\n<p class=\"wp-block-paragraph\">L\u2019une des dimensions n\u00e9cessitant un examen s\u00e9rieux concernant le massacre des prisonniers politiques de 1988 est l\u2019ex\u00e9cution de milliers de femmes durant ce g\u00e9nocide. Beaucoup d\u2019entre elles avaient \u00e9t\u00e9 arr\u00eat\u00e9es durant leur adolescence, avaient endur\u00e9 des ann\u00e9es d\u2019emprisonnement et ont \u00e9t\u00e9 ex\u00e9cut\u00e9es par la suite lors du massacre. Mettre en lumi\u00e8re cet aspect d\u00e9montre que la r\u00e9pression \u00e0 leur encontre n\u2019\u00e9tait pas seulement une r\u00e9action \u00e0 des activit\u00e9s pass\u00e9es, mais une tentative d\u00e9lib\u00e9r\u00e9e d\u2019\u00e9teindre une id\u00e9ologie et un id\u00e9al.<\/p>\n\n\n\n<p class=\"wp-block-paragraph\">\u00c9valuer la conduite des ex\u00e9cuteurs du r\u00e9gime cl\u00e9rical envers les femmes politiques captives est, d\u2019une part, profond\u00e9ment douloureux et, d\u2019autre part, illustre une r\u00e9sistance \u00e9pique et remarquable.<\/p>\n\n\n\n<p class=\"wp-block-paragraph\">Selon des t\u00e9moignages oculaires, dans trois quartiers de femmes de la prison d\u2019Evin, 80 % des prisonni\u00e8res ont \u00e9t\u00e9 pendues ou fusill\u00e9es en septembre 1988. Le procureur lors du <a href=\"https:\/\/wncri.org\/fr\/2021\/08\/19\/hamid-noury-auteur-du-massacre-de-1988-juge-pour-crimes-contre\/\" target=\"_blank\" rel=\"noreferrer noopener\">proc\u00e8s de Hamid Noury<\/a> \u00e0 Stockholm, l\u2019un des auteurs du massacre, a explicitement expliqu\u00e9 : \u00ab <a href=\"https:\/\/wncri.org\/fr\/2021\/11\/19\/les-heros-du-massacre-de-1988\/\" target=\"_blank\" rel=\"noreferrer noopener\">Les femmes ont \u00e9t\u00e9 ex\u00e9cut\u00e9es lors de la premi\u00e8re vague<\/a> et, dans notre enqu\u00eate, nous n\u2019avons pas \u00e9t\u00e9 en mesure de trouver des femmes ayant surv\u00e9cu aux ex\u00e9cutions dans le quartier des femmes \u00bb.<\/p>\n\n\n\n<p class=\"wp-block-paragraph\">Les victimes appartenaient \u00e0 un large \u00e9ventail de professions et de milieux sociaux. Parmi les prisonni\u00e8res politiques ex\u00e9cut\u00e9es lors du massacre de 1988 figuraient des candidates parlementaires telles que Fatemeh Zare\u2019i de Chiraz et Zohreh Eyn-ol-Yaqin d\u2019Ispahan ; des professionnelles de sant\u00e9 comme la Dr Hamideh Sayyahi et la Dr Shourangiz Karimian ; Forouzan Abdi, membre de <a href=\"https:\/\/wncri.org\/2015\/08\/18\/in-memory-of-forozan-abdipour-member-of-iran-national-volleyball-team\/\" target=\"_blank\" rel=\"noreferrer noopener\">l\u2019\u00e9quipe nationale iranienne de volley-ball f\u00e9minin<\/a> ; et Ashraf Ahmadi, <a href=\"https:\/\/wncri.org\/fr\/2016\/10\/29\/achraf-sadat-ahmadi\/\" target=\"_blank\" rel=\"noreferrer noopener\">m\u00e8re de quatre enfants<\/a> et ancienne prisonni\u00e8re politique sous le r\u00e9gime du chah.<\/p>\n\n\n\n<p class=\"wp-block-paragraph\">Ces prisonni\u00e8res politiques \u00e9taient des militantes conscientes et in\u00e9branlables qui ont refus\u00e9 tout compromis sur leurs id\u00e9aux malgr\u00e9 une brutalit\u00e9 et des pressions inimaginables. <\/p>\n\n\n\n<p class=\"wp-block-paragraph\">La r\u00e9silience ind\u00e9fectible de ces femmes a transform\u00e9 leur m\u00e9moire d\u2019une simple note historique en un symbole vivant de r\u00e9sistance contre la tyrannie. Elles subsistent comme un rappel durable du prix \u00e9lev\u00e9 pay\u00e9 par les g\u00e9n\u00e9rations pr\u00e9c\u00e9dentes pour la libert\u00e9, la d\u00e9mocratie et la dignit\u00e9 humaine.<\/p>\n\n\n<div class=\"wp-block-image\">\n<figure class=\"aligncenter size-full\"><img decoding=\"async\" width=\"750\" height=\"375\" data-src=\"https:\/\/wncri.org\/fr\/wp-content\/uploads\/2019\/09\/Monireh-Rajavi.jpg\" src=\"data:image\/gif;base64,R0lGODlhAQABAIAAAAAAAP\/\/\/yH5BAEAAAAALAAAAAABAAEAAAIBRAA7\" alt=\"Monireh Radjavi\" class=\"wp-image-14018 lazyload\"\/><noscript><img decoding=\"async\" width=\"750\" height=\"375\" src=\"https:\/\/wncri.org\/fr\/wp-content\/uploads\/2019\/09\/Monireh-Rajavi.jpg\" alt=\"Monireh Radjavi\" class=\"wp-image-14018\" srcset=\"https:\/\/wncri.org\/fr\/wp-content\/uploads\/2019\/09\/Monireh-Rajavi.jpg 750w, https:\/\/wncri.org\/fr\/wp-content\/uploads\/2019\/09\/Monireh-Rajavi-300x150.jpg 300w, https:\/\/wncri.org\/fr\/wp-content\/uploads\/2019\/09\/Monireh-Rajavi-360x180.jpg 360w\" sizes=\"(max-width: 750px) 100vw, 750px\" \/><\/noscript><\/figure>\n<\/div>\n\n\n<p class=\"has-text-align-center wp-block-paragraph\"><strong>Monireh Radjavi<\/strong><\/p>\n\n\n\n<h3 class=\"wp-block-heading\"><strong>Monireh Radjavi : symbole des prisonniers politiques massacr\u00e9s<\/strong><\/h3>\n\n\n\n<p class=\"wp-block-paragraph\">Le nom de <a href=\"https:\/\/wncri.org\/2015\/08\/18\/monireh-rajavi\/\" target=\"_blank\" rel=\"noreferrer noopener\">Monireh Radjavi<\/a>, en tant que symbole des prisonniers politiques massacr\u00e9s, est indissociablement li\u00e9 \u00e0 la fermet\u00e9, au sacrifice et \u00e0 la loyaut\u00e9 envers l\u2019id\u00e9al de libert\u00e9. Son h\u00e9ritage embl\u00e9matique ne se limite pas \u00e0 une vie individuelle, il refl\u00e8te plut\u00f4t le destin de milliers d\u2019autres prisonniers qui ont perdu la vie au cours des ann\u00e9es 1980.<\/p>\n\n\n\n<p class=\"wp-block-paragraph\">Honorer la m\u00e9moire de Monireh Radjavi offre \u00e9galement l\u2019opportunit\u00e9 de r\u00e9examiner le r\u00f4le d\u2019avant-garde des femmes dans le mouvement de r\u00e9sistance et rappelle qu\u2019une part majeure de la m\u00e9moire historique de la qu\u00eate de justice en Iran a \u00e9t\u00e9 b\u00e2tie sur les sacrifices de femmes ayant pay\u00e9 le prix ultime.<\/p>\n\n\n\n<p class=\"wp-block-paragraph\">Au moment de son arrestation, le seul \u00ab crime \u00bb de Monireh Radjavi \u00e9tait d\u2019\u00eatre la s\u0153ur de Massoud Radjavi, le chef de la R\u00e9sistance iranienne. <a href=\"https:\/\/wncri.org\/fr\/2026\/07\/29\/massacre-de-1988-ompi\/\" target=\"_blank\" rel=\"noreferrer noopener\">Ses jeunes filles<\/a>, Maryam et Marjan, ainsi que son mari, ont \u00e9galement \u00e9t\u00e9 arr\u00eat\u00e9s en m\u00eame temps qu\u2019elle. Elle a pass\u00e9 les sept derni\u00e8res ann\u00e9es de sa vie dans les chambres de torture et les cachots du r\u00e9gime cl\u00e9rical.<\/p>\n\n\n\n<p class=\"wp-block-paragraph\">Les deux jeunes filles de Monireh ont \u00e9t\u00e9 t\u00e9moins des rudes tortures inflig\u00e9es \u00e0 leur m\u00e8re, ainsi qu\u2019\u00e0 d\u2019autres prisonniers, sur une p\u00e9riode de plusieurs mois.<\/p>\n\n\n\n<p class=\"wp-block-paragraph\">Un jour, alors qu\u2019une cod\u00e9tenue de Monireh \u00e9tait emmen\u00e9e pour un interrogatoire, elle aper\u00e7ut deux jeunes filles aux cheveux blonds debout devant la salle de torture de la branche 7, au sein du bureau des enqu\u00eateurs d\u2019Evin. Ces enfants \u00e9taient les filles de Monireh, contraintes de regarder les supplices brutaux inflig\u00e9s \u00e0 leur m\u00e8re, tandis que les gardiens les frappaient \u00e9galement \u00e0 plusieurs reprises.<\/p>\n\n\n\n<p class=\"wp-block-paragraph\">La prisonni\u00e8re survivante s\u2019est souvenue : \u00ab J\u2019ai demand\u00e9 discr\u00e8tement son nom \u00e0 la femme qui accompagnait les filles. Elle a r\u00e9pondu : &#8220;Mon nom est Monireh Radjavi, et mon seul crime est d\u2019\u00eatre la s\u0153ur de Massoud&#8221; \u00bb. Malgr\u00e9 les humiliations et les passages \u00e0 batac continuels, le r\u00e9gime n\u2019a jamais r\u00e9ussi \u00e0 briser son esprit.<\/p>\n\n\n\n<p class=\"wp-block-paragraph\">Lors d\u2019un appel nominal, un interrogateur s\u2019est approch\u00e9 de Monireh, lui a donn\u00e9 un coup de pied et a d\u00e9clar\u00e9 : \u00ab Je ne te laisserai jamais sortir vivante de cette prison pour devenir une h\u00e9ro\u00efne aux yeux de ton fr\u00e8re \u00bb.<\/p>\n\n\n\n<p class=\"wp-block-paragraph\">Monireh \u00e9tait renomm\u00e9e parmi les prisonni\u00e8res pour sa solidarit\u00e9 et son soutien ind\u00e9fectibles. Chaque fois que des d\u00e9tenues revenaient des salles d\u2019interrogatoire, Monireh \u00e9tait la premi\u00e8re \u00e0 se pr\u00e9cipiter pour soigner les femmes tortur\u00e9es. S\u2019adressant \u00e0 cet environnement brutal, <a href=\"https:\/\/wncri.org\/fr\/2019\/09\/09\/monireh-radjavi\/\" target=\"_blank\" rel=\"noreferrer noopener\">elle dit un jour<\/a> : \u00ab Ils veulent d\u00e9truire notre identit\u00e9 humaine. Mais c\u2019est pr\u00e9cis\u00e9ment pour cela que nous devons lutter. <\/p>\n\n\n\n<p class=\"wp-block-paragraph\">La mani\u00e8re de mener ce combat est de prendre soin les unes des autres autant que nous le pouvons \u00bb. Elle a illustr\u00e9 ce principe par ses actions quotidiennes.<\/p>\n\n\n\n<p class=\"wp-block-paragraph\">Bien qu\u2019elle n\u2019e\u00fbt commis aucun crime, elle fut envoy\u00e9e \u00e0 la potence lors du massacre de 1988, cinq ans apr\u00e8s avoir termin\u00e9 sa peine de prison initiale. Le mollah Hossein-Ali Nayeri, juge religieux \u00e0 la prison d\u2019Evin, a personnellement supervis\u00e9 l\u2019ex\u00e9cution de Monireh Radjavi, exigeant que sa pendaison soit acc\u00e9l\u00e9r\u00e9e. Monireh \u00e9tait \u00e2g\u00e9e de 38 ans au moment de son martyre.<\/p>\n\n\n<div class=\"wp-block-image\">\n<figure class=\"aligncenter size-full\"><img decoding=\"async\" width=\"768\" height=\"384\" data-src=\"https:\/\/wncri.org\/fr\/wp-content\/uploads\/2026\/09\/1988-Massacre-Genocide-1-min-768x384-1.jpg\" src=\"data:image\/gif;base64,R0lGODlhAQABAIAAAAAAAP\/\/\/yH5BAEAAAAALAAAAAABAAEAAAIBRAA7\" alt=\"\" class=\"wp-image-27525 lazyload\"\/><noscript><img decoding=\"async\" width=\"768\" height=\"384\" src=\"https:\/\/wncri.org\/fr\/wp-content\/uploads\/2026\/09\/1988-Massacre-Genocide-1-min-768x384-1.jpg\" alt=\"\" class=\"wp-image-27525\" srcset=\"https:\/\/wncri.org\/fr\/wp-content\/uploads\/2026\/09\/1988-Massacre-Genocide-1-min-768x384-1.jpg 768w, https:\/\/wncri.org\/fr\/wp-content\/uploads\/2026\/09\/1988-Massacre-Genocide-1-min-768x384-1-300x150.jpg 300w, https:\/\/wncri.org\/fr\/wp-content\/uploads\/2026\/09\/1988-Massacre-Genocide-1-min-768x384-1-360x180.jpg 360w, https:\/\/wncri.org\/fr\/wp-content\/uploads\/2026\/09\/1988-Massacre-Genocide-1-min-768x384-1-750x375.jpg 750w\" sizes=\"(max-width: 768px) 100vw, 768px\" \/><\/noscript><\/figure>\n<\/div>\n\n\n<h3 class=\"wp-block-heading\"><strong><br>R\u00e9cits et t\u00e9moignages<\/strong><\/h3>\n\n\n\n<p class=\"wp-block-paragraph\">Un <a href=\"https:\/\/wncri.org\/fr\/2025\/04\/16\/massacre-de-1988-atrocites-femmes\/\" target=\"_blank\" rel=\"noreferrer noopener\">enregistrement sonore<\/a> d\u2019une r\u00e9union d\u2019ao\u00fbt 1988 entre Hossein-Ali Montazeri, alors successeur d\u00e9sign\u00e9 de Khomeiny, et les membres de la Commission de la mort, a r\u00e9v\u00e9l\u00e9 que 300 femmes et jeunes filles de l&#8217;OMPI ont \u00e9t\u00e9 ex\u00e9cut\u00e9es en masse. Parmi elles se trouvaient deux ressortissantes fran\u00e7aises pour lesquelles aucune piti\u00e9 n&#8217;a \u00e9t\u00e9 manifest\u00e9e.<\/p>\n\n\n\n<p class=\"wp-block-paragraph\"> L&#8217;enregistrement mentionne \u00e9galement l&#8217;ex\u00e9cution d&#8217;une jeune fille de 15 ans qui avait \u00e9t\u00e9 arr\u00eat\u00e9e uniquement pour exercer une pression sur son fr\u00e8re r\u00e9sistant. Lorsqu&#8217;elle a refus\u00e9 de le condamner, elle a \u00e9t\u00e9 envoy\u00e9e \u00e0 la potence. De plus, l&#8217;ex\u00e9cution sommaire d&#8217;une femme enceinte \u00e0 Ispahan a \u00e9t\u00e9 reconnue.<\/p>\n\n\n\n<p class=\"wp-block-paragraph\">Les r\u00e9cits de t\u00e9moins directs et les t\u00e9moignages document\u00e9s concernant les \u00ab salles de la mort \u00bb constituent une part cruciale de la m\u00e9moire historique entourant ce g\u00e9nocide. Ces comptes rendus demeurent essentiels pour consigner la v\u00e9rit\u00e9 dans les annales de l&#8217;histoire et emp\u00eacher le d\u00e9ni et la distorsion syst\u00e9matiques. Les t\u00e9moignages des <a href=\"https:\/\/wncri.org\/fr\/2021\/10\/22\/danciennes-prisonnieres-politiques-et-parents-de-martyrs-demandent\/\" target=\"_blank\" rel=\"noreferrer noopener\">survivants et des familles des victimes<\/a> offrent un portrait profond\u00e9ment humain de la souffrance, de l&#8217;espoir et d&#8217;une r\u00e9sistance in\u00e9branlable.<\/p>\n\n\n\n<p class=\"wp-block-paragraph\"><strong>Nahid Afshar :<\/strong>\u00a0Nahid \u00e9tait une\u00a0lyc\u00e9enne\u00a0de 12 ans arr\u00eat\u00e9e par les gardiens du Corps des Gardiens de la r\u00e9volution le 27 septembre 1981 et jet\u00e9e en prison. Batool Majani, survivante et t\u00e9moin du massacre de 1988, a racont\u00e9 l&#8217;histoire tragique de la jeune Nahid : \u00ab Nahid m&#8217;a dit : &#8220;J&#8217;ai \u00e9t\u00e9 arr\u00eat\u00e9e aux c\u00f4t\u00e9s de deux de mes amies de 14 ans. Ils les ont ex\u00e9cut\u00e9es toutes les deux et m&#8217;ont maintenue en d\u00e9tention.<\/p>\n\n\n\n<p class=\"wp-block-paragraph\"> Ils m&#8217;ont battue et tortur\u00e9e \u00e0 plusieurs reprises. Une fois, alors que j&#8217;\u00e9tais tortur\u00e9e, j&#8217;ai cri\u00e9 que mon c\u0153ur me faisait mal pour qu&#8217;ils s&#8217;arr\u00eatent de me frapper. L&#8217;interrogateur a demand\u00e9 avec malveillance : &#8220;De quel c\u00f4t\u00e9 se trouve ton c\u0153ur ?&#8221; J&#8217;ai dit : &#8220;Du c\u00f4t\u00e9 droit !&#8221; L&#8217;interrogateur a r\u00e9pondu insolemment : &#8220;Maintenant, je vais te battre si fort que ton c\u0153ur te fera r\u00e9ellement mal, et tu apprendras de quel c\u00f4t\u00e9 il se trouve&#8221; \u00bb.<\/p>\n\n\n\n<p class=\"wp-block-paragraph\">Les interrogateurs ont soumis Nahid \u00e0 d&#8217;intenses pressions physiques et psychologiques pour briser son esprit. Selon son propre r\u00e9cit, ils l&#8217;ont m\u00eame emmen\u00e9e dans la maison d&#8217;un gardien du Corps des Gardiens de la r\u00e9volution pendant 9 mois pour briser sa r\u00e9solution. Pourtant, elle est revenue dans les quartiers de la prison in\u00e9branlable, d\u00e9fendant courageusement son identit\u00e9 et sa position de membre de l&#8217;OMPI.<\/p>\n\n\n\n<p class=\"wp-block-paragraph\">Elle \u00e9tait d\u00e9tenue dans le quartier inf\u00e9rieur 246 de la prison d&#8217;Evin, un quartier dot\u00e9 d&#8217;une pi\u00e8ce sp\u00e9cifiquement r\u00e9serv\u00e9e aux prisonniers bris\u00e9s et aux tra\u00eetres, o\u00f9 les autorit\u00e9s utilisaient toutes les tactiques possibles pour \u00e9craser son esprit. Pourtant, chaque fois que l&#8217;occasion se pr\u00e9sentait, elle cherchait imm\u00e9diatement les pi\u00e8ces des prisonni\u00e8res politiques fermes.<\/p>\n\n\n\n<p class=\"wp-block-paragraph\">Nahid Afshar disait souvent : \u00ab Peu importe la pression que ces interrogateurs exercent sur moi, le Fr\u00e8re Massoud (Radjavi) reste dans mon c\u0153ur ; je ne pourrai jamais l&#8217;en arracher \u00bb.<\/p>\n\n\n\n<p class=\"wp-block-paragraph\">Elle avait \u00e9t\u00e9 initialement condamn\u00e9e \u00e0 mort, mais elle est rest\u00e9e r\u00e9solue en grandissant derri\u00e8re les barreaux. Apr\u00e8s un certain temps, sa peine a \u00e9t\u00e9 r\u00e9duite \u00e0 15 ans de prison. N\u00e9anmoins, lors du massacre de 1988, Nahid Afshar a \u00e9t\u00e9 envoy\u00e9e \u00e0 la potence en vertu de la fatwa de l&#8217;inhumain Khomeiny et de sa Commission de la mort.<\/p>\n\n\n<div class=\"wp-block-image\">\n<figure class=\"aligncenter size-full is-resized\"><img decoding=\"async\" width=\"750\" height=\"375\" data-src=\"https:\/\/wncri.org\/fr\/wp-content\/uploads\/2026\/09\/\u0645\u0644\u06cc\u062d\u0647-\u0627\u0642\u0648\u0627\u0645\u06cc-\u0631\u0636\u06cc\u0647-\u0622\u06cc\u062a-\u0627\u0644\u0644\u0647-\u0632\u0627\u062f\u0647-\u0633\u06a9\u06cc\u0646\u0647-\u062f\u0644\u0641\u06cc.jpg\" src=\"data:image\/gif;base64,R0lGODlhAQABAIAAAAAAAP\/\/\/yH5BAEAAAAALAAAAAABAAEAAAIBRAA7\" alt=\"Rapport de ao\u00fbt 2026 :  Anniversaire du massacre de 1988 : l\u2019\u00e9pop\u00e9e des femmes qui ont dit \u00ab non \u00bb aux bourreaux !\" class=\"wp-image-27524 lazyload\" style=\"width:742px;height:auto\"\/><noscript><img decoding=\"async\" width=\"750\" height=\"375\" src=\"https:\/\/wncri.org\/fr\/wp-content\/uploads\/2026\/09\/\u0645\u0644\u06cc\u062d\u0647-\u0627\u0642\u0648\u0627\u0645\u06cc-\u0631\u0636\u06cc\u0647-\u0622\u06cc\u062a-\u0627\u0644\u0644\u0647-\u0632\u0627\u062f\u0647-\u0633\u06a9\u06cc\u0646\u0647-\u062f\u0644\u0641\u06cc.jpg\" alt=\"Rapport de ao\u00fbt 2026 :  Anniversaire du massacre de 1988 : l\u2019\u00e9pop\u00e9e des femmes qui ont dit \u00ab non \u00bb aux bourreaux !\" class=\"wp-image-27524\" style=\"width:742px;height:auto\" srcset=\"https:\/\/wncri.org\/fr\/wp-content\/uploads\/2026\/09\/\u0645\u0644\u06cc\u062d\u0647-\u0627\u0642\u0648\u0627\u0645\u06cc-\u0631\u0636\u06cc\u0647-\u0622\u06cc\u062a-\u0627\u0644\u0644\u0647-\u0632\u0627\u062f\u0647-\u0633\u06a9\u06cc\u0646\u0647-\u062f\u0644\u0641\u06cc.jpg 750w, https:\/\/wncri.org\/fr\/wp-content\/uploads\/2026\/09\/\u0645\u0644\u06cc\u062d\u0647-\u0627\u0642\u0648\u0627\u0645\u06cc-\u0631\u0636\u06cc\u0647-\u0622\u06cc\u062a-\u0627\u0644\u0644\u0647-\u0632\u0627\u062f\u0647-\u0633\u06a9\u06cc\u0646\u0647-\u062f\u0644\u0641\u06cc-300x150.jpg 300w, https:\/\/wncri.org\/fr\/wp-content\/uploads\/2026\/09\/\u0645\u0644\u06cc\u062d\u0647-\u0627\u0642\u0648\u0627\u0645\u06cc-\u0631\u0636\u06cc\u0647-\u0622\u06cc\u062a-\u0627\u0644\u0644\u0647-\u0632\u0627\u062f\u0647-\u0633\u06a9\u06cc\u0646\u0647-\u062f\u0644\u0641\u06cc-360x180.jpg 360w\" sizes=\"(max-width: 750px) 100vw, 750px\" \/><\/noscript><\/figure>\n<\/div>\n\n\n<p class=\"has-text-align-center wp-block-paragraph\"><strong>De gauche \u00e0 droite : Sakineh Delfi, Razieh Ayatollahzadeh Shirazi, Maliheh Aghevami<\/strong><\/p>\n\n\n\n<p class=\"wp-block-paragraph\"><strong>Sakineh Delfi :<\/strong>\u00a0une <a href=\"https:\/\/wncri.org\/fr\/2026\/07\/29\/massacre-de-1988-ompi\/\" target=\"_blank\" rel=\"noreferrer noopener\">h\u00e9ro\u00efne au c\u0153ur de lionne<\/a> de 26 ans originaire d&#8217;Abadan. Son arrestation finale a eu lieu en avril 1987. Pour intensifier la pression sur elle, les autorit\u00e9s l&#8217;ont transf\u00e9r\u00e9e entre trois prisons diff\u00e9rentes afin de la contraindre \u00e0 la soumission, mais Sakineh a brav\u00e9 la torture et la douleur. Finalement, elle a \u00e9t\u00e9 transf\u00e9r\u00e9e \u00e0 la prison de Fajr Karoun, \u00e0 Ahvaz, o\u00f9 les tortures brutales se sont intensifi\u00e9es.<\/p>\n\n\n\n<p class=\"wp-block-paragraph\">Elle a \u00e9t\u00e9 br\u00fbl\u00e9e avec un fer \u00e0 repasser br\u00fblant, ses ongles ont \u00e9t\u00e9 arrach\u00e9s, des tiges m\u00e9talliques ont \u00e9t\u00e9 enfonc\u00e9es dans son corps parall\u00e8lement \u00e0 de rudes flagellations, elle a \u00e9t\u00e9 suspendue \u00e0 plusieurs reprises par les cheveux, ses genoux ont \u00e9t\u00e9 perc\u00e9s avec une perceuse et elle a \u00e9t\u00e9 plong\u00e9e dans l&#8217;eau glac\u00e9e au c\u0153ur de l&#8217;hiver. Pourtant, elle a refus\u00e9 de c\u00e9der ou de parler.<\/p>\n\n\n\n<p class=\"wp-block-paragraph\">Dans la prison d&#8217;Ahvaz, lorsque les mollahs ex\u00e9cuteurs (Jazayeri et Abdollahi) ont hurl\u00e9 : \u00ab Vous devez d\u00e9clarer votre position : Khomeiny d&#8217;un c\u00f4t\u00e9, et Massoud Radjavi de l&#8217;autre ! \u00bb, <a href=\"https:\/\/wncri.org\/fr\/2021\/08\/05\/le-massacre-de-1988-le-plus-grand-crime-contre-lhumanite-reste-impuni\/\" target=\"_blank\" rel=\"noreferrer noopener\">elle a rugi depuis le fond du quartier<\/a> : \u00ab Vive Massoud, \u00e0 bas Khomeiny ! \u00bb. <\/p>\n\n\n\n<p class=\"wp-block-paragraph\">Les gardiens du Corps des Gardiens de la r\u00e9volution se sont jet\u00e9s sur elle imm\u00e9diatement, la laissant gri\u00e8vement bless\u00e9e. Le lendemain, sur les 350 personnes de ce quartier, 349 prisonniers politiques ont \u00e9t\u00e9 pendus.<\/p>\n\n\n\n<p class=\"wp-block-paragraph\">Le corps pur de Sakineh Delfi et de ses compagnons de lutte de l&#8217;OMPI, qui figuraient parmi le premier groupe ex\u00e9cut\u00e9 par peloton d&#8217;ex\u00e9cution lors des massacres \u00e0 Ahvaz, ont \u00e9t\u00e9 enterr\u00e9s derri\u00e8re le complexe sid\u00e9rurgique d&#8217;Ahvaz. Le r\u00e9gime a vers\u00e9 une couche de 30 centim\u00e8tres de chaux et de ciment sur leurs fosses communes dans une tentative d\u00e9sesp\u00e9r\u00e9e de dissimuler \u00e0 jamais leur crime contre l&#8217;humanit\u00e9.<\/p>\n\n\n<div class=\"wp-block-image\">\n<figure class=\"aligncenter size-full\"><img decoding=\"async\" width=\"750\" height=\"375\" data-src=\"https:\/\/wncri.org\/fr\/wp-content\/uploads\/2022\/08\/Shurangiz-Karimian-and-Mehri-Karimian.jpg\" src=\"data:image\/gif;base64,R0lGODlhAQABAIAAAAAAAP\/\/\/yH5BAEAAAAALAAAAAABAAEAAAIBRAA7\" alt=\"Une m\u00e9decin qui a cach\u00e9 ses propres blessures\" class=\"wp-image-16327 lazyload\"\/><noscript><img decoding=\"async\" width=\"750\" height=\"375\" src=\"https:\/\/wncri.org\/fr\/wp-content\/uploads\/2022\/08\/Shurangiz-Karimian-and-Mehri-Karimian.jpg\" alt=\"Une m\u00e9decin qui a cach\u00e9 ses propres blessures\" class=\"wp-image-16327\" srcset=\"https:\/\/wncri.org\/fr\/wp-content\/uploads\/2022\/08\/Shurangiz-Karimian-and-Mehri-Karimian.jpg 750w, https:\/\/wncri.org\/fr\/wp-content\/uploads\/2022\/08\/Shurangiz-Karimian-and-Mehri-Karimian-300x150.jpg 300w, https:\/\/wncri.org\/fr\/wp-content\/uploads\/2022\/08\/Shurangiz-Karimian-and-Mehri-Karimian-360x180.jpg 360w\" sizes=\"(max-width: 750px) 100vw, 750px\" \/><\/noscript><\/figure>\n<\/div>\n\n\n<p class=\"has-text-align-center wp-block-paragraph\"><strong><br><\/strong><strong>La Dr Massoumeh Karimian (\u00e0 gauche) et sa s\u0153ur, Mehri<\/strong><\/p>\n\n\n\n<p class=\"wp-block-paragraph\"><strong>Massoumeh et Mehri Karimian :<\/strong>\u00a0La Dr Massoumeh Karimian, connue parmi ses camarades sous le nom de Shorangiz, \u00e9tait une <a href=\"https:\/\/wncri.org\/fr\/2022\/08\/10\/massoumeh-karimian\/\" target=\"_blank\" rel=\"noreferrer noopener\">physioth\u00e9rapeute<\/a> form\u00e9e au Royaume-Uni. Suite \u00e0 son arrestation en 1981, elle a \u00e9t\u00e9 imm\u00e9diatement soumise \u00e0 une torture brutale par les gardiens du Corps des Gardiens de la r\u00e9volution.<\/p>\n\n\n\n<p class=\"wp-block-paragraph\"> Les interrogateurs nourrissaient une haine intense \u00e0 son \u00e9gard en raison de son esprit in\u00e9branlable ; chaque fois qu&#8217;ils cherchaient \u00e0 punir un groupe de prisonniers, Shorangiz en faisait invariablement partie. Exer\u00e7ant ses comp\u00e9tences de m\u00e9decin, elle soignait secr\u00e8tement de nombreuses d\u00e9tenues souffrant de blessures physiques caus\u00e9es par les s\u00e9vices, en utilisant les maigres ressources disponibles au sein de la prison.<\/p>\n\n\n\n<p class=\"wp-block-paragraph\">De 1983 \u00e0 1984, Shorangiz a \u00e9t\u00e9 <a href=\"https:\/\/wncri.org\/fr\/2025\/10\/02\/face-a-face-avec-la-bete-19\/\" target=\"_blank\" rel=\"noreferrer noopener\">enferm\u00e9e dans les \u00ab cages \u00bb d\u2019isolement<\/a> de l\u2019unit\u00e9 une de la prison de Ghezel Hessar. En raison d&#8217;une torture s\u00e9v\u00e8re et incessante, elle \u00e9tait incapable de marcher correctement et boitait de fa\u00e7on permanente. <\/p>\n\n\n\n<p class=\"wp-block-paragraph\">Elle ne retirait jamais ses chaussettes car ses pieds \u00e9taient si gravement mutil\u00e9s qu&#8217;elle refusait que les autres voient ses blessures. Finalement, apr\u00e8s sept ans de r\u00e9sistance acharn\u00e9e, cette femme m\u00e9decin d\u00e9sint\u00e9ress\u00e9e et inflexible a \u00e9t\u00e9 ex\u00e9cut\u00e9e par peloton d&#8217;ex\u00e9cution \u00e0 la prison d&#8217;Evin le 30 juillet 1988, lors de la premi\u00e8re vague d&#8217;ex\u00e9cutions, aux c\u00f4t\u00e9s de sa s\u0153ur Mehri, alors \u00e9tudiante \u00e0 l&#8217;universit\u00e9.<\/p>\n\n\n\n<p class=\"wp-block-paragraph\"><strong>Razieh Ayatollahzadeh Shirazi :<\/strong>\u00a0Razieh \u00e9tait titulaire d&#8217;une licence en physique de l&#8217;universit\u00e9 de T\u00e9h\u00e9ran. Femme audacieuse, courageuse et vibrante, elle a d\u00e9couvert l&#8217;OMPI en 1978 \u00e0 l&#8217;\u00e2ge de 24 ans. Elle \u00e9tait toujours <a href=\"https:\/\/wncri.org\/fr\/2016\/10\/26\/fatemeh-razieh-ayatollahzadeh-shirazi\/\" target=\"_blank\" rel=\"noreferrer noopener\">la premi\u00e8re \u00e0 se porter volontaire<\/a> pour les missions difficiles. Malgr\u00e9 sa petite taille et sa silhouette fr\u00eale, rien ne pouvait la d\u00e9tourner de ses responsabilit\u00e9s.<\/p>\n\n\n\n<p class=\"wp-block-paragraph\">Elle a \u00e9t\u00e9 arr\u00eat\u00e9e lors de la manifestation pacifique du 20 juin 1981, alors qu&#8217;elle \u00e9tait enceinte de deux mois, et a \u00e9t\u00e9 soumise \u00e0 une torture s\u00e9v\u00e8re dans les prisons d&#8217;Evin et de Gohardacht jusqu&#8217;en 1988. Tout au long de sa grossesse, <a href=\"https:\/\/wncri.org\/fr\/2016\/10\/26\/fatemeh-razieh-ayatollahzadeh-shirazi\/\" target=\"_blank\" rel=\"noreferrer noopener\">elle a \u00e9t\u00e9 incarc\u00e9r\u00e9e<\/a> dans une cellule d&#8217;isolement glaciale et sans fen\u00eatre, ce qui a provoqu\u00e9 une maladie r\u00e9nale chronique. Lorsqu&#8217;elle a commenc\u00e9 \u00e0 accoucher, les autorit\u00e9s ont retard\u00e9 son transfert avant de l&#8217;emmener dans un h\u00f4pital ext\u00e9rieur.<\/p>\n\n\n\n<p class=\"wp-block-paragraph\"> Elle a racont\u00e9 avoir entendu les cris de sa fille nouveau-n\u00e9e, mais les gardiens du Corps des Gardiens de la r\u00e9volution l&#8217;ont froidement inform\u00e9e que le b\u00e9b\u00e9 \u00e9tait mort. Razieh cherchait constamment des moyens cr\u00e9atifs et innovants pour soutenir ses cod\u00e9tenues, qui la v\u00e9n\u00e9raient comme une ic\u00f4ne de r\u00e9sistance et de r\u00e9silience. Le 25 septembre 1988, elle a \u00e9t\u00e9 pendue \u00e0 une grue devant ses compagnes de d\u00e9tention.<\/p>\n\n\n\n<p class=\"wp-block-paragraph\"><strong>Maliheh Aghevami :<\/strong>\u00a0Maliheh <a href=\"https:\/\/wncri.org\/fr\/2023\/02\/10\/maliheh-aghvami\/\" target=\"_blank\" rel=\"noreferrer noopener\">\u00e9tait une\u00a0lyc\u00e9enne\u00a0<\/a>de Shahroud qui a rejoint l&#8217;OMPI imm\u00e9diatement apr\u00e8s la <a href=\"https:\/\/wncri.org\/fr\/2024\/02\/10\/le-bond-en-avant-des-iraniennes-dans-la-revolution-de-1979-2\/\" target=\"_blank\" rel=\"noreferrer noopener\">r\u00e9volution antimonarchique de 1979<\/a>. Jeune fille joyeuse, passionn\u00e9e et pleine de vie, dot\u00e9e de l&#8217;esprit vif de la jeunesse, elle a \u00e9t\u00e9 arr\u00eat\u00e9e avant le 20 juin 1981. Suite au d\u00e9but du massacre en ao\u00fbt 1988, Maliheh a \u00e9t\u00e9 convoqu\u00e9e devant la \u00ab Commission de la mort \u00bb. Personne ne sait ce qui s&#8217;est pass\u00e9 durant son interrogatoire, mais le seul document subsistant, \u00e9crit de sa propre main, \u00e9claire ses derniers instants. Sa note manuscrite indique : \u00ab 4 ao\u00fbt 1988.<\/p>\n\n\n\n<p class=\"wp-block-paragraph\"> Moi, Maliheh Aghevami, j&#8217;ai \u00e9t\u00e9 emmen\u00e9e au tribunal \u00e0 15 h 00 et j&#8217;ai re\u00e7u ma condamnation \u00e0 mort. Il est maintenant 19 h 00, et on m&#8217;emm\u00e8ne pour l&#8217;ex\u00e9cution \u00bb. Les autorit\u00e9s ont refus\u00e9 de rendre le corps de Maliheh \u00e0 sa famille. Quelque temps plus tard, au cours de la m\u00eame ann\u00e9e, un tr\u00e8s jeune membre de la milice du Basidj s&#8217;est pr\u00e9sent\u00e9 chez sa m\u00e8re avec une bo\u00eete de bonbons et 500 tomans, d\u00e9clarant : \u00ab J&#8217;\u00e9tais votre gendre ; <a href=\"https:\/\/wncri.org\/fr\/2024\/06\/25\/agression-sexuelle-torture-iran\/\" target=\"_blank\" rel=\"noreferrer noopener\">voici la dot de votre fille<\/a> \u00bb.<\/p>\n\n\n<div class=\"wp-block-image\">\n<figure class=\"aligncenter size-full\"><img decoding=\"async\" width=\"750\" height=\"375\" data-src=\"https:\/\/wncri.org\/fr\/wp-content\/uploads\/2022\/09\/Khavaran-Cemetery-Amnesty-International-1-min.jpg\" src=\"data:image\/gif;base64,R0lGODlhAQABAIAAAAAAAP\/\/\/yH5BAEAAAAALAAAAAABAAEAAAIBRAA7\" alt=\"La construction de murs autour du cimeti\u00e8re de Khavaran\" class=\"wp-image-16547 lazyload\"\/><noscript><img decoding=\"async\" width=\"750\" height=\"375\" src=\"https:\/\/wncri.org\/fr\/wp-content\/uploads\/2022\/09\/Khavaran-Cemetery-Amnesty-International-1-min.jpg\" alt=\"La construction de murs autour du cimeti\u00e8re de Khavaran\" class=\"wp-image-16547\" srcset=\"https:\/\/wncri.org\/fr\/wp-content\/uploads\/2022\/09\/Khavaran-Cemetery-Amnesty-International-1-min.jpg 750w, https:\/\/wncri.org\/fr\/wp-content\/uploads\/2022\/09\/Khavaran-Cemetery-Amnesty-International-1-min-300x150.jpg 300w, https:\/\/wncri.org\/fr\/wp-content\/uploads\/2022\/09\/Khavaran-Cemetery-Amnesty-International-1-min-360x180.jpg 360w\" sizes=\"(max-width: 750px) 100vw, 750px\" \/><\/noscript><\/figure>\n<\/div>\n\n\n<p class=\"has-text-align-center wp-block-paragraph\"><strong>Construction de murs autour du cimeti\u00e8re de Khavaran<\/strong><\/p>\n\n\n\n<h3 class=\"wp-block-heading\"><strong>Cons\u00e9quences humaines et sociales<\/strong><\/h3>\n\n\n\n<p class=\"wp-block-paragraph\">Le massacre de 1988 a laiss\u00e9 des cicatrices profondes et durables sur les familles et la soci\u00e9t\u00e9 iranienne. Pendant des d\u00e9cennies, des milliers de familles ont v\u00e9cu dans un \u00e9tat d&#8217;incertitude insoutenable, de perte et de questions sans r\u00e9ponse, beaucoup restant d\u00e9lib\u00e9r\u00e9ment priv\u00e9es d&#8217;informations concernant les lieux de s\u00e9pulture de leurs proches. Au-del\u00e0 du traumatisme psychologique et social s\u00e9v\u00e8re inflig\u00e9, cette r\u00e9alit\u00e9 souligne l&#8217;urgence critique de d\u00e9couvrir la v\u00e9rit\u00e9 et d&#8217;obtenir justice.<\/p>\n\n\n\n<p class=\"wp-block-paragraph\">Maryam Akbari Monfared, une prisonni\u00e8re politique embl\u00e9matique, a purg\u00e9 <a href=\"https:\/\/wncri.org\/fr\/2024\/11\/01\/rapport-de-octobre-2024-maryam-akbari\/\" target=\"_blank\" rel=\"noreferrer noopener\">17 ann\u00e9es cons\u00e9cutives de prison<\/a> sans un seul jour de permission, uniquement pour avoir r\u00e9clam\u00e9 justice pour sa s\u0153ur et son fr\u00e8re ex\u00e9cut\u00e9s lors du massacre de 1988, ainsi que pour deux autres fr\u00e8res ex\u00e9cut\u00e9s au cours des ann\u00e9es 1980. <\/p>\n\n\n\n<p class=\"wp-block-paragraph\">Dans une <a href=\"https:\/\/wncri.org\/fr\/2022\/08\/08\/lettre-a-mousavi-tabrizi\/\">lettre ouverte<\/a> adress\u00e9e \u00e0 l&#8217;ancien procureur du r\u00e9gime, le mollah Mousavi Tabrizi, concernant les familles pers\u00e9cut\u00e9es des martyrs de l&#8217;OMPI, elle a \u00e9crit : \u00ab Peut-\u00eatre avez-vous oubli\u00e9, mais laissez-moi vous le rappeler : les familles ont \u00e9t\u00e9 priv\u00e9es m\u00eame du droit d&#8217;organiser des c\u00e9r\u00e9monies comm\u00e9moratives. Lorsque les familles se r\u00e9unissaient pour un deuil priv\u00e9, vos forces faisaient irruption dans leurs foyers, les arr\u00eataient aux c\u00f4t\u00e9s de tous leurs invit\u00e9s et les tra\u00eenaient en prison. Vous n&#8217;avez jamais rendu les corps de leurs proches, n&#8217;avez jamais r\u00e9v\u00e9l\u00e9 o\u00f9 ils \u00e9taient enterr\u00e9s et n&#8217;avez laiss\u00e9 aucune trace d&#8217;une tombe ! \u00bb<\/p>\n\n\n\n<p class=\"wp-block-paragraph\">Le cimeti\u00e8re de Khavaran, situ\u00e9 sur un terrain aride aux abords de T\u00e9h\u00e9ran, constitue l&#8217;un des plus grands sites de s\u00e9pultures collectives pour des milliers de combattants de la libert\u00e9 de l\u2019OMPI et d&#8217;opposants massacr\u00e9s au cours de l\u2019\u00e9t\u00e9 1988.<\/p>\n\n\n\n<p class=\"wp-block-paragraph\">Des d\u00e9cennies plus tard, d&#8217;innombrables m\u00e8res, \u00e9pouses et s\u0153urs de ces martyrs restent d\u00e9lib\u00e9r\u00e9ment priv\u00e9es de l&#8217;emplacement exact des tombes de leurs proches, ne gardant que la supposition tragique qu&#8217;ils reposent sous ces terres. Des fosses communes secr\u00e8tes similaires existent dans de nombreuses villes d&#8217;Iran o\u00f9 les victimes du g\u00e9nocide de 1988 ont \u00e9t\u00e9 enterr\u00e9es clandestinement.<\/p>\n\n\n\n<p class=\"wp-block-paragraph\">Chaque ann\u00e9e, lors de l&#8217;anniversaire du massacre et \u00e0 l&#8217;approche du Nouvel An persan (Norouz), <a href=\"https:\/\/wncri.org\/fr\/2020\/08\/28\/les-meres-des-victimes-du-massacre-de-1988-se-recueillent-sur-les-fosses-communes\/\" target=\"_blank\" rel=\"noreferrer noopener\">les familles se rassemblent sur ces sites<\/a> pour honorer la m\u00e9moire de leurs martyrs, jonchant le sol de fleurs \u00e0 d\u00e9faut de tombes identifi\u00e9es. Ces derni\u00e8res ann\u00e9es, cependant, le r\u00e9gime cl\u00e9rical a syst\u00e9matiquement <a href=\"https:\/\/x.com\/iranhrs99\/status\/2093413500227879423\" target=\"_blank\" rel=\"noreferrer noopener\">verrouill\u00e9 les grilles du cimeti\u00e8re de Khavaran<\/a>, interdisant aux familles en deuil de visiter ne serait-ce que ces terrains symboliques et anonymes.<\/p>\n\n\n\n<p class=\"wp-block-paragraph\">Cette ann\u00e9e, le vendredi 28 ao\u00fbt 2026, marquant le 38e anniversaire du massacre de l\u2019OMPI et des prisonniers politiques dissidents, un groupe de familles en qu\u00eate de justice s\u2019est r\u00e9uni au cimeti\u00e8re de Khavaran pour honorer la m\u00e9moire de leurs \u00eatres chers.<strong>&nbsp;&nbsp;&nbsp;&nbsp;<\/strong><\/p>\n\n\n<div class=\"wp-block-image\">\n<figure class=\"aligncenter size-full is-resized\"><img decoding=\"async\" width=\"200\" height=\"355\" data-src=\"https:\/\/wncri.org\/fr\/wp-content\/uploads\/2026\/09\/Picture1.jpg\" src=\"data:image\/gif;base64,R0lGODlhAQABAIAAAAAAAP\/\/\/yH5BAEAAAAALAAAAAABAAEAAAIBRAA7\" alt=\"\" class=\"wp-image-27523 lazyload\" style=\"width:334px;height:auto\"\/><noscript><img decoding=\"async\" width=\"200\" height=\"355\" src=\"https:\/\/wncri.org\/fr\/wp-content\/uploads\/2026\/09\/Picture1.jpg\" alt=\"\" class=\"wp-image-27523\" style=\"width:334px;height:auto\" srcset=\"https:\/\/wncri.org\/fr\/wp-content\/uploads\/2026\/09\/Picture1.jpg 200w, https:\/\/wncri.org\/fr\/wp-content\/uploads\/2026\/09\/Picture1-169x300.jpg 169w\" sizes=\"(max-width: 200px) 100vw, 200px\" \/><\/noscript><\/figure>\n<\/div>\n\n\n<p class=\"has-text-align-center wp-block-paragraph\"><strong>&nbsp;&nbsp;&nbsp;&nbsp;&nbsp;&nbsp; Khavaran, 28 ao\u00fbt 2026<\/strong><\/p>\n\n\n\n<p class=\"wp-block-paragraph\">Des agents de s\u00e9curit\u00e9 ont verrouill\u00e9 les portes pour emp\u00eacher les familles d&#8217;entrer et de se recueillir sur les lieux de s\u00e9pulture de leurs proches. Dans l&#8217;impossibilit\u00e9 d&#8217;entrer, les familles ont plac\u00e9 les portraits de leurs disparus derri\u00e8re les grilles closes, <a href=\"Khavaran\">ont couvert les photos de fleurs<\/a> et ont rendu hommage \u00e0 leur m\u00e9moire en chantant des hymnes r\u00e9volutionnaires.<\/p>\n\n\n\n<p class=\"wp-block-paragraph\">Le r\u00e9gime a bloqu\u00e9 \u00e0 plusieurs reprises l&#8217;entr\u00e9e des familles au cimeti\u00e8re de Khavaran au cours des ann\u00e9es pass\u00e9es. Les officiels du r\u00e9gime ont m\u00eame syst\u00e9matiquement d\u00e9truit des fosses communes de victimes du massacre de 1988 dans diverses villes. Pour occulter davantage le sort et les lieux de s\u00e9pulture des victimes, les autorit\u00e9s ont syst\u00e9matiquement refus\u00e9 de d\u00e9livrer des certificats de d\u00e9c\u00e8s et ont activement effac\u00e9 les noms des ex\u00e9cut\u00e9s des registres officiels des d\u00e9funts.<\/p>\n\n\n\n<p class=\"wp-block-paragraph\">En 2021, le r\u00e9gime a entrepris la <a href=\"https:\/\/fr.ncr-iran.org\/actualites\/droits-humains-2\/le-massacre-de-1988-en-iran-un-crime-contre-lhumanite-et-la-quete-de-justice\/\" target=\"_blank\" rel=\"noreferrer noopener\">destruction du site fun\u00e9raire de Khavaran<\/a> et a commenc\u00e9 \u00e0 y enterrer de force des membres d\u00e9c\u00e9d\u00e9s de minorit\u00e9s religieuses. En 2017, les tombes de martyrs \u00e0 Behesht-e Reza \u00e0 Machhad et \u00e0 Wadi-e Rahmat \u00e0 Tabriz ont \u00e9t\u00e9 syst\u00e9matiquement d\u00e9molies. En ao\u00fbt 2018, le r\u00e9gime a d\u00e9truit les fosses communes des victimes du massacre de 1988 \u00e0 Ahvaz sous pr\u00e9texte de construire un boulevard. Les autorit\u00e9s du r\u00e9gime sont all\u00e9es jusqu&#8217;\u00e0 transformer certains de ces sites de charniers en d\u00e9charges publiques.<\/p>\n\n\n\n<h3 class=\"wp-block-heading\"><strong>Justice et imp\u00e9ratif de reddition de comptes<\/strong><\/h3>\n\n\n\n<p class=\"wp-block-paragraph\">Les experts de l&#8217;ONU ont soulign\u00e9 \u00e0 plusieurs reprises l&#8217;urgence d&#8217;enqu\u00eates ind\u00e9pendantes et d&#8217;un discours international entourant ces crimes contre l&#8217;humanit\u00e9 et ces actes de g\u00e9nocide.<\/p>\n\n\n\n<p class=\"wp-block-paragraph\">Geoffrey Robertson, \u00e9minent avocat des droits humains, conseiller du Roi et ancien juge au Tribunal sp\u00e9cial des Nations unies pour la Sierra Leone, a qualifi\u00e9 le massacre des prisonniers politiques de 1988 en Iran de <a href=\"https:\/\/wncri.org\/fr\/2020\/12\/09\/rendre-des-comptes-pour-le-massacre-de-1988\/\" target=\"_blank\" rel=\"noreferrer noopener\">pire crime contre l&#8217;humanit\u00e9<\/a> commis depuis la Seconde Guerre mondiale.<\/p>\n\n\n\n<p class=\"wp-block-paragraph\">Le 9 d\u00e9cembre 2020, les Nations unies ont <a href=\"https:\/\/spcommreports.ohchr.org\/TMResultsBase\/DownLoadPublicCommunicationFile?gId=25503\" target=\"_blank\" rel=\"noreferrer noopener\">rendu publique une lettre officielle<\/a> r\u00e9dig\u00e9e par sept experts des droits humains de l&#8217;ONU exigeant une reddition de comptes totale du r\u00e9gime iranien concernant les massacres de 1988 en Iran. Dans une lettre dat\u00e9e du 3 septembre 2020 adress\u00e9e au r\u00e9gime iranien, les experts de l&#8217;ONU exprimaient leur grave pr\u00e9occupation face au refus persistant des autorit\u00e9s iraniennes de divulguer le sort et la localisation de milliers d&#8217;individus victimes de disparitions forc\u00e9es et d&#8217;ex\u00e9cutions extrajudiciaires en 1988.<\/p>\n\n\n\n<p class=\"wp-block-paragraph\">Enfin, apr\u00e8s des ann\u00e9es d&#8217;efforts persistants de la R\u00e9sistance iranienne et du Mouvement pour la justice, le professeur Javaid Rehman, rapporteur sp\u00e9cial de l&#8217;ONU sur la situation des droits de l&#8217;homme en Iran, a publi\u00e9 un <a href=\"https:\/\/www.ohchr.org\/sites\/default\/files\/documents\/countries\/iran\/20240717-SR-Iran-Findings.pdf\" target=\"_blank\" rel=\"noreferrer noopener\">rapport historique<\/a> le 22 juillet 2024. Il a officiellement d\u00e9clar\u00e9 : \u00ab Les ex\u00e9cutions sommaires, arbitraires et extrajudiciaires des ann\u00e9es 1980 et le massacre de 1988 constituent des crimes contre l&#8217;humanit\u00e9 (incluant le meurtre et l&#8217;extermination), des actes de g\u00e9nocide et des crimes atroces. <\/p>\n\n\n\n<p class=\"wp-block-paragraph\">Les crimes contre l&#8217;humanit\u00e9 englobent \u00e9galement la torture, l&#8217;emprisonnement et les disparitions forc\u00e9es, la poursuite de ces crimes \u00e9tant aliment\u00e9e par l&#8217;impunit\u00e9 persistante dont jouissent les auteurs qui restent aux plus hauts niveaux du pouvoir. \u00bb<\/p>\n\n\n\n<p class=\"wp-block-paragraph\">Il a not\u00e9 que la majorit\u00e9 des ex\u00e9cutions visaient l&#8217;Organisation des Moudjahidines du Peuple d&#8217;Iran (OMPI) et les individus rest\u00e9s fermes sur leurs positions. Le rapporteur sp\u00e9cial a appel\u00e9 \u00e0 la mise en place d&#8217;un m\u00e9canisme international ind\u00e9pendant pour garantir des enqu\u00eates approfondies et la reddition de comptes pour les crimes graves, incluant les crimes contre l&#8217;humanit\u00e9, le <a href=\"https:\/\/wncri.org\/fr\/2024\/07\/27\/rapport-de-lonu-massacre-de-1988\/\" target=\"_blank\" rel=\"noreferrer noopener\">g\u00e9nocide et les violences sexuelles<\/a>. L&#8217;objectif de ce m\u00e9canisme est de collecter et de pr\u00e9server les preuves pour de futures poursuites et de traiter les atrocit\u00e9s commises contre les dissidents politiques, les minorit\u00e9s religieuses, ainsi que les femmes et les filles en Iran.<\/p>\n\n\n\n<p class=\"wp-block-paragraph\">Le professeur Rehman a \u00e9galement exhort\u00e9 les \u00c9tats membres de l&#8217;ONU \u00e0 \u00ab utiliser la comp\u00e9tence universelle pour enqu\u00eater, \u00e9mettre des mandats d&#8217;arr\u00eat et poursuivre les individus pour les crimes atroces commis durant les ann\u00e9es 1980, notamment en 1981-1982 et en 1988, qui constituent des crimes contre l&#8217;humanit\u00e9 et des actes de g\u00e9nocide, ainsi que pour d&#8217;autres violations graves des droits humains constituant des crimes au regard du droit international, incluant la torture, la disparition forc\u00e9e et les ex\u00e9cutions sommaires et extrajudiciaires \u00bb. (Chapitre VII. Conclusions et recommandations, page 62, paragraphe m).<\/p>\n\n\n\n<h3 class=\"wp-block-heading\"><strong>Conclusion<\/strong><\/h3>\n\n\n\n<p class=\"wp-block-paragraph\">L&#8217;\u00e9pop\u00e9e de l&#8217;h\u00e9ro\u00efsme des femmes lors du massacre de 1988 demeure l&#8217;un des chapitres les plus marquants de l&#8217;histoire contemporaine de l&#8217;Iran. Par leur r\u00e9sistance in\u00e9branlable, ces femmes ont d\u00e9montr\u00e9 qu&#8217;une r\u00e9pression implacable ne pourra jamais \u00e9teindre l&#8217;id\u00e9al de libert\u00e9. Le nom de Monireh Radjavi et des autres femmes ayant p\u00e9ri lors de cet \u00e9t\u00e9 br\u00fblant de 1988 rappelle que la m\u00e9moire historique des nations est forg\u00e9e par ceux qui refusent de renier leurs convictions, m\u00eame dans les conditions les plus rudes.<\/p>\n\n\n\n<p class=\"wp-block-paragraph\">Rendant hommage \u00e0 leur m\u00e9moire, la Commission des Femmes du Conseil national de la r\u00e9sistance iranienne (CNRI) souligne l&#8217;imp\u00e9ratif de qu\u00eate de justice, d&#8217;\u00e9tablissement de la v\u00e9rit\u00e9 et de reddition de comptes pour les auteurs et commanditaires de ce g\u00e9nocide et crime majeur contre l&#8217;humanit\u00e9.<\/p>\n","protected":false},"excerpt":{"rendered":"<p>Anniversaire du massacre de 1988 : l\u2019\u00e9pop\u00e9e des femmes qui ont dit \u00ab non \u00bb aux bourreaux ! Rapport de ao\u00fbt 2026 :\u00a0Le rapport mensuel d\u2019ao\u00fbt est consacr\u00e9 \u00e0 l\u2019anniversaire du massacre de 1988, en mettant l\u2019accent sur les femmes ex\u00e9cut\u00e9es lors de cette trag\u00e9die. Son objectif est de passer en revue l\u2019un des \u00e9v\u00e9nements [&hellip;]<\/p>\n","protected":false},"author":4,"featured_media":27526,"comment_status":"closed","ping_status":"closed","sticky":false,"template":"","format":"standard","meta":{"jnews-multi-image_gallery":[],"jnews_single_post":{"format":"standard"},"jnews_primary_category":[],"jnews_social_meta":[],"jnews_override_counter":[],"footnotes":""},"categories":[7,3],"tags":[],"class_list":["post-27522","post","type-post","status-publish","format-standard","has-post-thumbnail","hentry","category-les-regles","category-infos-des-femmes"],"_links":{"self":[{"href":"https:\/\/wncri.org\/fr\/wp-json\/wp\/v2\/posts\/27522","targetHints":{"allow":["GET"]}}],"collection":[{"href":"https:\/\/wncri.org\/fr\/wp-json\/wp\/v2\/posts"}],"about":[{"href":"https:\/\/wncri.org\/fr\/wp-json\/wp\/v2\/types\/post"}],"author":[{"embeddable":true,"href":"https:\/\/wncri.org\/fr\/wp-json\/wp\/v2\/users\/4"}],"replies":[{"embeddable":true,"href":"https:\/\/wncri.org\/fr\/wp-json\/wp\/v2\/comments?post=27522"}],"version-history":[{"count":1,"href":"https:\/\/wncri.org\/fr\/wp-json\/wp\/v2\/posts\/27522\/revisions"}],"predecessor-version":[{"id":27528,"href":"https:\/\/wncri.org\/fr\/wp-json\/wp\/v2\/posts\/27522\/revisions\/27528"}],"wp:featuredmedia":[{"embeddable":true,"href":"https:\/\/wncri.org\/fr\/wp-json\/wp\/v2\/media\/27526"}],"wp:attachment":[{"href":"https:\/\/wncri.org\/fr\/wp-json\/wp\/v2\/media?parent=27522"}],"wp:term":[{"taxonomy":"category","embeddable":true,"href":"https:\/\/wncri.org\/fr\/wp-json\/wp\/v2\/categories?post=27522"},{"taxonomy":"post_tag","embeddable":true,"href":"https:\/\/wncri.org\/fr\/wp-json\/wp\/v2\/tags?post=27522"}],"curies":[{"name":"wp","href":"https:\/\/api.w.org\/{rel}","templated":true}]}}