{"id":27518,"date":"2026-09-01T16:18:25","date_gmt":"2026-09-01T14:18:25","guid":{"rendered":"https:\/\/wncri.org\/fr\/?p=27518"},"modified":"2026-09-01T16:18:26","modified_gmt":"2026-09-01T14:18:26","slug":"campagne-contre-les-executions","status":"publish","type":"post","link":"https:\/\/wncri.org\/fr\/2026\/09\/01\/campagne-contre-les-executions\/","title":{"rendered":"Iran : 136e semaine de la campagne contre les ex\u00e9cutions"},"content":{"rendered":"\n<h4 class=\"wp-block-heading\">Le mardi 1er septembre 2026, au cours de la 136e semaine cons\u00e9cutive de la campagne des &#8220;mardis non aux ex\u00e9cutions&#8221; en Iran, des prisonniers r\u00e9partis dans 62 prisons \u00e0 travers tout le pays ont <a href=\"https:\/\/wncri.org\/fr\/2026\/08\/26\/135-mardis-non-aux-executions\/\" target=\"_blank\" rel=\"noreferrer noopener\">entam\u00e9 une gr\u00e8ve de la faim<\/a> pour protester une nouvelle fois contre le prononc\u00e9 et l&#8217;application des <a href=\"https:\/\/www.rfi.fr\/fr\/moyen-orient\/20260414-leur-population-est-leur-premier-ennemi-le-r%C3%A9gime-iranien-utilise-la-peine-de-mort-pour-r%C3%A9primer-en-masse\" target=\"_blank\" rel=\"noreferrer noopener\">sentences de mort.<\/a><\/h4>\n\n\n\n<h3 class=\"wp-block-heading\"><strong>La prison d&#8217;Iranchahr rejoint le mouvement<\/strong><\/h3>\n\n\n\n<p class=\"wp-block-paragraph\">Apr\u00e8s trois ans d&#8217;activit\u00e9 ininterrompue, la campagne des &#8220;mardis non aux ex\u00e9cutions&#8221; en Iran s&#8217;est \u00e9tendue bien au-del\u00e0 de quelques centres pour devenir le mouvement de protestation organis\u00e9 le plus vaste au sein des prisons iraniennes contre la peine capitale.<\/p>\n\n\n\n<p class=\"wp-block-paragraph\">Poursuivant cette dynamique, la prison <a href=\"https:\/\/fr.wikipedia.org\/wiki\/Iranchahr\" target=\"_blank\" rel=\"noreferrer noopener\">d&#8217;Iranchahr<\/a> a rejoint les \u00e9tablissements participants, portant le nombre total de prisons prenant part \u00e0 l&#8217;initiative \u00e0 62. L&#8217;augmentation progressive du nombre de structures engag\u00e9es refl\u00e8te l&#8217;exigence croissante des d\u00e9tenus pour l&#8217;arr\u00eat des ex\u00e9cutions et la transformation de cette demande en une protestation collective et durable.<\/p>\n\n\n\n<h3 class=\"wp-block-heading\"><strong>\u00c0 propos de la campagne des &#8220;mardis non aux ex\u00e9cutions&#8221; en Iran<\/strong><\/h3>\n\n\n\n<p class=\"wp-block-paragraph\">Entrant d\u00e9sormais dans sa troisi\u00e8me ann\u00e9e, la campagne des &#8220;mardis non aux ex\u00e9cutions&#8221; en Iran est devenue le mouvement de contestation le plus \u00e9tendu, le plus p\u00e9renne et le plus percutant au sein des prisons du pays. Malgr\u00e9 l&#8217;intensification des pressions s\u00e9curitaires, les menaces constantes, les restrictions de communication et les mesures punitives contre les participants, le mouvement de protestation n&#8217;a pas \u00e9t\u00e9 r\u00e9duit au silence.<\/p>\n\n\n\n<p class=\"wp-block-paragraph\">Une part significative des d\u00e9tenus gr\u00e9vistes est constitu\u00e9e de prisonni\u00e8res politiques purgeant leurs peines dans les quartiers des femmes de la prison d&#8217;Evin, de la <a href=\"https:\/\/wncri.org\/fr\/2025\/01\/10\/conditions-desastreuses-prison-de-qarchak\/\" target=\"_blank\" rel=\"noreferrer noopener\">prison de Qarchak<\/a> \u00e0 Varamin, de la prison de Sepidar \u00e0 Ahvaz, de la prison d&#8217;Adelabad \u00e0 Chiraz, ainsi que dans les prisons de Zahedan, de Yazd et de Racht.<\/p>\n","protected":false},"excerpt":{"rendered":"<p>Le mardi 1er septembre 2026, au cours de la 136e semaine cons\u00e9cutive de la campagne des &#8220;mardis non aux ex\u00e9cutions&#8221; en Iran, des prisonniers r\u00e9partis dans 62 prisons \u00e0 travers tout le pays ont entam\u00e9 une gr\u00e8ve de la faim pour protester une nouvelle fois contre le prononc\u00e9 et l&#8217;application des sentences de mort. La [&hellip;]<\/p>\n","protected":false},"author":4,"featured_media":27519,"comment_status":"closed","ping_status":"closed","sticky":false,"template":"","format":"standard","meta":{"jnews-multi-image_gallery":[],"jnews_single_post":{"format":"standard"},"jnews_primary_category":[],"jnews_social_meta":[],"jnews_override_counter":[],"footnotes":""},"categories":[3],"tags":[369],"class_list":["post-27518","post","type-post","status-publish","format-standard","has-post-thumbnail","hentry","category-infos-des-femmes","tag-manifestations"],"_links":{"self":[{"href":"https:\/\/wncri.org\/fr\/wp-json\/wp\/v2\/posts\/27518","targetHints":{"allow":["GET"]}}],"collection":[{"href":"https:\/\/wncri.org\/fr\/wp-json\/wp\/v2\/posts"}],"about":[{"href":"https:\/\/wncri.org\/fr\/wp-json\/wp\/v2\/types\/post"}],"author":[{"embeddable":true,"href":"https:\/\/wncri.org\/fr\/wp-json\/wp\/v2\/users\/4"}],"replies":[{"embeddable":true,"href":"https:\/\/wncri.org\/fr\/wp-json\/wp\/v2\/comments?post=27518"}],"version-history":[{"count":1,"href":"https:\/\/wncri.org\/fr\/wp-json\/wp\/v2\/posts\/27518\/revisions"}],"predecessor-version":[{"id":27520,"href":"https:\/\/wncri.org\/fr\/wp-json\/wp\/v2\/posts\/27518\/revisions\/27520"}],"wp:featuredmedia":[{"embeddable":true,"href":"https:\/\/wncri.org\/fr\/wp-json\/wp\/v2\/media\/27519"}],"wp:attachment":[{"href":"https:\/\/wncri.org\/fr\/wp-json\/wp\/v2\/media?parent=27518"}],"wp:term":[{"taxonomy":"category","embeddable":true,"href":"https:\/\/wncri.org\/fr\/wp-json\/wp\/v2\/categories?post=27518"},{"taxonomy":"post_tag","embeddable":true,"href":"https:\/\/wncri.org\/fr\/wp-json\/wp\/v2\/tags?post=27518"}],"curies":[{"name":"wp","href":"https:\/\/api.w.org\/{rel}","templated":true}]}}