{"id":27514,"date":"2026-09-01T16:12:57","date_gmt":"2026-09-01T14:12:57","guid":{"rendered":"https:\/\/wncri.org\/fr\/?p=27514"},"modified":"2026-09-01T16:14:02","modified_gmt":"2026-09-01T14:14:02","slug":"camp-dashraf-resistance","status":"publish","type":"post","link":"https:\/\/wncri.org\/fr\/2026\/09\/01\/camp-dashraf-resistance\/","title":{"rendered":"Camp d\u2019Ashraf : l&#8217;hommage aux 6 femmes leaders tu\u00e9es"},"content":{"rendered":"\n<h4 class=\"wp-block-heading\"><strong>Camp d\u2019Ashraf : l&#8217;hommage aux 6 femmes leaders tu\u00e9es<\/strong>: Lorsqu&#8217;un <a href=\"https:\/\/wncri.org\/fr\/2024\/08\/30\/une-vie-de-dignite-de-courage-et-de-liberte-pour-l-iran\/\" target=\"_blank\" rel=\"noreferrer noopener\">raid a frapp\u00e9 le Camp d\u2019Ashraf<\/a> \u00e0 5 h 00 du matin le 1er septembre 2013, l&#8217;objectif du r\u00e9gime cl\u00e9rical iranien \u00e9tait d&#8217;\u00e9craser le c\u0153ur de sa r\u00e9sistance d\u00e9mocratique organis\u00e9e. Parmi les 52 membres de l\u2019OMPI, non arm\u00e9s, tu\u00e9s de sang-froid, figuraient six femmes leaders. Ces dirigeantes avaient renonc\u00e9 \u00e0 leur confort personnel pour b\u00e2tir un Iran libre.<\/h4>\n\n\n\n<p class=\"wp-block-paragraph\">Plus d&#8217;une d\u00e9cennie plus tard, le r\u00e9gime n&#8217;a pas r\u00e9ussi \u00e0 effacer leur m\u00e9moire. Au contraire, leur d\u00e9fi a jet\u00e9 les bases d&#8217;un mouvement qui d\u00e9finit l&#8217;Iran d&#8217;aujourd&#8217;hui : une lutte de lib\u00e9ration dirig\u00e9e par les femmes et port\u00e9e par la jeunesse.<\/p>\n\n\n\n<h3 class=\"wp-block-heading\"><strong>L&#8217;avant-garde d&#8217;Ashraf<\/strong><\/h3>\n\n\n\n<p class=\"wp-block-paragraph\">Les femmes qui ont tenu la ligne au Camp d\u2019Ashraf en septembre 2013 \u00e9taient les architectes d&#8217;une alternative politique, choisissant de diriger \u00e0 un moment de risque maximal :<\/p>\n\n\n\n<p class=\"wp-block-paragraph\">Zohreh Ghaemi (49 ans) : Responsable du Camp d\u2019Ashraf et <a href=\"https:\/\/wncri.org\/fr\/2024\/08\/30\/zohreh-ghaemi\/\" target=\"_blank\" rel=\"noreferrer noopener\">secr\u00e9taire g\u00e9n\u00e9rale adjointe<\/a> de l&#8217;OMPI. Ancienne prisonni\u00e8re politique reconnue pour son humilit\u00e9 et sa d\u00e9termination, elle a command\u00e9 le camp jusqu&#8217;\u00e0 son dernier souffle.<\/p>\n\n\n\n<p class=\"wp-block-paragraph\">Giti Givechinian (55 ans) : Secr\u00e9taire g\u00e9n\u00e9rale adjointe de l&#8217;OMPI et <a href=\"https:\/\/wncri.org\/fr\/2024\/08\/30\/guiti-givetchian\/\" target=\"_blank\" rel=\"noreferrer noopener\">pr\u00e9sidente de la commission de la s\u00e9curit\u00e9 et de la lutte contre le terrorisme<\/a> du CNRI. Titulaire d&#8217;un dipl\u00f4me en psychologie, elle a consacr\u00e9 34 ans \u00e0 la lutte pour un changement d\u00e9mocratique.<\/p>\n\n\n\n<p class=\"wp-block-paragraph\">Mitra Bagherzadeh (54 ans) : Membre \u00e9minente du Conseil de direction de l&#8217;OMPI et <a href=\"https:\/\/wncri.org\/fr\/2017\/08\/31\/mitra-bagherzadeh\/\" target=\"_blank\" rel=\"noreferrer noopener\">responsable des affaires juridiques d&#8217;Ashraf<\/a>, anim\u00e9e par une volont\u00e9 in\u00e9branlable de mettre fin \u00e0 l&#8217;oppression syst\u00e9mique des femmes.<\/p>\n\n\n\n<p class=\"wp-block-paragraph\">Jila Tolou (53 ans) : Membre du Conseil de direction de l&#8217;OMPI et <a href=\"https:\/\/wncri.org\/fr\/2017\/09\/01\/jila-tolou\/\" target=\"_blank\" rel=\"noreferrer noopener\">directrice de la communication<\/a>, \u0153uvrant sur le front de l&#8217;information.<\/p>\n\n\n\n<p class=\"wp-block-paragraph\">Fatemeh Kamyab (52 ans) : <a href=\"https:\/\/wncri.org\/fr\/2017\/09\/02\/fatemeh-kamyab-sharifi\/\" target=\"_blank\" rel=\"noreferrer noopener\">Ancienne prisonni\u00e8re p<\/a><a href=\"https:\/\/wncri.org\/fr\/2017\/09\/02\/fatemeh-kamyab-sharifi\/\">olitique<\/a>, membre du Conseil de direction de l&#8217;OMPI et responsable de la logistique. Ses deux fr\u00e8res avaient d\u00e9j\u00e0 \u00e9t\u00e9 ex\u00e9cut\u00e9s par le r\u00e9gime.<\/p>\n\n\n\n<p class=\"wp-block-paragraph\">Maryam Hosseini (49 ans) : Ancienne prisonni\u00e8re politique, membre du Conseil de direction de l&#8217;OMPI et responsable de la s\u00e9curit\u00e9 du camp, elle a affront\u00e9 ses ravisseurs avec courage <a href=\"https:\/\/wncri.org\/fr\/2017\/09\/02\/maryam-hosseini\/\" target=\"_blank\" rel=\"noreferrer noopener\">jusqu&#8217;\u00e0 son dernier instant<\/a>.<\/p>\n\n\n\n<p class=\"wp-block-paragraph\">Six autres femmes leaders ont \u00e9t\u00e9 enlev\u00e9es ce jour-l\u00e0, leur sort restant scell\u00e9 dans l&#8217;ombre de la terreur d&#8217;\u00c9tat. Pourtant, loin de d\u00e9truire l&#8217;opposition, leur sacrifice a instaur\u00e9 un pr\u00e9c\u00e9dent irr\u00e9vocable : les femmes iraniennes ne se contenteraient plus de participer \u00e0 la lutte, elles la dirigeraient.<\/p>\n\n\n<div class=\"wp-block-image\">\n<figure class=\"aligncenter size-full\"><img decoding=\"async\" width=\"746\" height=\"374\" data-src=\"https:\/\/wncri.org\/fr\/wp-content\/uploads\/2026\/09\/NCRI-Women-Leading-women-of-Ashraf_2-1-1.jpg\" src=\"data:image\/gif;base64,R0lGODlhAQABAIAAAAAAAP\/\/\/yH5BAEAAAAALAAAAAABAAEAAAIBRAA7\" alt=\"Camp d\u2019Ashraf : l'hommage aux 6 femmes leaders tu\u00e9es\" class=\"wp-image-27515 lazyload\"\/><noscript><img decoding=\"async\" width=\"746\" height=\"374\" src=\"https:\/\/wncri.org\/fr\/wp-content\/uploads\/2026\/09\/NCRI-Women-Leading-women-of-Ashraf_2-1-1.jpg\" alt=\"Camp d\u2019Ashraf : l&#039;hommage aux 6 femmes leaders tu\u00e9es\" class=\"wp-image-27515\" srcset=\"https:\/\/wncri.org\/fr\/wp-content\/uploads\/2026\/09\/NCRI-Women-Leading-women-of-Ashraf_2-1-1.jpg 746w, https:\/\/wncri.org\/fr\/wp-content\/uploads\/2026\/09\/NCRI-Women-Leading-women-of-Ashraf_2-1-1-300x150.jpg 300w, https:\/\/wncri.org\/fr\/wp-content\/uploads\/2026\/09\/NCRI-Women-Leading-women-of-Ashraf_2-1-1-360x180.jpg 360w\" sizes=\"(max-width: 746px) 100vw, 746px\" \/><\/noscript><\/figure>\n<\/div>\n\n\n<h3 class=\"wp-block-heading\"><strong>Une lign\u00e9e ininterrompue : Femme, R\u00e9sistance, Libert\u00e9<\/strong><\/h3>\n\n\n\n<p class=\"wp-block-paragraph\">L&#8217;esprit d&#8217;Ashraf n&#8217;est pas rest\u00e9 enterr\u00e9 dans le d\u00e9sert. Il a migr\u00e9 dans les rues de T\u00e9h\u00e9ran, Tabriz, Racht et <a href=\"https:\/\/en.wikipedia.org\/wiki\/Zahedan_County\" target=\"_blank\" rel=\"noreferrer noopener\">Zahedan<\/a>.<\/p>\n\n\n\n<p class=\"wp-block-paragraph\">Des soul\u00e8vements nationaux de 2017, 2019 et du mouvement de 2022-2023, jusqu&#8217;aux vastes manifestations de la G\u00e9n\u00e9ration Z en 2025-2026, un fil conducteur relie chaque vague de d\u00e9fi. La conviction profonde demeure inchang\u00e9e : une libert\u00e9 v\u00e9ritable en Iran est impossible sans les femmes \u00e0 la t\u00eate de la r\u00e9sistance.<\/p>\n\n\n\n<p class=\"wp-block-paragraph\">La jeunesse d&#8217;aujourd&#8217;hui porte l&#8217;\u00e9tendard de \u00ab Femme, R\u00e9sistance, Libert\u00e9 \u00bb. Les manifestants de la G\u00e9n\u00e9ration Z qui bloquent les rues, d\u00e9mant\u00e8lent les barri\u00e8res et affrontent la violence d&#8217;\u00c9tat se tiennent sur les \u00e9paules des femmes d&#8217;Ashraf. Le leadership, la vision strat\u00e9gique et l&#8217;abn\u00e9gation manifest\u00e9s le 1er septembre 2013 servent de mod\u00e8le \u00e0 une nouvelle g\u00e9n\u00e9ration d\u00e9termin\u00e9e \u00e0 abattre la tyrannie religieuse une fois pour toutes.<\/p>\n\n\n\n<h3 class=\"wp-block-heading\"><strong>Le prix de la libert\u00e9, la garantie de la victoire<\/strong><\/h3>\n\n\n\n<p class=\"wp-block-paragraph\">En cet anniversaire, nous nous souvenons des femmes tu\u00e9es le 1er septembre 2013 \u00e0 Ashraf, qui ont pay\u00e9 le prix ultime pour la d\u00e9mocratie. Ce faisant, elles ont garanti une soci\u00e9t\u00e9 d\u00e9mocratique pour les futures g\u00e9n\u00e9rations de l&#8217;Iran, o\u00f9 les femmes et les hommes, ainsi que toutes les diverses nationalit\u00e9s du pays, jouiront de droits et de libert\u00e9s \u00e9gaux.<\/p>\n","protected":false},"excerpt":{"rendered":"<p>Camp d\u2019Ashraf : l&#8217;hommage aux 6 femmes leaders tu\u00e9es: Lorsqu&#8217;un raid a frapp\u00e9 le Camp d\u2019Ashraf \u00e0 5 h 00 du matin le 1er septembre 2013, l&#8217;objectif du r\u00e9gime cl\u00e9rical iranien \u00e9tait d&#8217;\u00e9craser le c\u0153ur de sa r\u00e9sistance d\u00e9mocratique organis\u00e9e. Parmi les 52 membres de l\u2019OMPI, non arm\u00e9s, tu\u00e9s de sang-froid, figuraient six femmes leaders. [&hellip;]<\/p>\n","protected":false},"author":4,"featured_media":27516,"comment_status":"closed","ping_status":"closed","sticky":false,"template":"","format":"standard","meta":{"jnews-multi-image_gallery":[],"jnews_single_post":{"format":"standard"},"jnews_primary_category":[],"jnews_social_meta":[],"jnews_override_counter":[],"footnotes":""},"categories":[8,3],"tags":[373],"class_list":["post-27514","post","type-post","status-publish","format-standard","has-post-thumbnail","hentry","category-articles","category-infos-des-femmes","tag-le-leadership-des-femmes"],"_links":{"self":[{"href":"https:\/\/wncri.org\/fr\/wp-json\/wp\/v2\/posts\/27514","targetHints":{"allow":["GET"]}}],"collection":[{"href":"https:\/\/wncri.org\/fr\/wp-json\/wp\/v2\/posts"}],"about":[{"href":"https:\/\/wncri.org\/fr\/wp-json\/wp\/v2\/types\/post"}],"author":[{"embeddable":true,"href":"https:\/\/wncri.org\/fr\/wp-json\/wp\/v2\/users\/4"}],"replies":[{"embeddable":true,"href":"https:\/\/wncri.org\/fr\/wp-json\/wp\/v2\/comments?post=27514"}],"version-history":[{"count":1,"href":"https:\/\/wncri.org\/fr\/wp-json\/wp\/v2\/posts\/27514\/revisions"}],"predecessor-version":[{"id":27517,"href":"https:\/\/wncri.org\/fr\/wp-json\/wp\/v2\/posts\/27514\/revisions\/27517"}],"wp:featuredmedia":[{"embeddable":true,"href":"https:\/\/wncri.org\/fr\/wp-json\/wp\/v2\/media\/27516"}],"wp:attachment":[{"href":"https:\/\/wncri.org\/fr\/wp-json\/wp\/v2\/media?parent=27514"}],"wp:term":[{"taxonomy":"category","embeddable":true,"href":"https:\/\/wncri.org\/fr\/wp-json\/wp\/v2\/categories?post=27514"},{"taxonomy":"post_tag","embeddable":true,"href":"https:\/\/wncri.org\/fr\/wp-json\/wp\/v2\/tags?post=27514"}],"curies":[{"name":"wp","href":"https:\/\/api.w.org\/{rel}","templated":true}]}}