{"id":27511,"date":"2026-08-31T18:21:33","date_gmt":"2026-08-31T16:21:33","guid":{"rendered":"https:\/\/wncri.org\/fr\/?p=27511"},"modified":"2026-08-31T18:21:53","modified_gmt":"2026-08-31T16:21:53","slug":"la-situation-de-5-femmes-detenues","status":"publish","type":"post","link":"https:\/\/wncri.org\/fr\/2026\/08\/31\/la-situation-de-5-femmes-detenues\/","title":{"rendered":"La situation de 5 femmes d\u00e9tenues : condamnations en Iran"},"content":{"rendered":"\n<h4 class=\"wp-block-heading\">En ce mois de juillet 2026, les arrestations continues et les lourdes peines inflig\u00e9es demeurent un pilier de la r\u00e9pression contre les Iraniennes, visant \u00e0 contr\u00f4ler la soci\u00e9t\u00e9 et \u00e0 instaurer la peur pour pr\u00e9venir tout nouveau soul\u00e8vement. Dans ce contexte, de nouvelles informations sur la situation de 5 femmes d\u00e9tenues r\u00e9v\u00e8lent les d\u00e9tails de la d\u00e9tention prolong\u00e9e et des sentences s\u00e9v\u00e8res prononc\u00e9es par le tribunal r\u00e9volutionnaire \u00e0 l&#8217;encontre de Leila Abolhassani, Najmeh Amini, Zahra Mousavi, Madineh Shahnavazi et Fatemeh Gholami Moghadam dans les prisons d&#8217;Ispahan, Machhad et Kerman.<\/h4>\n\n\n\n<h3 class=\"wp-block-heading\"><strong>Le dossier judiciaire de Leila Abolhassani pour \u00ab Moharebeh \u00bb<\/strong><\/h3>\n\n\n\n<p class=\"wp-block-paragraph\">Leila Abolhassani, m\u00e8re de deux adolescentes \u00e2g\u00e9e de 43 ans, a \u00e9t\u00e9 arr\u00eat\u00e9e lors des manifestations nationales de janvier 2026 \u00e0 Shahin Shahr, dans la province d&#8217;Ispahan. Elle a \u00e9t\u00e9 condamn\u00e9e \u00e0 mort pour \u00ab guerre contre Dieu \u00bb apr\u00e8s que les autorit\u00e9s l&#8217;ont accus\u00e9e d&#8217;avoir aid\u00e9 \u00e0 incendier un supermarch\u00e9.<\/p>\n\n\n\n<p class=\"wp-block-paragraph\">En avril 2026, la cinqui\u00e8me chambre du tribunal r\u00e9volutionnaire d&#8217;Ispahan, pr\u00e9sid\u00e9e par le juge Vahid Hemmat-Nejad, a prononc\u00e9 cette sentence capitale pour le chef d&#8217;inculpation de \u00ab Moharebeh \u00bb (guerre contre Dieu). Son dossier est actuellement devant la Cour supr\u00eame ; si son appel est rejet\u00e9, elle pourrait \u00eatre ex\u00e9cut\u00e9e.<\/p>\n\n\n\n<p class=\"wp-block-paragraph\">Lors des manifestations du 8 janvier 2026, Mme Abolhassani se trouvait \u00e0 proximit\u00e9 d&#8217;une succursale de la cha\u00eene de supermarch\u00e9s Ofogh Kourosh qui \u00e9tait en feu et a commenc\u00e9 \u00e0 filmer la sc\u00e8ne. Les forces de s\u00e9curit\u00e9 l&#8217;ont alors interpell\u00e9e, l&#8217;accusant d&#8217;avoir particip\u00e9 \u00e0 l&#8217;incendie. Ses proches rejettent fermement cette all\u00e9gation, soulignant qu&#8217;elle n&#8217;\u00e9tait nullement impliqu\u00e9e et qu&#8217;elle se contentait de filmer l&#8217;incident au moment de son arrestation. Elle est d\u00e9tenue depuis lors \u00e0 la prison de Dowlatabad, \u00e0 Ispahan, sans aucune perspective de permission de sortie ou de lib\u00e9ration temporaire.<\/p>\n\n\n\n<h3 class=\"wp-block-heading\"><strong>Najmeh Amini, \u00e9tudiante en comptabilit\u00e9, condamn\u00e9e \u00e0 plus de 12 ans de prison<\/strong><\/h3>\n\n\n\n<p class=\"wp-block-paragraph\">Poursuivant cet examen de la situation de 5 femmes d\u00e9tenues, Najmeh Amini, \u00e9tudiante en comptabilit\u00e9 de 23 ans, a \u00e9t\u00e9 condamn\u00e9e par la premi\u00e8re chambre du tribunal r\u00e9volutionnaire de Machhad \u00e0 12 ans, six mois et un jour de prison pour \u00ab action op\u00e9rationnelle contre la s\u00e9curit\u00e9 nationale \u00bb.<\/p>\n\n\n\n<p class=\"wp-block-paragraph\"><a href=\"https:\/\/wncri.org\/fr\/2026\/08\/16\/soulevement-de-janvier-2026-prison\/\" target=\"_blank\" rel=\"noreferrer noopener\">L&#8217;\u00e9tudiante de 23 ans<\/a> a \u00e9t\u00e9 arr\u00eat\u00e9e violemment et battue par les forces de s\u00e9curit\u00e9 le 2 f\u00e9vrier lors d&#8217;op\u00e9rations de contr\u00f4le dans le secteur du bazar Ferdowsi de Machhad. Suite \u00e0 son interpellation, elle a \u00e9t\u00e9 transf\u00e9r\u00e9e \u00e0 la prison de Vakilabad, o\u00f9 elle a pass\u00e9 environ trois mois \u00e0 l&#8217;isolement dans le quartier de s\u00e9curit\u00e9. Mme Amini est actuellement d\u00e9tenue dans le quartier dit \u00ab <a href=\"https:\/\/wncri.org\/fr\/2026\/05\/06\/prison-de-vakilabad-machhad-prisonnieres\/\" target=\"_blank\" rel=\"noreferrer noopener\">Aramesh<\/a> \u00bb de la prison de Vakilabad. Elle est priv\u00e9e de ses droits fondamentaux depuis son arrestation, notamment l&#8217;acc\u00e8s \u00e0 l&#8217;avocat de son choix et \u00e0 un proc\u00e8s \u00e9quitable, tout en ayant subi d&#8217;intenses pressions lors d&#8217;interrogatoires visant \u00e0 extorquer des aveux forc\u00e9s.<\/p>\n\n\n\n<h3 class=\"wp-block-heading\"><strong>D\u00e9tails de la condamnation de Zahra Mousavi : sursis et emprisonnement<\/strong><\/h3>\n\n\n\n<p class=\"wp-block-paragraph\">Zahra Mousavi, \u00e9galement arr\u00eat\u00e9e lors des manifestations de janvier 2026, purge actuellement sa peine \u00e0 la prison de Vakilabad, \u00e0 Machhad. Elle a \u00e9t\u00e9 condamn\u00e9e par le tribunal r\u00e9volutionnaire \u00e0 six ans et demi de prison avec sursis, assortis de quatre ans d&#8217;emprisonnement ferme.<\/p>\n\n\n\n<p class=\"wp-block-paragraph\">Une source inform\u00e9e a d\u00e9clar\u00e9 concernant le dossier de Zahra Mousavi : \u00ab Durant la phase d&#8217;enqu\u00eate pr\u00e9liminaire, Mme Mousavi a fait face \u00e0 de multiples chefs d&#8217;inculpation, incluant la participation aux manifestations, la propagande et l&#8217;incitation \u00e0 commettre des crimes, la formation d&#8217;un groupe et l&#8217;atteinte \u00e0 la s\u00e9curit\u00e9 nationale \u00bb. \u00c2g\u00e9e de 21 ans, Zahra Mousavi est n\u00e9e en Iran et poss\u00e8de la double nationalit\u00e9 irano-afghane. Originaire de Fariman, elle travaillait comme caissi\u00e8re dans un restaurant avant son arrestation survenue le 20 janvier 2026. Elle a ensuite \u00e9t\u00e9 transf\u00e9r\u00e9e au quartier de quarantaine de la prison de Vakilabad.<\/p>\n\n\n\n<h3 class=\"wp-block-heading\"><strong>Maintien au secret de Madineh Shahnavazi et Fatemeh Gholami Moghadam<\/strong><\/h3>\n\n\n\n<p class=\"wp-block-paragraph\">Une autre section de ce rapport sur la situation de 5 femmes d\u00e9tenues concerne le maintien en d\u00e9tention sans proc\u00e8s de deux femmes dans les prisons de Kerman et Machhad :<\/p>\n\n\n\n<p class=\"wp-block-paragraph\">D\u00e9tention de 28 mois sans proc\u00e8s pour Madineh Shahnavazi : Madineh Shahnavazi, une femme de confession musulmane sunnite, est d\u00e9tenue sans jugement \u00e0 la prison de Kerman depuis plus de 28 mois. Elle a \u00e9t\u00e9 arr\u00eat\u00e9e par les forces de s\u00e9curit\u00e9 au printemps 2024. Aujourd&#8217;hui, apr\u00e8s plus de deux ans, son dossier en est toujours au stade pr\u00e9liminaire devant le parquet, et aucune audience n&#8217;a encore \u00e9t\u00e9 fix\u00e9e pour examiner les charges pesant contre elle.<\/p>\n\n\n\n<p class=\"wp-block-paragraph\">La d\u00e9tention de Fatemeh Gholami Moghadam : \u00c2g\u00e9e d&#8217;environ 40 ans et originaire de <a href=\"https:\/\/fr.wikipedia.org\/wiki\/Fariman\" target=\"_blank\" rel=\"noreferrer noopener\">Fariman<\/a>, Fatemeh Gholami Moghadam est d\u00e9tenue sans proc\u00e8s depuis plus de deux mois. Arr\u00eat\u00e9e en avril ou mai, elle a \u00e9t\u00e9 transf\u00e9r\u00e9e \u00e0 la prison de Vakilabad \u00e0 Machhad. Bien que son dossier ait \u00e9t\u00e9 renvoy\u00e9 devant la premi\u00e8re chambre du tribunal r\u00e9volutionnaire de Machhad, aucune date de proc\u00e8s n&#8217;a \u00e9t\u00e9 arr\u00eat\u00e9e, et elle demeure dans un flou juridique total.<\/p>\n","protected":false},"excerpt":{"rendered":"<p>En ce mois de juillet 2026, les arrestations continues et les lourdes peines inflig\u00e9es demeurent un pilier de la r\u00e9pression contre les Iraniennes, visant \u00e0 contr\u00f4ler la soci\u00e9t\u00e9 et \u00e0 instaurer la peur pour pr\u00e9venir tout nouveau soul\u00e8vement. Dans ce contexte, de nouvelles informations sur la situation de 5 femmes d\u00e9tenues r\u00e9v\u00e8lent les d\u00e9tails de [&hellip;]<\/p>\n","protected":false},"author":4,"featured_media":27512,"comment_status":"closed","ping_status":"closed","sticky":false,"template":"","format":"standard","meta":{"jnews-multi-image_gallery":[],"jnews_single_post":{"format":"standard"},"jnews_primary_category":[],"jnews_social_meta":[],"jnews_override_counter":[],"footnotes":""},"categories":[3],"tags":[370],"class_list":["post-27511","post","type-post","status-publish","format-standard","has-post-thumbnail","hentry","category-infos-des-femmes","tag-prisonnieres"],"_links":{"self":[{"href":"https:\/\/wncri.org\/fr\/wp-json\/wp\/v2\/posts\/27511","targetHints":{"allow":["GET"]}}],"collection":[{"href":"https:\/\/wncri.org\/fr\/wp-json\/wp\/v2\/posts"}],"about":[{"href":"https:\/\/wncri.org\/fr\/wp-json\/wp\/v2\/types\/post"}],"author":[{"embeddable":true,"href":"https:\/\/wncri.org\/fr\/wp-json\/wp\/v2\/users\/4"}],"replies":[{"embeddable":true,"href":"https:\/\/wncri.org\/fr\/wp-json\/wp\/v2\/comments?post=27511"}],"version-history":[{"count":1,"href":"https:\/\/wncri.org\/fr\/wp-json\/wp\/v2\/posts\/27511\/revisions"}],"predecessor-version":[{"id":27513,"href":"https:\/\/wncri.org\/fr\/wp-json\/wp\/v2\/posts\/27511\/revisions\/27513"}],"wp:featuredmedia":[{"embeddable":true,"href":"https:\/\/wncri.org\/fr\/wp-json\/wp\/v2\/media\/27512"}],"wp:attachment":[{"href":"https:\/\/wncri.org\/fr\/wp-json\/wp\/v2\/media?parent=27511"}],"wp:term":[{"taxonomy":"category","embeddable":true,"href":"https:\/\/wncri.org\/fr\/wp-json\/wp\/v2\/categories?post=27511"},{"taxonomy":"post_tag","embeddable":true,"href":"https:\/\/wncri.org\/fr\/wp-json\/wp\/v2\/tags?post=27511"}],"curies":[{"name":"wp","href":"https:\/\/api.w.org\/{rel}","templated":true}]}}