{"id":2746,"date":"2017-12-02T20:52:24","date_gmt":"2017-12-02T20:52:24","guid":{"rendered":""},"modified":"2017-12-02T20:52:24","modified_gmt":"2017-12-02T20:52:24","slug":"iran-les-femmes-en-premiere-ligne-des-manifestations","status":"publish","type":"post","link":"https:\/\/wncri.org\/fr\/2017\/12\/02\/iran-les-femmes-en-premiere-ligne-des-manifestations\/","title":{"rendered":"Iran : Les femmes en premi\u00e8re ligne des manifestations"},"content":{"rendered":"<p>CNRI Femmes &#8211; Les 28 et 29 novembre, des Iraniens ont manifest\u00e9 dans tout le pays contre la fraude du pouvoir en place et la r\u00e9pression.<\/p>\n<p>Des \u00e9pargnants spoli\u00e9s par des \u00e9tablissements de cr\u00e9dit financ\u00e9s par l&#8217;\u00c9tat ont organis\u00e9 cinq rassemblements \u00e0 T\u00e9h\u00e9ran, Ahwaz et Machad pour r\u00e9clamer le remboursement de leurs \u00e9conomies.<\/p>\n<p>  <!--more-->  <\/p>\n<p>Lors de la manifestation \u00e0 Machad devant le tribunal, les forces de s\u00e9curit\u00e9 ont frapp\u00e9 une femme, ce qui a provoqu\u00e9 l&#8217;indignation des manifestants.<\/p>\n<p>Des enseignants contractuels \u00e0 Chahreza, dans la province d&#8217;Ispahan, au centre de l&#8217;Iran, se sont r\u00e9unis le 28 novembre 2017 devant le minist\u00e8re de l&#8217;\u00c9ducation pour protester contre leur statut d&#8217;emploi ind\u00e9termin\u00e9.<\/p>\n<p>Le 27 novembre, d&#8217;anciens employ\u00e9s de la Saderat Bank se sont rassembl\u00e9s devant le parlement des mollahs \u00e0 T\u00e9h\u00e9ran pour protester contre leur licenciement soudain. Quelque 600 hommes et femmes travaillant dans cette banque ont \u00e9t\u00e9 licenci\u00e9s du jour au lendemain, il y a trois mois.\u00a0<\/p>\n<p>Le m\u00eame jour, des m\u00e9decins sp\u00e9cialistes de la clinique Valfajr \u00e0 Gachsaran, dans le sud-ouest de l&#8217;Iran, se sont rassembl\u00e9s pour r\u00e9clamer leurs salaires et d&#8217;autres prestations impay\u00e9es depuis six mois. Ils ont jur\u00e9 qu&#8217;ils ne retourneraient pas au travail avant d&#8217;avoir r\u00e9alis\u00e9 leurs droits.<\/p>\n<p>Les \u00e9tudiants ont \u00e9galement manifest\u00e9 durant ces deux journ\u00e9es.<\/p>\n<p>Le 28 novembre, les \u00e9tudiants de troisi\u00e8me cycle de la facult\u00e9 Melli de T\u00e9h\u00e9ran se sont rassembl\u00e9s devant le b\u00e2timent de l&#8217;enseignement g\u00e9n\u00e9ral pour protester contre les frais de scolarit\u00e9 exig\u00e9s pour les cours pr\u00e9paratoires.<\/p>\n<p>Le 29 novembre 2017, des \u00e9tudiants de la facult\u00e9 des Sciences et de la Culture ont protest\u00e9 contre la fermeture de l&#8217;entr\u00e9e de l&#8217;universit\u00e9 \u00e0 l&#8217;Ecole des Beaux-Arts.<\/p>\n","protected":false},"excerpt":{"rendered":"<p>CNRI Femmes &#8211; Les 28 et 29 novembre, des Iraniens ont manifest\u00e9 dans tout le pays contre la fraude du pouvoir en place et la r\u00e9pression. Des \u00e9pargnants spoli\u00e9s par des \u00e9tablissements de cr\u00e9dit financ\u00e9s par l&#8217;\u00c9tat ont organis\u00e9 cinq rassemblements \u00e0 T\u00e9h\u00e9ran, Ahwaz et Machad pour r\u00e9clamer le remboursement de leurs \u00e9conomies.<\/p>\n","protected":false},"author":1,"featured_media":0,"comment_status":"open","ping_status":"open","sticky":false,"template":"","format":"standard","meta":{"jnews-multi-image_gallery":[],"jnews_single_post":[],"jnews_primary_category":[],"jnews_social_meta":[],"jnews_override_counter":[],"footnotes":""},"categories":[3],"tags":[],"class_list":["post-2746","post","type-post","status-publish","format-standard","hentry","category-infos-des-femmes"],"_links":{"self":[{"href":"https:\/\/wncri.org\/fr\/wp-json\/wp\/v2\/posts\/2746","targetHints":{"allow":["GET"]}}],"collection":[{"href":"https:\/\/wncri.org\/fr\/wp-json\/wp\/v2\/posts"}],"about":[{"href":"https:\/\/wncri.org\/fr\/wp-json\/wp\/v2\/types\/post"}],"author":[{"embeddable":true,"href":"https:\/\/wncri.org\/fr\/wp-json\/wp\/v2\/users\/1"}],"replies":[{"embeddable":true,"href":"https:\/\/wncri.org\/fr\/wp-json\/wp\/v2\/comments?post=2746"}],"version-history":[{"count":0,"href":"https:\/\/wncri.org\/fr\/wp-json\/wp\/v2\/posts\/2746\/revisions"}],"wp:attachment":[{"href":"https:\/\/wncri.org\/fr\/wp-json\/wp\/v2\/media?parent=2746"}],"wp:term":[{"taxonomy":"category","embeddable":true,"href":"https:\/\/wncri.org\/fr\/wp-json\/wp\/v2\/categories?post=2746"},{"taxonomy":"post_tag","embeddable":true,"href":"https:\/\/wncri.org\/fr\/wp-json\/wp\/v2\/tags?post=2746"}],"curies":[{"name":"wp","href":"https:\/\/api.w.org\/{rel}","templated":true}]}}