{"id":2730,"date":"2017-11-27T14:57:36","date_gmt":"2017-11-27T14:57:36","guid":{"rendered":"https:\/\/wncri.org\/frdev\/2017\/11\/27\/iran-iran-la-pauvrete-et-le-chomage-alimentent-un-regain-de-violences-conjugales\/"},"modified":"2017-11-27T14:57:36","modified_gmt":"2017-11-27T14:57:36","slug":"iran-iran-la-pauvrete-et-le-chomage-alimentent-un-regain-de-violences-conjugales","status":"publish","type":"post","link":"https:\/\/wncri.org\/fr\/2017\/11\/27\/iran-iran-la-pauvrete-et-le-chomage-alimentent-un-regain-de-violences-conjugales\/","title":{"rendered":"Iran: Iran: la pauvret\u00e9 et le ch\u00f4mage alimentent un regain de violences conjugales"},"content":{"rendered":"<p><strong>CNRI Femmes &#8211; <\/strong>Le taux de violence conjugale en Iran a augment\u00e9 de 3,2% au cours de l&#8217;ann\u00e9e iranienne 1395 (mars 2016 &#8211; mars 2017) par rapport \u00e0 l&#8217;ann\u00e9e pr\u00e9c\u00e9dente.<\/p>\n<p>Ali Hadizadegan, chef de la m\u00e9decine l\u00e9gale de Machad, a d\u00e9clar\u00e9 dans une r\u00e9union d&#8217;experts qu&#8217;une &#8220;enqu\u00eate de la m\u00e9decine l\u00e9gale men\u00e9e dans 28 provinces iraniennes montre qu&#8217;environ 66 pour cent des familles qui s&#8217;adressent \u00e0 cette institution en raison de conflits familiaux, ont subi au moins une fois des violences familiales&#8221;.<\/p>\n<p>  <!--more-->  <\/p>\n<p>L&#8217;\u00e9tude indique que 52% de la violence est verbale ou psychologique, 37,8% physique et 10,2% sexuelle. De plus, 22 % des femmes avaient \u00e9t\u00e9 maltrait\u00e9es par leur mari &#8220;, a ajout\u00e9 Hadizadegan.<\/p>\n<p>Il a \u00e9galement soulign\u00e9 que &#8220;la violence est plus fr\u00e9quente chez les jeunes couples. La plupart des femmes victimes de violence avaient entre 20 et 35 ans. L&#8217;emploi et le revenu d&#8217;une femme contribuent efficacement \u00e0 r\u00e9duire la violence. La violence est plus fr\u00e9quente dans les familles sous-\u00e9duqu\u00e9es. Les familles \u00e0 faible revenus sont \u00e9galement victimes de plus de violence.&#8221;<\/p>\n<p>Hadizadegan a reconnu que les chiffres fournis par le gouvernement ne refl\u00e8tent pas la r\u00e9alit\u00e9 parce que les femmes ne se plaignent g\u00e9n\u00e9ralement pas de la violence qu&#8217;elles subissent. (Agence Fars, 23 novembre 2017)<\/p>\n","protected":false},"excerpt":{"rendered":"<p>CNRI Femmes &#8211; Le taux de violence conjugale en Iran a augment\u00e9 de 3,2% au cours de l&#8217;ann\u00e9e iranienne 1395 (mars 2016 &#8211; mars 2017) par rapport \u00e0 l&#8217;ann\u00e9e pr\u00e9c\u00e9dente. Ali Hadizadegan, chef de la m\u00e9decine l\u00e9gale de Machad, a d\u00e9clar\u00e9 dans une r\u00e9union d&#8217;experts qu&#8217;une &#8220;enqu\u00eate de la m\u00e9decine l\u00e9gale men\u00e9e dans 28 provinces [&hellip;]<\/p>\n","protected":false},"author":1,"featured_media":5363,"comment_status":"open","ping_status":"open","sticky":false,"template":"","format":"standard","meta":{"jnews-multi-image_gallery":[],"jnews_single_post":[],"jnews_primary_category":[],"jnews_social_meta":[],"jnews_override_counter":[],"footnotes":""},"categories":[3],"tags":[],"class_list":["post-2730","post","type-post","status-publish","format-standard","has-post-thumbnail","hentry","category-infos-des-femmes"],"_links":{"self":[{"href":"https:\/\/wncri.org\/fr\/wp-json\/wp\/v2\/posts\/2730","targetHints":{"allow":["GET"]}}],"collection":[{"href":"https:\/\/wncri.org\/fr\/wp-json\/wp\/v2\/posts"}],"about":[{"href":"https:\/\/wncri.org\/fr\/wp-json\/wp\/v2\/types\/post"}],"author":[{"embeddable":true,"href":"https:\/\/wncri.org\/fr\/wp-json\/wp\/v2\/users\/1"}],"replies":[{"embeddable":true,"href":"https:\/\/wncri.org\/fr\/wp-json\/wp\/v2\/comments?post=2730"}],"version-history":[{"count":0,"href":"https:\/\/wncri.org\/fr\/wp-json\/wp\/v2\/posts\/2730\/revisions"}],"wp:featuredmedia":[{"embeddable":true,"href":"https:\/\/wncri.org\/fr\/wp-json\/wp\/v2\/media\/5363"}],"wp:attachment":[{"href":"https:\/\/wncri.org\/fr\/wp-json\/wp\/v2\/media?parent=2730"}],"wp:term":[{"taxonomy":"category","embeddable":true,"href":"https:\/\/wncri.org\/fr\/wp-json\/wp\/v2\/categories?post=2730"},{"taxonomy":"post_tag","embeddable":true,"href":"https:\/\/wncri.org\/fr\/wp-json\/wp\/v2\/tags?post=2730"}],"curies":[{"name":"wp","href":"https:\/\/api.w.org\/{rel}","templated":true}]}}