{"id":2680,"date":"2017-11-05T17:43:29","date_gmt":"2017-11-05T17:43:29","guid":{"rendered":"https:\/\/wncri.org\/frdev\/2017\/11\/05\/iran-un-groupe-de-travail-de-l-onu-a-accepte-la-plainte-de-maryam-akbari\/"},"modified":"2017-11-05T17:43:29","modified_gmt":"2017-11-05T17:43:29","slug":"iran-un-groupe-de-travail-de-l-onu-a-accepte-la-plainte-de-maryam-akbari","status":"publish","type":"post","link":"https:\/\/wncri.org\/fr\/2017\/11\/05\/iran-un-groupe-de-travail-de-l-onu-a-accepte-la-plainte-de-maryam-akbari\/","title":{"rendered":"Iran: Un groupe de travail de l&#8217;ONU a accept\u00e9 la plainte de Maryam Akbari"},"content":{"rendered":"<p>CNRI Femmes &#8211; Suite \u00e0 une plainte d\u00e9pos\u00e9e par la prisonni\u00e8re politique Maryam Akbari Monfared en Iran, le Groupe de travail des Nations Unies sur les disparitions forc\u00e9es ou involontaires a reconnu que son fr\u00e8re et sa s\u0153ur prisonniers politiques, ex\u00e9cut\u00e9s en 1988, \u00e9taient des personnes disparues.<\/p>\n<p>  <!--more-->  <\/p>\n<p>Le groupe de travail a accept\u00e9 la plainte de Maryam Akbari Monfared concernant l&#8217;ex\u00e9cution de son fr\u00e8re Abdulreza et de sa s\u0153ur Roqieh Akbari Monfared, parmi les milliers de prisonniers politiques massacr\u00e9s durant l&#8217;\u00e9t\u00e9 1988, et appelle le r\u00e9gime iranien \u00e0 expliquer ce qui leur est arriv\u00e9 et o\u00f9 ils sont enterr\u00e9s.<\/p>\n<p>Selon les r\u00e8glements de l&#8217;ONU, leurs dossiers de personnes disparues de force resteront ouverts tant que les responsables iraniens n&#8217;auront pas annonc\u00e9 les d\u00e9tails et la raison de leurs ex\u00e9cutions ainsi que leurs lieux de s\u00e9pulture.<\/p>\n<p>Maryam Akbari a \u00e9t\u00e9 arr\u00eat\u00e9e lors du soul\u00e8vement de 2009. Elle est d\u00e9tenue depuis pr\u00e8s de 8 ans, sans une seule permission de sortie.\u00a0<\/p>\n","protected":false},"excerpt":{"rendered":"<p>CNRI Femmes &#8211; Suite \u00e0 une plainte d\u00e9pos\u00e9e par la prisonni\u00e8re politique Maryam Akbari Monfared en Iran, le Groupe de travail des Nations Unies sur les disparitions forc\u00e9es ou involontaires a reconnu que son fr\u00e8re et sa s\u0153ur prisonniers politiques, ex\u00e9cut\u00e9s en 1988, \u00e9taient des personnes disparues.<\/p>\n","protected":false},"author":1,"featured_media":5310,"comment_status":"open","ping_status":"open","sticky":false,"template":"","format":"standard","meta":{"jnews-multi-image_gallery":[],"jnews_single_post":[],"jnews_primary_category":[],"jnews_social_meta":[],"jnews_override_counter":[],"footnotes":""},"categories":[3],"tags":[],"class_list":["post-2680","post","type-post","status-publish","format-standard","has-post-thumbnail","hentry","category-infos-des-femmes"],"_links":{"self":[{"href":"https:\/\/wncri.org\/fr\/wp-json\/wp\/v2\/posts\/2680","targetHints":{"allow":["GET"]}}],"collection":[{"href":"https:\/\/wncri.org\/fr\/wp-json\/wp\/v2\/posts"}],"about":[{"href":"https:\/\/wncri.org\/fr\/wp-json\/wp\/v2\/types\/post"}],"author":[{"embeddable":true,"href":"https:\/\/wncri.org\/fr\/wp-json\/wp\/v2\/users\/1"}],"replies":[{"embeddable":true,"href":"https:\/\/wncri.org\/fr\/wp-json\/wp\/v2\/comments?post=2680"}],"version-history":[{"count":0,"href":"https:\/\/wncri.org\/fr\/wp-json\/wp\/v2\/posts\/2680\/revisions"}],"wp:featuredmedia":[{"embeddable":true,"href":"https:\/\/wncri.org\/fr\/wp-json\/wp\/v2\/media\/5310"}],"wp:attachment":[{"href":"https:\/\/wncri.org\/fr\/wp-json\/wp\/v2\/media?parent=2680"}],"wp:term":[{"taxonomy":"category","embeddable":true,"href":"https:\/\/wncri.org\/fr\/wp-json\/wp\/v2\/categories?post=2680"},{"taxonomy":"post_tag","embeddable":true,"href":"https:\/\/wncri.org\/fr\/wp-json\/wp\/v2\/tags?post=2680"}],"curies":[{"name":"wp","href":"https:\/\/api.w.org\/{rel}","templated":true}]}}