{"id":2664,"date":"2017-10-29T14:40:27","date_gmt":"2017-10-29T14:40:27","guid":{"rendered":"https:\/\/wncri.org\/frdev\/2017\/10\/29\/iran-la-militante-leila-mir-ghaffari-soumise-a-des-tortures-psychologiques\/"},"modified":"2020-04-21T20:45:00","modified_gmt":"2020-04-21T18:45:00","slug":"iran-la-militante-leila-mir-ghaffari-soumise-a-des-tortures-psychologiques","status":"publish","type":"post","link":"https:\/\/wncri.org\/fr\/2017\/10\/29\/iran-la-militante-leila-mir-ghaffari-soumise-a-des-tortures-psychologiques\/","title":{"rendered":"Iran : La militante Le\u00efla Mir-Ghaffari soumise \u00e0 des tortures psychologiques"},"content":{"rendered":"<p>CNRI Femmes \u2013 La prisonni\u00e8re politique Leila Mir-Ghaffari est d\u00e9tenue en Iran depuis un mois dans un h\u00f4pital psychiatrique dans des conditions \u00e9pouvantables.<\/p>\n<p>  <!--more-->  <\/p>\n<p>Dans un bref appel t\u00e9l\u00e9phonique le 26 octobre, elle a qualifi\u00e9 l\u2019h\u00f4pital de salle de torture. Elle parle de l\u2019hygi\u00e8ne sanitaire et de la nourriture en termes terribles. Elle d\u00e9nonce le traitement psychiatriques des patients comme particuli\u00e8rement inhumain.<\/p>\n<p>Elle a refus\u00e9 que son fils vienne la voir dans ces conditions.<\/p>\n<p>Le\u00efla Mir-Ghaffari a \u00e9t\u00e9 agress\u00e9e et arr\u00eat\u00e9e par la police le 26 septembre, alors qu\u2019elle filmait une banni\u00e8re officielle faisant la promotion de l\u2019exportation du terrorisme en Syrie, devant le tribunal sp\u00e9cial du clerg\u00e9. \u00a0<\/p>\n","protected":false},"excerpt":{"rendered":"<p>CNRI Femmes \u2013 La prisonni\u00e8re politique Leila Mir-Ghaffari est d\u00e9tenue en Iran depuis un mois dans un h\u00f4pital psychiatrique dans des conditions \u00e9pouvantables.<\/p>\n","protected":false},"author":1,"featured_media":5294,"comment_status":"open","ping_status":"open","sticky":false,"template":"","format":"standard","meta":{"jnews-multi-image_gallery":[],"jnews_single_post":[],"jnews_primary_category":[],"jnews_social_meta":[],"jnews_override_counter":[],"footnotes":""},"categories":[3],"tags":[],"class_list":["post-2664","post","type-post","status-publish","format-standard","has-post-thumbnail","hentry","category-infos-des-femmes"],"_links":{"self":[{"href":"https:\/\/wncri.org\/fr\/wp-json\/wp\/v2\/posts\/2664","targetHints":{"allow":["GET"]}}],"collection":[{"href":"https:\/\/wncri.org\/fr\/wp-json\/wp\/v2\/posts"}],"about":[{"href":"https:\/\/wncri.org\/fr\/wp-json\/wp\/v2\/types\/post"}],"author":[{"embeddable":true,"href":"https:\/\/wncri.org\/fr\/wp-json\/wp\/v2\/users\/1"}],"replies":[{"embeddable":true,"href":"https:\/\/wncri.org\/fr\/wp-json\/wp\/v2\/comments?post=2664"}],"version-history":[{"count":0,"href":"https:\/\/wncri.org\/fr\/wp-json\/wp\/v2\/posts\/2664\/revisions"}],"wp:featuredmedia":[{"embeddable":true,"href":"https:\/\/wncri.org\/fr\/wp-json\/wp\/v2\/media\/5294"}],"wp:attachment":[{"href":"https:\/\/wncri.org\/fr\/wp-json\/wp\/v2\/media?parent=2664"}],"wp:term":[{"taxonomy":"category","embeddable":true,"href":"https:\/\/wncri.org\/fr\/wp-json\/wp\/v2\/categories?post=2664"},{"taxonomy":"post_tag","embeddable":true,"href":"https:\/\/wncri.org\/fr\/wp-json\/wp\/v2\/tags?post=2664"}],"curies":[{"name":"wp","href":"https:\/\/api.w.org\/{rel}","templated":true}]}}