{"id":2663,"date":"2017-10-29T14:39:14","date_gmt":"2017-10-29T14:39:14","guid":{"rendered":"https:\/\/wncri.org\/frdev\/2017\/10\/29\/iran-un-mariage-force-pousse-une-adolescente-de-16-ans-au-suicide\/"},"modified":"2017-10-29T14:39:14","modified_gmt":"2017-10-29T14:39:14","slug":"iran-un-mariage-force-pousse-une-adolescente-de-16-ans-au-suicide","status":"publish","type":"post","link":"https:\/\/wncri.org\/fr\/2017\/10\/29\/iran-un-mariage-force-pousse-une-adolescente-de-16-ans-au-suicide\/","title":{"rendered":"Iran : un mariage forc\u00e9 pousse une adolescente de 16 ans au suicide"},"content":{"rendered":"<p>CNRI femmes \u2013 Une adolescente de 16 ans en Iran qui avait \u00e9t\u00e9 forc\u00e9e de se marier, est d\u00e9c\u00e9d\u00e9e apr\u00e8s s\u2019\u00eatre suicid\u00e9e.<\/p>\n<p>Elle vivait dans un village \u00e0 Kouhdacht dans la province de Lorestan (ouest de l\u2019Iran). Sa famille l\u2019avait mari\u00e9e de force il y a trois mois. \u00a0<\/p>\n<p>  <!--more-->  <\/p>\n<p>Elle s\u2019est pendue avec un foulard le 25 octobre alors qu\u2019elle \u00e9tait seule chez elle. Des probl\u00e8mes familiaux seraient la cause de cet acte d\u00e9sesp\u00e9r\u00e9, rapporte le 26 octobre le tr\u00e8s officiel Club des jeunes journalistes, qui n\u2019a pas r\u00e9v\u00e9l\u00e9 son nom.<\/p>\n<p>Les autorit\u00e9s en Iran reconnaissent r\u00e9guli\u00e8rement que le taux de mariages pr\u00e9coces est en augmentation et qu\u2019il reste une source de pr\u00e9occupation.<\/p>\n<p>\u00ab\u00a0Les gens qui se suicident sentent que personne ne les voit ni ne se soucie d\u2019eux\u00a0\u00bb, a expliqu\u00e9 un sociologue du directoire scientifique de l\u2019universit\u00e9 Allameh \u00e0 l\u2019agence Ilna le 27 octobre. \u00ab\u00a0Le suicide en Iran se f\u00e9minise et touche les plus jeunes\u00a0\u00bb a-t-il ajout\u00e9. \u00a0<\/p>\n","protected":false},"excerpt":{"rendered":"<p>CNRI femmes \u2013 Une adolescente de 16 ans en Iran qui avait \u00e9t\u00e9 forc\u00e9e de se marier, est d\u00e9c\u00e9d\u00e9e apr\u00e8s s\u2019\u00eatre suicid\u00e9e. Elle vivait dans un village \u00e0 Kouhdacht dans la province de Lorestan (ouest de l\u2019Iran). Sa famille l\u2019avait mari\u00e9e de force il y a trois mois. \u00a0<\/p>\n","protected":false},"author":1,"featured_media":5293,"comment_status":"open","ping_status":"open","sticky":false,"template":"","format":"standard","meta":{"jnews-multi-image_gallery":[],"jnews_single_post":[],"jnews_primary_category":[],"jnews_social_meta":[],"jnews_override_counter":[],"footnotes":""},"categories":[3],"tags":[],"class_list":["post-2663","post","type-post","status-publish","format-standard","has-post-thumbnail","hentry","category-infos-des-femmes"],"_links":{"self":[{"href":"https:\/\/wncri.org\/fr\/wp-json\/wp\/v2\/posts\/2663","targetHints":{"allow":["GET"]}}],"collection":[{"href":"https:\/\/wncri.org\/fr\/wp-json\/wp\/v2\/posts"}],"about":[{"href":"https:\/\/wncri.org\/fr\/wp-json\/wp\/v2\/types\/post"}],"author":[{"embeddable":true,"href":"https:\/\/wncri.org\/fr\/wp-json\/wp\/v2\/users\/1"}],"replies":[{"embeddable":true,"href":"https:\/\/wncri.org\/fr\/wp-json\/wp\/v2\/comments?post=2663"}],"version-history":[{"count":0,"href":"https:\/\/wncri.org\/fr\/wp-json\/wp\/v2\/posts\/2663\/revisions"}],"wp:featuredmedia":[{"embeddable":true,"href":"https:\/\/wncri.org\/fr\/wp-json\/wp\/v2\/media\/5293"}],"wp:attachment":[{"href":"https:\/\/wncri.org\/fr\/wp-json\/wp\/v2\/media?parent=2663"}],"wp:term":[{"taxonomy":"category","embeddable":true,"href":"https:\/\/wncri.org\/fr\/wp-json\/wp\/v2\/categories?post=2663"},{"taxonomy":"post_tag","embeddable":true,"href":"https:\/\/wncri.org\/fr\/wp-json\/wp\/v2\/tags?post=2663"}],"curies":[{"name":"wp","href":"https:\/\/api.w.org\/{rel}","templated":true}]}}