{"id":2660,"date":"2017-10-28T10:41:28","date_gmt":"2017-10-28T10:41:28","guid":{"rendered":"https:\/\/wncri.org\/frdev\/2017\/10\/28\/en-souvenir-de-reyhaneh-pour-l-anniversaire-de-son-envol-en-iran\/"},"modified":"2020-04-21T20:44:57","modified_gmt":"2020-04-21T18:44:57","slug":"en-souvenir-de-reyhaneh-pour-l-anniversaire-de-son-envol-en-iran","status":"publish","type":"post","link":"https:\/\/wncri.org\/fr\/2017\/10\/28\/en-souvenir-de-reyhaneh-pour-l-anniversaire-de-son-envol-en-iran\/","title":{"rendered":"En souvenir de Reyhaneh pour l\u2019anniversaire de son envol en Iran"},"content":{"rendered":"<p>Le 25 octobre marque l\u2019anniversaire de l\u2019ex\u00e9cution de Reyhaneh Jabbari en 2014.<\/p>\n<p>Reyhaneh Jabbari <span>a \u00e9t\u00e9 emmen\u00e9e \u00e0 la potence \u00e0 l\u2019aube du samedi 25 octobre 2014 apr\u00e8s sept ann\u00e9es d\u2019emprisonnement.<\/span><\/p>\n<p>  <!--more-->  <\/p>\n<p>Depuis, Reyhaneh incarne un symbole des femmes sans d\u00e9fense en Iran injustement condamn\u00e9es \u00e0 mort. Elle est aussi devenue une ic\u00f4ne pour les femmes courageuses qui refusent de plier aux exigences du r\u00e9gime iranien. \u00a0<\/p>\n<p>Elle avait 26 ans au moment de son ex\u00e9cution. D\u00e9coratrice d\u2019int\u00e9rieur, elle s\u2019\u00e9tait d\u00e9fendue en l\u00e9gitime d\u00e9fense contre un haut responsable des services de renseignement qui tentait de la violer, Morteza Sarbandi, le blessant mortellement.<\/p>\n<p>Reyhaneh a \u00e9t\u00e9 sauvagement tortur\u00e9e pour faire de faux \u201caveux\u201d qui auraient blanchi les m\u00e9thodes et l\u2019image des services de renseignement, mais elle n\u2019a pas c\u00e9d\u00e9. A la place, elle a \u00e9crit sur cette agression et sur de nombreuses femmes emprisonn\u00e9es pour le seul crime d\u2019\u00eatre pauvres. \u00a0<\/p>\n<p>Elle a demand\u00e9e justice et \u00e9crit \u00e0 propos des victimes des lois misogynes des mollahs et des jeunes femmes sans le moindre soutien dans la soci\u00e9t\u00e9, victimes d\u2019oppression et de violences. \u00a0<\/p>\n<p>Souvenons-nous de cette journ\u00e9e et de cette\u00a0 jeune femme t\u00e9m\u00e9raire, Reyhaneh Jabbari, qui a r\u00e9sist\u00e9 pendant sept ann\u00e9es au prix de sa vie pour conserver sa dignit\u00e9 et ses valeurs humaines.<\/p>\n<p>Elle demeure une idole pour les jeunes en Iran, filles et gar\u00e7ons, \u00a0qui s\u2019opposent aux injustices de ce r\u00e9gime et qui aspirent \u00e0 la libert\u00e9. \u00a0En son nom et au nom de toutes les victimes innocentes de la dictature religieuse, les Iraniens appellent \u00e0 la justice.<\/p>\n","protected":false},"excerpt":{"rendered":"<p>Le 25 octobre marque l\u2019anniversaire de l\u2019ex\u00e9cution de Reyhaneh Jabbari en 2014. Reyhaneh Jabbari a \u00e9t\u00e9 emmen\u00e9e \u00e0 la potence \u00e0 l\u2019aube du samedi 25 octobre 2014 apr\u00e8s sept ann\u00e9es d\u2019emprisonnement.<\/p>\n","protected":false},"author":1,"featured_media":5290,"comment_status":"open","ping_status":"open","sticky":false,"template":"","format":"standard","meta":{"jnews-multi-image_gallery":[],"jnews_single_post":[],"jnews_primary_category":[],"jnews_social_meta":[],"jnews_override_counter":[],"footnotes":""},"categories":[8],"tags":[],"class_list":["post-2660","post","type-post","status-publish","format-standard","has-post-thumbnail","hentry","category-articles"],"_links":{"self":[{"href":"https:\/\/wncri.org\/fr\/wp-json\/wp\/v2\/posts\/2660","targetHints":{"allow":["GET"]}}],"collection":[{"href":"https:\/\/wncri.org\/fr\/wp-json\/wp\/v2\/posts"}],"about":[{"href":"https:\/\/wncri.org\/fr\/wp-json\/wp\/v2\/types\/post"}],"author":[{"embeddable":true,"href":"https:\/\/wncri.org\/fr\/wp-json\/wp\/v2\/users\/1"}],"replies":[{"embeddable":true,"href":"https:\/\/wncri.org\/fr\/wp-json\/wp\/v2\/comments?post=2660"}],"version-history":[{"count":0,"href":"https:\/\/wncri.org\/fr\/wp-json\/wp\/v2\/posts\/2660\/revisions"}],"wp:featuredmedia":[{"embeddable":true,"href":"https:\/\/wncri.org\/fr\/wp-json\/wp\/v2\/media\/5290"}],"wp:attachment":[{"href":"https:\/\/wncri.org\/fr\/wp-json\/wp\/v2\/media?parent=2660"}],"wp:term":[{"taxonomy":"category","embeddable":true,"href":"https:\/\/wncri.org\/fr\/wp-json\/wp\/v2\/categories?post=2660"},{"taxonomy":"post_tag","embeddable":true,"href":"https:\/\/wncri.org\/fr\/wp-json\/wp\/v2\/tags?post=2660"}],"curies":[{"name":"wp","href":"https:\/\/api.w.org\/{rel}","templated":true}]}}