{"id":26176,"date":"2026-05-01T14:41:10","date_gmt":"2026-05-01T12:41:10","guid":{"rendered":"https:\/\/wncri.org\/fr\/?p=26176"},"modified":"2026-05-01T14:41:12","modified_gmt":"2026-05-01T12:41:12","slug":"akbar-daneshvarkar-arrestation-iran","status":"publish","type":"post","link":"https:\/\/wncri.org\/fr\/2026\/05\/01\/akbar-daneshvarkar-arrestation-iran\/","title":{"rendered":"Iran : arrestation des s\u0153urs d&#8217;Akbar Daneshvarkar, opposant ex\u00e9cut\u00e9"},"content":{"rendered":"\n<h2 class=\"wp-block-heading\">Le r\u00e9gime iranien arr\u00eate les s\u0153urs d\u2019un opposant ex\u00e9cut\u00e9 sur fond de pressions accrues contre les familles de victimes<\/h2>\n\n\n\n<h4 class=\"wp-block-heading\">Akram Daneshvarkar et Azam Daneshvarkar, s\u0153urs <a href=\"https:\/\/fr.ncr-iran.org\/actualites\/droits-humains-2\/la-machine-a-tuer-iranienne-execute-dix-prisonniers-politiques-en-seize-jours\/\" target=\"_blank\" rel=\"noreferrer noopener\">d&#8217;Akbar Daneshvarkar<\/a>, ex\u00e9cut\u00e9 le 30 mars 2026, ont \u00e9t\u00e9 arr\u00eat\u00e9es apr\u00e8s avoir tent\u00e9 \u00e0 plusieurs reprises de r\u00e9cup\u00e9rer le corps de leur fr\u00e8re. Les arrestations ont eu lieu le 18 avril 2026, apr\u00e8s plusieurs jours de d\u00e9marches infructueuses aupr\u00e8s de la prison de Ghezel Hessar, de l&#8217;organisation de m\u00e9decine l\u00e9gale et des bureaux judiciaires. Les forces de s\u00e9curit\u00e9 auraient interpell\u00e9 les deux s\u0153urs lors de l&#8217;une de ces visites.<\/h4>\n\n\n\n<p>Selon les informations disponibles, la justice iranienne a ouvert un dossier contre les deux s\u0153urs, les accusant de \u00ab rassemblement et collusion contre la s\u00e9curit\u00e9 nationale \u00bb et de \u00ab trouble \u00e0 l&#8217;ordre public \u00bb. Elles ont depuis \u00e9t\u00e9 transf\u00e9r\u00e9es \u00e0 la <a href=\"https:\/\/wncri.org\/fr\/2026\/03\/11\/prison-de-qarchak-80-femmes-detenues\/\" target=\"_blank\" rel=\"noreferrer noopener\">prison de Qarchak<\/a>, \u00e0 Varamin. Leur principale revendication consistait \u00e0 obtenir des informations sur la localisation de la d\u00e9pouille de leur fr\u00e8re et sur son lieu de s\u00e9pulture.<\/p>\n\n\n\n<p>Akram Daneshvarkar, 54 ans, participait activement \u00e0 la campagne \u00ab <a href=\"https:\/\/wncri.org\/fr\/2026\/04\/28\/iran-118e-semaine-de-greve-de-la-faim\/\" target=\"_blank\" rel=\"noreferrer noopener\">Non aux ex\u00e9cutions du mardi<\/a> \u00bb avant son arrestation. Avec ses parents, elle avait milit\u00e9 pour la suspension de la condamnation \u00e0 mort de son fr\u00e8re. Leur d\u00e9tention intervient alors que les signalements de pressions et d&#8217;intimidations visant les familles en qu\u00eate de justice pour des proches ex\u00e9cut\u00e9s ou disparus se multiplient \u00e0 travers le pays.<\/p>\n\n\n\n<p>Dans une affaire connexe, Massoumeh Azhini, 63 ans, s\u0153ur de Mahmoud Azhini, l&#8217;une des victimes des ex\u00e9cutions massives de prisonniers politiques en 1988 en Iran, a \u00e9galement \u00e9t\u00e9 arr\u00eat\u00e9e le 4 avril 2026. Mme Azhini, qui avait quitt\u00e9 T\u00e9h\u00e9ran pour s&#8217;installer dans la p\u00e9riph\u00e9rie de <a href=\"https:\/\/fr.wikipedia.org\/wiki\/Gorgan\" target=\"_blank\" rel=\"noreferrer noopener\">Gorgan<\/a> en raison de pressions s\u00e9curitaires constantes, a \u00e9t\u00e9 transf\u00e9r\u00e9e vers un lieu inconnu apr\u00e8s son interpellation. Aucune information sur son \u00e9tat de sant\u00e9 actuel ou sur sa localisation n&#8217;a \u00e9t\u00e9 rendue publique.<\/p>\n\n\n\n<p>Massoumeh Azhini avait d\u00e9j\u00e0 \u00e9t\u00e9 d\u00e9tenue en 2019 pour son engagement et incarc\u00e9r\u00e9e pendant un an \u00e0 la prison de Fardis, \u00e0 Karadj. Apr\u00e8s sa lib\u00e9ration, elle est rest\u00e9e sous surveillance constante et a subi les pressions des services de s\u00e9curit\u00e9, faisant l&#8217;objet de multiples convocations et menaces.<\/p>\n","protected":false},"excerpt":{"rendered":"<p>Le r\u00e9gime iranien arr\u00eate les s\u0153urs d\u2019un opposant ex\u00e9cut\u00e9 sur fond de pressions accrues contre les familles de victimes Akram Daneshvarkar et Azam Daneshvarkar, s\u0153urs d&#8217;Akbar Daneshvarkar, ex\u00e9cut\u00e9 le 30 mars 2026, ont \u00e9t\u00e9 arr\u00eat\u00e9es apr\u00e8s avoir tent\u00e9 \u00e0 plusieurs reprises de r\u00e9cup\u00e9rer le corps de leur fr\u00e8re. Les arrestations ont eu lieu le 18 [&hellip;]<\/p>\n","protected":false},"author":4,"featured_media":26177,"comment_status":"closed","ping_status":"closed","sticky":false,"template":"","format":"standard","meta":{"jnews-multi-image_gallery":[],"jnews_single_post":{"format":"standard"},"jnews_primary_category":[],"jnews_social_meta":[],"jnews_override_counter":[],"footnotes":""},"categories":[3],"tags":[370],"class_list":["post-26176","post","type-post","status-publish","format-standard","has-post-thumbnail","hentry","category-infos-des-femmes","tag-prisonnieres"],"_links":{"self":[{"href":"https:\/\/wncri.org\/fr\/wp-json\/wp\/v2\/posts\/26176","targetHints":{"allow":["GET"]}}],"collection":[{"href":"https:\/\/wncri.org\/fr\/wp-json\/wp\/v2\/posts"}],"about":[{"href":"https:\/\/wncri.org\/fr\/wp-json\/wp\/v2\/types\/post"}],"author":[{"embeddable":true,"href":"https:\/\/wncri.org\/fr\/wp-json\/wp\/v2\/users\/4"}],"replies":[{"embeddable":true,"href":"https:\/\/wncri.org\/fr\/wp-json\/wp\/v2\/comments?post=26176"}],"version-history":[{"count":1,"href":"https:\/\/wncri.org\/fr\/wp-json\/wp\/v2\/posts\/26176\/revisions"}],"predecessor-version":[{"id":26178,"href":"https:\/\/wncri.org\/fr\/wp-json\/wp\/v2\/posts\/26176\/revisions\/26178"}],"wp:featuredmedia":[{"embeddable":true,"href":"https:\/\/wncri.org\/fr\/wp-json\/wp\/v2\/media\/26177"}],"wp:attachment":[{"href":"https:\/\/wncri.org\/fr\/wp-json\/wp\/v2\/media?parent=26176"}],"wp:term":[{"taxonomy":"category","embeddable":true,"href":"https:\/\/wncri.org\/fr\/wp-json\/wp\/v2\/categories?post=26176"},{"taxonomy":"post_tag","embeddable":true,"href":"https:\/\/wncri.org\/fr\/wp-json\/wp\/v2\/tags?post=26176"}],"curies":[{"name":"wp","href":"https:\/\/api.w.org\/{rel}","templated":true}]}}