{"id":26168,"date":"2026-04-30T21:23:28","date_gmt":"2026-04-30T19:23:28","guid":{"rendered":"https:\/\/wncri.org\/fr\/?p=26168"},"modified":"2026-04-30T21:24:20","modified_gmt":"2026-04-30T19:24:20","slug":"rapport-de-avril-2026-iran","status":"publish","type":"post","link":"https:\/\/wncri.org\/fr\/2026\/04\/30\/rapport-de-avril-2026-iran\/","title":{"rendered":"Rapport de Avril 2026 : Iran : vague d&#8217;arrestations massives et condamnations \u00e0 mort de femmes"},"content":{"rendered":"\n<h4 class=\"wp-block-heading\"><strong>Rapport de Avril 2026 <\/strong>: <strong>vague d&#8217;arrestations massives et condamnations \u00e0 mort de femmes<\/strong><\/h4>\n\n\n\n<p>Le mois d\u2019avril a \u00e9t\u00e9 marqu\u00e9 par une d\u00e9ferlante d\u2019arrestations massives et une r\u00e9pression cibl\u00e9e contre les femmes iraniennes, signalant une escalade strat\u00e9gique du contr\u00f4le au c\u0153ur de la crise actuelle. Cette p\u00e9riode a \u00e9t\u00e9 jalonn\u00e9e <a href=\"https:\/\/wncri.org\/fr\/2026\/04\/11\/arrestations-iran-detenues\/\" target=\"_blank\" rel=\"noreferrer noopener\">d&#8217;interpellations<\/a> de grande ampleur, de verdicts judiciaires implacables et d&#8217;un harc\u00e8lement croissant des familles de prisonniers politiques et des victimes du soul\u00e8vement de 2026. Ce rapport met en lumi\u00e8re la d\u00e9tresse de ces femmes, alors que l\u2019aggravation des crises politiques et le black-out informationnel continuent de dissimuler l\u2019ampleur r\u00e9elle de ces violations des droits humains.<\/p>\n\n\n\n<div data-wp-interactive=\"core\/file\" class=\"wp-block-file\"><object data-wp-bind--hidden=\"!state.hasPdfPreview\" hidden class=\"wp-block-file__embed\" data=\"https:\/\/wncri.org\/fr\/wp-content\/uploads\/2026\/04\/Monthly-April-2026_FR.pdf\" type=\"application\/pdf\" style=\"width:100%;height:600px\" aria-label=\"Embed of Monthly April 2026_FR.\"><\/object><a id=\"wp-block-file--media-1d524238-c553-4efa-867c-c1942e45fe49\" href=\"https:\/\/wncri.org\/fr\/wp-content\/uploads\/2026\/04\/Monthly-April-2026_FR.pdf\">Monthly April 2026_FR<\/a><a href=\"https:\/\/wncri.org\/fr\/wp-content\/uploads\/2026\/04\/Monthly-April-2026_FR.pdf\" class=\"wp-block-file__button wp-element-button\" download aria-describedby=\"wp-block-file--media-1d524238-c553-4efa-867c-c1942e45fe49\">Download<\/a><\/div>\n\n\n\n<p>Le r\u00e9gime iranien a, une fois de plus, exploit\u00e9 le climat de tension et la crise de guerre qu\u2019il impose \u00e0 la population pour intensifier la r\u00e9pression interne. Tandis que l\u2019attention du public \u00e9tait partiellement d\u00e9tourn\u00e9e par les d\u00e9veloppements r\u00e9gionaux et le conflit, les appareils de s\u00e9curit\u00e9 ont syst\u00e9matiquement \u00e9tendu la port\u00e9e de leur contr\u00f4le et de leurs op\u00e9rations de nettoyage.<\/p>\n\n\n\n<p>Des informations de terrain indiquent qu&#8217;une vague d&#8217;arrestations quotidiennes a \u00e9t\u00e9 lanc\u00e9e, visant les femmes et les jeunes filles. Ces d\u00e9tentions sont souvent effectu\u00e9es sous couvert de chefs d&#8217;accusation de s\u00e9curit\u00e9 vagues et en l\u2019absence de tout processus judiciaire transparent. Dans de nombreux cas, ces femmes et jeunes filles sont appr\u00e9hend\u00e9es aux c\u00f4t\u00e9s de leur conjoint ou d&#8217;autres membres de leur famille.<\/p>\n\n\n\n<p>Ces arrestations massives sont consid\u00e9r\u00e9es comme faisant partie d&#8217;une politique d\u00e9lib\u00e9r\u00e9e visant \u00e0 instaurer la peur et l&#8217;effroi, con\u00e7ue pour pr\u00e9venir l&#8217;\u00e9mergence de tout nouveau soul\u00e8vement.<\/p>\n\n\n\n<p>Le 19 avril 2026, Ahmadreza Radan, le commandant en chef des Forces de s\u00e9curit\u00e9 int\u00e9rieure (FSI), a annonc\u00e9 l&#8217;arrestation de 1 800 personnes lors d&#8217;un entretien t\u00e9l\u00e9vis\u00e9. Sur ce nombre, 700 d\u2019entre elles ont \u00e9t\u00e9 interpell\u00e9es en raison de leurs activit\u00e9s sur les r\u00e9seaux sociaux (Agence de presse Fars, 19 avril 2026). Bien qu\u2019il n\u2019ait pas pr\u00e9cis\u00e9 le calendrier exact de ces arrestations, il est fortement suspect\u00e9 qu\u2019elles aient eu lieu depuis le d\u00e9but de la guerre ou au lendemain du soul\u00e8vement de <a href=\"https:\/\/wncri.org\/fr\/2026\/01\/16\/soulevement-en-iran-soulevement-2\/\" target=\"_blank\" rel=\"noreferrer noopener\">janvier 2026<\/a>.<\/p>\n\n\n\n<p>Simultan\u00e9ment, la pr\u00e9sence massive des forces de s\u00e9curit\u00e9 dans les villes et l\u2019escalade d\u2019un environnement r\u00e9pressif et militaris\u00e9 ont directement impact\u00e9 la vie quotidienne des citoyens, y compris des femmes. La surveillance des rues, les pressions directes et les restrictions croissantes ont fait de la pr\u00e9sence dans l\u2019espace public un d\u00e9fi p\u00e9rilleux.<\/p>\n\n\n\n<p>L&#8217;appareil judiciaire du r\u00e9gime proc\u00e8de souvent \u00e0 ces arrestations sous des chefs d&#8217;accusation tels que \u00ab collaboration avec l\u2019ennemi \u00bb, \u00ab Moharebeh \u00bb (guerre contre Dieu, une charge passible de la peine de mort) ou \u00ab propagande contre l\u2019\u00c9tat \u00bb, tous justifi\u00e9s sous le pr\u00e9texte de la \u00ab s\u00e9curit\u00e9 nationale \u00bb. En raison des coupures g\u00e9n\u00e9ralis\u00e9es d\u2019Internet et du contr\u00f4le \u00e9troit du flux d\u2019information, les chiffres pr\u00e9cis de ces arrestations massives demeurent indisponibles ; n\u00e9anmoins, les estimations indiquent la d\u00e9tention et l\u2019emprisonnement d\u2019un nombre consid\u00e9rable de femmes et de jeunes filles.<\/p>\n\n\n\n<p>\u00c0 cet \u00e9gard, Mohammad Bagher Ghalibaf, le pr\u00e9sident du Parlement du r\u00e9gime, s&#8217;est adress\u00e9 aux forces de l&#8217;ordre en insistant : \u00ab N\u2019abandonnez pas le d\u00e9troit des rues \u00bb (Agence de presse Tasnim, 30 mars 2026). Par ailleurs, des m\u00e9dias proches des agences de s\u00e9curit\u00e9 ont soulign\u00e9 l&#8217;importance d&#8217;une pr\u00e9sence continue des forces dans la rue pour contr\u00f4ler et r\u00e9primer les protestations.<\/p>\n\n\n\n<p>Ces faits interviennent alors que le Conseil national de la r\u00e9sistance iranienne (CNRI) a publi\u00e9 un communiqu\u00e9 annon\u00e7ant que plus de 50 000 personnes ont \u00e9t\u00e9 <a href=\"https:\/\/fr.ncr-iran.org\/actualites\/droits-humains-2\/pourquoi-le-regime-des-mollahs-intensifie-t-il-les-executions-de-prisonniers-politiques-en-pleine-guerre\/\" target=\"_blank\" rel=\"noopener\">ar<\/a><a href=\"https:\/\/fr.ncr-iran.org\/actualites\/droits-humains-2\/pourquoi-le-regime-des-mollahs-intensifie-t-il-les-executions-de-prisonniers-politiques-en-pleine-guerre\/\" target=\"_blank\" rel=\"noreferrer noopener\">r<\/a><a href=\"https:\/\/fr.ncr-iran.org\/actualites\/droits-humains-2\/pourquoi-le-regime-des-mollahs-intensifie-t-il-les-executions-de-prisonniers-politiques-en-pleine-guerre\/\" target=\"_blank\" rel=\"noopener\">\u00eat\u00e9es<\/a> lors des manifestations nationales entre le 28 d\u00e9cembre 2025 et le 14 janvier 2026. Parmi elles figure un nombre important de femmes, de jeunes et d\u2019\u00e9tudiants, dont beaucoup sont victimes de disparitions forc\u00e9es. Actuellement, ils sont soumis \u00e0 la torture et font face \u00e0 des proc\u00e8s in\u00e9quitables ainsi qu&#8217;\u00e0 des condamnations \u00e0 mort. \u00c0 ce jour, neuf manifestants d\u00e9tenus lors du soul\u00e8vement de janvier ont \u00e9t\u00e9 ex\u00e9cut\u00e9s.<\/p>\n\n\n\n<p>Pr\u00e9c\u00e9demment, Massoumeh Ebtekar, ancienne responsable de la Direction des affaires f\u00e9minines et familiales, notait dans une tribune que 77 % des personnes d\u00e9tenues lors des manifestations nationales de janvier 2026 ont moins de 30 ans, dont 17 % de lyc\u00e9ens et 6 % d\u2019\u00e9tudiants (Journal Etemad, 15 avril 2026).<\/p>\n\n\n\n<h3 class=\"wp-block-heading\"><strong>L&#8217;ex\u00e9cution comme outil d&#8217;intimidation : des femmes condamn\u00e9es \u00e0 mort<\/strong><\/h3>\n\n\n\n<p>La peine capitale continue d&#8217;\u00eatre brandie comme l&#8217;un des principaux outils du r\u00e9gime pour instaurer la terreur et entraver l&#8217;expansion des protestations sociales. Entre le 19 mars et le 25 avril 2026, huit prisonniers politiques, membres de l&#8217;Organisation des Moudjahidines du Peuple d&#8217;Iran (OMPI), principale opposition au r\u00e9gime, ainsi que neuf jeunes manifestants d\u00e9tenus lors du soul\u00e8vement de janvier, ont \u00e9t\u00e9 ex\u00e9cut\u00e9s.<\/p>\n\n\n\n<p>Au c\u0153ur de cette r\u00e9pression, des dizaines de manifestantes ont \u00e9t\u00e9 soit condamn\u00e9es \u00e0 mort, soit font l&#8217;objet de chefs d&#8217;accusation passibles de la peine capitale. <a href=\"https:\/\/wncri.org\/fr\/2026\/04\/15\/soulevement-de-janvier-2026\/\">Bit<\/a><a href=\"https:\/\/wncri.org\/fr\/2026\/04\/15\/soulevement-de-janvier-2026\/\" target=\"_blank\" rel=\"noreferrer noopener\">a<\/a><a href=\"https:\/\/wncri.org\/fr\/2026\/04\/15\/soulevement-de-janvier-2026\/\"> Hemmati<\/a>, manifestante du soul\u00e8vement de janvier 2026, a \u00e9t\u00e9 condamn\u00e9e \u00e0 mort fin avril apr\u00e8s des mois d&#8217;interrogatoire et d&#8217;intenses pressions. De plus, la justice a confisqu\u00e9 les biens de Mme Hemmati et de son \u00e9poux, qui fait face \u00e0 des accusations similaires.<\/p>\n\n\n<div class=\"wp-block-image\">\n<figure class=\"aligncenter size-full is-resized\"><img decoding=\"async\" src=\"data:image\/gif;base64,R0lGODlhAQABAIAAAAAAAP\/\/\/yH5BAEAAAAALAAAAAABAAEAAAIBRAA7\" data-src=\"https:\/\/wncri.org\/fr\/wp-content\/uploads\/2026\/04\/Bita-Hemmati.jpg\" alt=\"Rapport de Avril 2026 : Iran : vague d'arrestations massives et condamnations \u00e0 mort de femmes\" class=\"wp-image-26170 lazyload\" style=\"width:750px;height:auto\"\/><noscript><img decoding=\"async\" width=\"750\" height=\"375\" src=\"https:\/\/wncri.org\/fr\/wp-content\/uploads\/2026\/04\/Bita-Hemmati.jpg\" alt=\"Rapport de Avril 2026 : Iran : vague d'arrestations massives et condamnations \u00e0 mort de femmes\" class=\"wp-image-26170 lazyload\" style=\"width:750px;height:auto\" srcset=\"https:\/\/wncri.org\/fr\/wp-content\/uploads\/2026\/04\/Bita-Hemmati.jpg 750w, https:\/\/wncri.org\/fr\/wp-content\/uploads\/2026\/04\/Bita-Hemmati-300x150.jpg 300w, https:\/\/wncri.org\/fr\/wp-content\/uploads\/2026\/04\/Bita-Hemmati-360x180.jpg 360w\" sizes=\"(max-width: 750px) 100vw, 750px\" \/><\/noscript><figcaption class=\"wp-element-caption\"><strong>Bita Hemmati<\/strong><\/figcaption><\/figure>\n<\/div>\n\n\n<p><a href=\"https:\/\/wncri.org\/fr\/2026\/04\/11\/arrestations-iran-detenues\/\" target=\"_blank\" rel=\"noreferrer noopener\">Maryam Hodavand<\/a>, m\u00e8re de deux enfants \u00e2g\u00e9e de 45 ans, est une autre d\u00e9tenue du soul\u00e8vement national de janvier 2026. Actuellement incarc\u00e9r\u00e9e \u00e0 la prison d&#8217;Evin, elle a \u00e9t\u00e9 condamn\u00e9e \u00e0 mort. En outre, une autre manifestante, dont l&#8217;identit\u00e9 n&#8217;a pas encore \u00e9t\u00e9 v\u00e9rifi\u00e9e, a \u00e9galement re\u00e7u une sentence de mort.<\/p>\n\n\n\n<p>Par ailleurs, <a href=\"https:\/\/wncri.org\/fr\/2026\/04\/24\/fatemeh-abbasi-aveux-forces\/\" target=\"_blank\" rel=\"noreferrer noopener\">Mahboubeh Shabani, 33 ans, originaire de Machhad<\/a>, est d\u00e9tenue \u00e0 la prison de Vakilabad sous l&#8217;accusation de \u00ab Moharebeh \u00bb. Ce chef d&#8217;accusation, qui peut mener \u00e0 la peine capitale, a \u00e9t\u00e9 retenu contre elle en lien avec ses efforts pour transporter des manifestants bless\u00e9s vers des centres m\u00e9dicaux lors du soul\u00e8vement de janvier.<\/p>\n\n\n<div class=\"wp-block-image\">\n<figure class=\"aligncenter size-full\"><img decoding=\"async\" src=\"data:image\/gif;base64,R0lGODlhAQABAIAAAAAAAP\/\/\/yH5BAEAAAAALAAAAAABAAEAAAIBRAA7\" data-src=\"https:\/\/wncri.org\/fr\/wp-content\/uploads\/2026\/04\/Mahboubeh-Shabani.jpg\" alt=\"Rapport de Avril 2026 : Iran : vague d'arrestations massives et condamnations \u00e0 mort de femmes\" class=\"wp-image-26169 lazyload\"\/><noscript><img decoding=\"async\" width=\"750\" height=\"375\" src=\"https:\/\/wncri.org\/fr\/wp-content\/uploads\/2026\/04\/Mahboubeh-Shabani.jpg\" alt=\"Rapport de Avril 2026 : Iran : vague d'arrestations massives et condamnations \u00e0 mort de femmes\" class=\"wp-image-26169 lazyload\" srcset=\"https:\/\/wncri.org\/fr\/wp-content\/uploads\/2026\/04\/Mahboubeh-Shabani.jpg 750w, https:\/\/wncri.org\/fr\/wp-content\/uploads\/2026\/04\/Mahboubeh-Shabani-300x150.jpg 300w, https:\/\/wncri.org\/fr\/wp-content\/uploads\/2026\/04\/Mahboubeh-Shabani-360x180.jpg 360w\" sizes=\"(max-width: 750px) 100vw, 750px\" \/><\/noscript><figcaption class=\"wp-element-caption\"><strong>Mahboubeh Shabani<\/strong><\/figcaption><\/figure>\n<\/div>\n\n\n<p>Fatemeh Abbasi, une femme de 34 ans et m\u00e8re d&#8217;une jeune fille de 13 ans, arr\u00eat\u00e9e avec son p\u00e8re lors des manifestations nationales de janvier, a r\u00e9cemment \u00e9t\u00e9 transf\u00e9r\u00e9e au quartier des femmes de la prison d&#8217;Evin apr\u00e8s avoir subi des semaines de torture et d&#8217;interrogatoires visant \u00e0 extorquer des aveux forc\u00e9s. Fatemeh a \u00e9t\u00e9 condamn\u00e9e \u00e0 25 ans de prison, tandis que son p\u00e8re a re\u00e7u une condamnation \u00e0 mort.<\/p>\n\n\n\n<h3 class=\"wp-block-heading\"><strong>Pression sur les familles : les femmes survivantes de prisonniers politiques ex\u00e9cut\u00e9s<\/strong><\/h3>\n\n\n\n<p>Les familles des personnes ex\u00e9cut\u00e9es ou tu\u00e9es lors du soul\u00e8vement de janvier 2026 ne sont nullement \u00e9pargn\u00e9es par le harc\u00e8lement syst\u00e9mique du r\u00e9gime.<\/p>\n\n\n\n<p>Ces familles cherchent uniquement \u00e0 organiser des services fun\u00e9raires ; pourtant, non seulement les corps de leurs proches sont retenus et leurs lieux de s\u00e9pulture gard\u00e9s secrets, mais les familles elles-m\u00eames font face \u00e0 des menaces d&#8217;arrestation. Elles sont priv\u00e9es par la force de leur droit de tenir des c\u00e9r\u00e9monies de deuil et des comm\u00e9morations.<\/p>\n\n\n\n<p>Ces actions refl\u00e8tent un effort syst\u00e9matique pour emp\u00eacher l&#8217;\u00e9mergence de toute forme de solidarit\u00e9 sociale ou de mouvement pour la justice autour des victimes. Une telle conduite viole non seulement les droits fondamentaux de ces familles, mais impose \u00e9galement un lourd tribut \u00e9motionnel et psychologique aux femmes survivantes, et particuli\u00e8rement aux m\u00e8res.<\/p>\n\n\n<div class=\"wp-block-image\">\n<figure class=\"aligncenter size-large is-resized\"><img decoding=\"async\" src=\"data:image\/gif;base64,R0lGODlhAQABAIAAAAAAAP\/\/\/yH5BAEAAAAALAAAAAABAAEAAAIBRAA7\" data-src=\"https:\/\/wncri.org\/fr\/wp-content\/uploads\/2026\/04\/Pouya-Ghobadis-portrait-on-the-wall-of-his-family-house-1024x576.jpg\" alt=\"Rapport de Avril 2026 : Iran : vague d'arrestations massives et condamnations \u00e0 mort de femmes\" class=\"wp-image-26171 lazyload\" style=\"width:644px;height:auto\"\/><noscript><img decoding=\"async\" width=\"1024\" height=\"576\" src=\"https:\/\/wncri.org\/fr\/wp-content\/uploads\/2026\/04\/Pouya-Ghobadis-portrait-on-the-wall-of-his-family-house-1024x576.jpg\" alt=\"Rapport de Avril 2026 : Iran : vague d'arrestations massives et condamnations \u00e0 mort de femmes\" class=\"wp-image-26171 lazyload\" style=\"width:644px;height:auto\" srcset=\"https:\/\/wncri.org\/fr\/wp-content\/uploads\/2026\/04\/Pouya-Ghobadis-portrait-on-the-wall-of-his-family-house-1024x576.jpg 1024w, https:\/\/wncri.org\/fr\/wp-content\/uploads\/2026\/04\/Pouya-Ghobadis-portrait-on-the-wall-of-his-family-house-300x169.jpg 300w, https:\/\/wncri.org\/fr\/wp-content\/uploads\/2026\/04\/Pouya-Ghobadis-portrait-on-the-wall-of-his-family-house-768x432.jpg 768w, https:\/\/wncri.org\/fr\/wp-content\/uploads\/2026\/04\/Pouya-Ghobadis-portrait-on-the-wall-of-his-family-house-750x422.jpg 750w, https:\/\/wncri.org\/fr\/wp-content\/uploads\/2026\/04\/Pouya-Ghobadis-portrait-on-the-wall-of-his-family-house-1140x641.jpg 1140w, https:\/\/wncri.org\/fr\/wp-content\/uploads\/2026\/04\/Pouya-Ghobadis-portrait-on-the-wall-of-his-family-house.jpg 1200w\" sizes=\"(max-width: 1024px) 100vw, 1024px\" \/><\/noscript><figcaption class=\"wp-element-caption\"><strong>La r\u00e9sidence de la famille de Pouya Ghobadi<\/strong><\/figcaption><\/figure>\n<\/div>\n\n\n<p>Par exemple, le 2 avril 2026, un groupe de personnes s&#8217;est rassembl\u00e9 dans la ville de Sonqor devant la r\u00e9sidence de la famille de Pouya Ghobadi pour t\u00e9moigner son soutien. Ce rassemblement a eu lieu malgr\u00e9 un d\u00e9ploiement massif des forces de s\u00e9curit\u00e9 dans les rues et ruelles menant \u00e0 la maison. Pouya Ghobadi, prisonnier politique et membre de l&#8217;OMPI, avait \u00e9t\u00e9 ex\u00e9cut\u00e9 \u00e0 la prison de Ghezel Hessar quelques jours plus t\u00f4t, le 31 mars.<\/p>\n\n\n\n<p>Les participants \u00e0 ce rassemblement ont exprim\u00e9 leur solidarit\u00e9 avec la famille de Pouya, et particuli\u00e8rement avec la m\u00e8re de ce combattant de la libert\u00e9 ex\u00e9cut\u00e9. Ils ont honor\u00e9 la m\u00e9moire du prisonnier politique, qui avait \u00e9t\u00e9 un membre actif de la campagne \u00ab <a href=\"https:\/\/wncri.org\/fr\/2026\/04\/08\/non-aux-executions-du-mardi-5\/\" target=\"_blank\" rel=\"noreferrer noopener\">Non aux ex\u00e9cutions du mardi<\/a> \u00bb. Cependant, les agents de s\u00e9curit\u00e9 ont forc\u00e9 la famille \u00e0 retirer le portrait du martyr de son mur et ont violemment dispers\u00e9 la foule. Malgr\u00e9 la r\u00e9pression, un groupe de m\u00e8res qui \u00e9taient entr\u00e9es dans la maison ont scand\u00e9 des slogans de protestation \u00e0 leur d\u00e9part.<\/p>\n\n\n\n<h3 class=\"wp-block-heading\"><strong>O\u00f9 se trouve l&#8217;ennemi principal ?<\/strong><\/h3>\n\n\n\n<p>La s\u00e9rie de mesures prises par le r\u00e9gime cl\u00e9rical en plein conflit, allant de l&#8217;imposition de peines de prison aux d\u00e9tenus de l&#8217;OMPI et du soul\u00e8vement \u00e0 l&#8217;intensification de la r\u00e9pression, en passant par l&#8217;insistance \u00e0 \u00ab ne pas abandonner le d\u00e9troit des rues \u00bb et l&#8217;acc\u00e9l\u00e9ration du prononc\u00e9 et de l&#8217;ex\u00e9cution des sentences de mort, pointent toutes vers une r\u00e9alit\u00e9 : la profonde terreur de la dictature religieuse face \u00e0 une pouss\u00e9e imminente des protestations sociales. Cela r\u00e9v\u00e8le un r\u00e9gime terrifi\u00e9 par un soul\u00e8vement bien plus vaste que celui de janvier 2026.<\/p>\n\n\n\n<p>Le r\u00e9gime cl\u00e9rical, qui affiche une posture de bravade et d&#8217;intimidation contre ses adversaires \u00e9trangers, r\u00e9v\u00e8le la v\u00e9ritable adresse de son ennemi principal \u00e0 travers l&#8217;ex\u00e9cution de la jeunesse la plus noble et la plus d\u00e9sint\u00e9ress\u00e9e d&#8217;Iran. Ces actions d\u00e9masquent une dictature qui identifie sa plus grande menace non pas \u00e0 l&#8217;\u00e9tranger, mais dans le courage de son propre peuple.<\/p>\n\n\n\n<p>La v\u00e9ritable adresse de \u00ab l&#8217;ennemi principal \u00bb est le peuple iranien et sa r\u00e9sistance organis\u00e9e. Il se trouve au sein de chaque foyer iranien qui abrite ses enfants courageux et \u00e9pris de libert\u00e9. C&#8217;est pr\u00e9cis\u00e9ment pour cela que le r\u00e9gime est paralys\u00e9 par la peur de la rue. M\u00eame dans des conditions de guerre et de bombardements, il a \u00e9t\u00e9 contraint de d\u00e9ployer ses agents et leurs familles dans les rues dans une tentative d\u00e9sesp\u00e9r\u00e9e de maintenir le contr\u00f4le.<\/p>\n\n\n\n<p>Aujourd&#8217;hui plus que jamais, il incombe \u00e0 l&#8217;opinion publique mondiale et \u00e0 la communaut\u00e9 internationale de reconna\u00eetre la r\u00e9sistance organis\u00e9e du peuple iranien. Elles doivent soutenir le droit du peuple iranien et de sa r\u00e9sistance, y compris le combat des Unit\u00e9s de r\u00e9sistance et de la jeunesse insurg\u00e9e, \u00e0 renverser le r\u00e9gime. Le temps est venu pour le monde de se tenir fermement aux c\u00f4t\u00e9s du peuple d&#8217;Iran.<\/p>\n","protected":false},"excerpt":{"rendered":"<p>Rapport de Avril 2026 : vague d&#8217;arrestations massives et condamnations \u00e0 mort de femmes Le mois d\u2019avril a \u00e9t\u00e9 marqu\u00e9 par une d\u00e9ferlante d\u2019arrestations massives et une r\u00e9pression cibl\u00e9e contre les femmes iraniennes, signalant une escalade strat\u00e9gique du contr\u00f4le au c\u0153ur de la crise actuelle. Cette p\u00e9riode a \u00e9t\u00e9 jalonn\u00e9e d&#8217;interpellations de grande ampleur, de [&hellip;]<\/p>\n","protected":false},"author":4,"featured_media":26172,"comment_status":"closed","ping_status":"closed","sticky":false,"template":"","format":"standard","meta":{"jnews-multi-image_gallery":[],"jnews_single_post":{"format":"standard"},"jnews_primary_category":[],"jnews_social_meta":[],"jnews_override_counter":[],"footnotes":""},"categories":[7,3],"tags":[367,370],"class_list":["post-26168","post","type-post","status-publish","format-standard","has-post-thumbnail","hentry","category-les-regles","category-infos-des-femmes","tag-execution","tag-prisonnieres"],"_links":{"self":[{"href":"https:\/\/wncri.org\/fr\/wp-json\/wp\/v2\/posts\/26168","targetHints":{"allow":["GET"]}}],"collection":[{"href":"https:\/\/wncri.org\/fr\/wp-json\/wp\/v2\/posts"}],"about":[{"href":"https:\/\/wncri.org\/fr\/wp-json\/wp\/v2\/types\/post"}],"author":[{"embeddable":true,"href":"https:\/\/wncri.org\/fr\/wp-json\/wp\/v2\/users\/4"}],"replies":[{"embeddable":true,"href":"https:\/\/wncri.org\/fr\/wp-json\/wp\/v2\/comments?post=26168"}],"version-history":[{"count":2,"href":"https:\/\/wncri.org\/fr\/wp-json\/wp\/v2\/posts\/26168\/revisions"}],"predecessor-version":[{"id":26175,"href":"https:\/\/wncri.org\/fr\/wp-json\/wp\/v2\/posts\/26168\/revisions\/26175"}],"wp:featuredmedia":[{"embeddable":true,"href":"https:\/\/wncri.org\/fr\/wp-json\/wp\/v2\/media\/26172"}],"wp:attachment":[{"href":"https:\/\/wncri.org\/fr\/wp-json\/wp\/v2\/media?parent=26168"}],"wp:term":[{"taxonomy":"category","embeddable":true,"href":"https:\/\/wncri.org\/fr\/wp-json\/wp\/v2\/categories?post=26168"},{"taxonomy":"post_tag","embeddable":true,"href":"https:\/\/wncri.org\/fr\/wp-json\/wp\/v2\/tags?post=26168"}],"curies":[{"name":"wp","href":"https:\/\/api.w.org\/{rel}","templated":true}]}}