{"id":26162,"date":"2026-04-28T13:00:00","date_gmt":"2026-04-28T11:00:00","guid":{"rendered":"https:\/\/wncri.org\/fr\/?p=26162"},"modified":"2026-04-28T22:03:20","modified_gmt":"2026-04-28T20:03:20","slug":"iran-118e-semaine-de-greve-de-la-faim","status":"publish","type":"post","link":"https:\/\/wncri.org\/fr\/2026\/04\/28\/iran-118e-semaine-de-greve-de-la-faim\/","title":{"rendered":"118e semaine de gr\u00e8ve de la faim pour les d\u00e9tenues politiques malgr\u00e9 les menaces"},"content":{"rendered":"\n<h4 class=\"wp-block-heading\">118e semaine de gr\u00e8ve de la faim pour les d\u00e9tenues politiques malgr\u00e9 les menaces<\/h4>\n\n\n\n<p>La campagne \u00ab Non aux ex\u00e9cutions du mardi \u00bb a annonc\u00e9 que, pour sa 118e semaine cons\u00e9cutive, des prisonniers de 56 \u00e9tablissements \u00e0 travers l&#8217;Iran ont de nouveau entam\u00e9 une gr\u00e8ve de la faim coordonn\u00e9e.<\/p>\n\n\n\n<p>Selon un communiqu\u00e9 publi\u00e9 par la campagne, les d\u00e9tenus gr\u00e9vistes ont repris leur mouvement malgr\u00e9 des pressions accrues et des restrictions g\u00e9n\u00e9ralis\u00e9es, en r\u00e9ponse au recours croissant \u00e0 la peine de mort. Ce mouvement de protestation, qui constitue d\u00e9sormais l&#8217;une des formes de r\u00e9sistance les plus longues et les plus constantes au sein du syst\u00e8me carc\u00e9ral iranien, t\u00e9moigne de l&#8217;opposition persistante des prisonniers \u00e0 la peine capitale.<\/p>\n\n\n\n<p>Une proportion importante de ces protestataires est <a href=\"https:\/\/wncri.org\/fr\/2026\/04\/25\/pression-accrue-prisonnieres-devin\/\" target=\"_blank\" rel=\"noreferrer noopener\">constitu\u00e9e de prisonni\u00e8res politiques<\/a>. Elles purgent actuellement leurs peines dans le quartier des femmes de la prison d&#8217;Evin (T\u00e9h\u00e9ran), de la <a href=\"https:\/\/wncri.org\/fr\/2026\/03\/11\/prison-de-qarchak-80-femmes-detenues\/\" target=\"_blank\" rel=\"noreferrer noopener\">prison de Qarchak<\/a> (Varamin), ainsi que dans les quartiers des femmes des prisons de Sepidar (Ahvaz), d&#8217;Adelabad (Chiraz), de Zahedan, de Yazd et de la prison de Lakan \u00e0 Racht.<\/p>\n\n\n\n<h3 class=\"wp-block-heading\"><strong>Une pression accrue pour stopper la gr\u00e8ve de la faim<\/strong><\/h3>\n\n\n\n<p>Au cours des derni\u00e8res semaines, les autorit\u00e9s carc\u00e9rales ont multipli\u00e9 les efforts pour emp\u00eacher les d\u00e9tenus de participer \u00e0 la campagne. Selon des informations \u00e9manant des centres de d\u00e9tention, les mesures incluent des menaces de transfert en cellule d&#8217;isolement, la suspension de l&#8217;acc\u00e8s au t\u00e9l\u00e9phone, le d\u00e9ni des visites familiales et un durcissement des restrictions sur les services de base, tout cela afin de contraindre les prisonniers \u00e0 cesser leur gr\u00e8ve.<\/p>\n\n\n\n<p>L&#8217;un des cas les plus notables concerne la pression exerc\u00e9e sur les femmes d\u00e9tenues \u00e0 la prison d&#8217;Evin. Le directeur de l&#8217;\u00e9tablissement a \u00e9mis une nouvelle directive interdisant aux femmes de participer \u00e0 la campagne \u00ab Non aux ex\u00e9cutions du mardi \u00bb, les avertissant de cons\u00e9quences punitives telles que l&#8217;isolement cellulaire et la perte du droit de t\u00e9l\u00e9phoner. Malgr\u00e9 ces menaces, les d\u00e9tenues ont poursuivi leur mouvement pour cette 118e semaine.<\/p>\n\n\n\n<h3 class=\"wp-block-heading\"><strong>Ex\u00e9cutions de prisonniers politiques et inqui\u00e9tudes sur les disparitions forc\u00e9es<\/strong><\/h3>\n\n\n\n<p>Le communiqu\u00e9 souligne \u00e9galement l&#8217;ex\u00e9cution de trois prisonniers politiques au cours de la semaine pass\u00e9e, qualifiant cette d\u00e9cision de signe d&#8217;une r\u00e9pression qui s&#8217;intensifie.<\/p>\n\n\n\n<p>Amirali Mirjafari, originaire de T\u00e9h\u00e9ran, Erfan Kiani, d&#8217;Ispahan, et Amer Ramesh, du Sistan-et-Baloutchistan, ont <a href=\"https:\/\/fr.ncr-iran.org\/communiques-cnri\/droits-humains\/iran-execution-du-prisonnier-politique-amer-ramesh-un-compatriote-baloutche\/\" target=\"_blank\" rel=\"noreferrer noopener\">\u00e9t\u00e9 ex\u00e9cut\u00e9s<\/a> au terme de proc\u00e9dures judiciaires qualifi\u00e9es d&#8217;in\u00e9quitables.<\/p>\n\n\n\n<p>Les corps de deux de ces individus n&#8217;ont pas \u00e9t\u00e9 restitu\u00e9s \u00e0 leurs familles. La campagne a qualifi\u00e9 cette pratique de cas de disparition forc\u00e9e et a mis en garde contre ses graves cons\u00e9quences en mati\u00e8re de droits humains.<\/p>\n\n\n\n<h3 class=\"wp-block-heading\"><strong>L&#8217;ex\u00e9cution et la r\u00e9pression comme moyens d&#8217;\u00e9touffer la contestation<\/strong><\/h3>\n\n\n\n<p>En conclusion, la campagne \u00ab Non aux ex\u00e9cutions du mardi \u00bb affirme que la multiplication des ex\u00e9cutions, parall\u00e8lement au durcissement du climat s\u00e9curitaire, r\u00e9v\u00e8le une strat\u00e9gie globale des autorit\u00e9s visant \u00e0 r\u00e9primer la contestation populaire. Selon le mouvement, le recours \u00e0 la peine capitale et l&#8217;instauration d&#8217;un climat de peur font partie d&#8217;une politique de dissuasion destin\u00e9e \u00e0 emp\u00eacher l&#8217;\u00e9mergence de nouvelles vagues de manifestations \u00e0 travers le pays.<\/p>\n","protected":false},"excerpt":{"rendered":"<p>118e semaine de gr\u00e8ve de la faim pour les d\u00e9tenues politiques malgr\u00e9 les menaces La campagne \u00ab Non aux ex\u00e9cutions du mardi \u00bb a annonc\u00e9 que, pour sa 118e semaine cons\u00e9cutive, des prisonniers de 56 \u00e9tablissements \u00e0 travers l&#8217;Iran ont de nouveau entam\u00e9 une gr\u00e8ve de la faim coordonn\u00e9e. Selon un communiqu\u00e9 publi\u00e9 par la [&hellip;]<\/p>\n","protected":false},"author":4,"featured_media":26163,"comment_status":"closed","ping_status":"closed","sticky":false,"template":"","format":"standard","meta":{"jnews-multi-image_gallery":[],"jnews_single_post":{"format":"standard"},"jnews_primary_category":[],"jnews_social_meta":[],"jnews_override_counter":[],"footnotes":""},"categories":[3],"tags":[369],"class_list":["post-26162","post","type-post","status-publish","format-standard","has-post-thumbnail","hentry","category-infos-des-femmes","tag-manifestations"],"_links":{"self":[{"href":"https:\/\/wncri.org\/fr\/wp-json\/wp\/v2\/posts\/26162","targetHints":{"allow":["GET"]}}],"collection":[{"href":"https:\/\/wncri.org\/fr\/wp-json\/wp\/v2\/posts"}],"about":[{"href":"https:\/\/wncri.org\/fr\/wp-json\/wp\/v2\/types\/post"}],"author":[{"embeddable":true,"href":"https:\/\/wncri.org\/fr\/wp-json\/wp\/v2\/users\/4"}],"replies":[{"embeddable":true,"href":"https:\/\/wncri.org\/fr\/wp-json\/wp\/v2\/comments?post=26162"}],"version-history":[{"count":1,"href":"https:\/\/wncri.org\/fr\/wp-json\/wp\/v2\/posts\/26162\/revisions"}],"predecessor-version":[{"id":26164,"href":"https:\/\/wncri.org\/fr\/wp-json\/wp\/v2\/posts\/26162\/revisions\/26164"}],"wp:featuredmedia":[{"embeddable":true,"href":"https:\/\/wncri.org\/fr\/wp-json\/wp\/v2\/media\/26163"}],"wp:attachment":[{"href":"https:\/\/wncri.org\/fr\/wp-json\/wp\/v2\/media?parent=26162"}],"wp:term":[{"taxonomy":"category","embeddable":true,"href":"https:\/\/wncri.org\/fr\/wp-json\/wp\/v2\/categories?post=26162"},{"taxonomy":"post_tag","embeddable":true,"href":"https:\/\/wncri.org\/fr\/wp-json\/wp\/v2\/tags?post=26162"}],"curies":[{"name":"wp","href":"https:\/\/api.w.org\/{rel}","templated":true}]}}