{"id":26153,"date":"2026-04-26T22:58:52","date_gmt":"2026-04-26T20:58:52","guid":{"rendered":"https:\/\/wncri.org\/fr\/?p=26153"},"modified":"2026-04-26T22:58:53","modified_gmt":"2026-04-26T20:58:53","slug":"maryam-hodavand-iran-manifestations","status":"publish","type":"post","link":"https:\/\/wncri.org\/fr\/2026\/04\/26\/maryam-hodavand-iran-manifestations\/","title":{"rendered":"Iran : Maryam Hodavand, 3e femme condamn\u00e9e \u00e0 mort pour les manifestations"},"content":{"rendered":"\n<h2 class=\"wp-block-heading\">Le r\u00e9gime iranien condamne une troisi\u00e8me femme \u00e0 mort suite aux manifestations de 2026<\/h2>\n\n\n\n<h4 class=\"wp-block-heading\">Le r\u00e9gime iranien a condamn\u00e9 \u00e0 mort Maryam Hodavand, une prisonni\u00e8re politique <a href=\"https:\/\/wncri.org\/fr\/2021\/12\/10\/les-conditions-des-femmes-prisons\/\" target=\"_blank\" rel=\"noreferrer noopener\">d\u00e9tenue au quartier des femmes de la prison d\u2019Evin<\/a>, pour sa participation aux manifestations de 2026. Prononc\u00e9 par le tribunal r\u00e9volutionnaire de T\u00e9h\u00e9ran, ce verdict fait de Mme Hodavand la troisi\u00e8me manifestante \u00e0 faire face \u00e0 une ex\u00e9cution ces derniers mois, signalant une escalade brutale de la r\u00e9pression judiciaire.<\/h4>\n\n\n\n<p>Cette condamnation a \u00e9t\u00e9 rendue alors que plusieurs sources font \u00e9tat d&#8217;un manque total de transparence dans le processus judiciaire, du d\u00e9ni de son droit de choisir un avocat et du fait que le dossier repose sur des aveux obtenus sous la pression.<\/p>\n\n\n\n<h3 class=\"wp-block-heading\"><strong>Graves pr\u00e9occupations face aux violations du droit \u00e0 un proc\u00e8s \u00e9quitable<\/strong><\/h3>\n\n\n\n<p>Tout au long de la proc\u00e9dure judiciaire, Mme Hodavand s&#8217;est vu refuser le droit \u00e0 l&#8217;avocat de son choix, et les audiences se seraient d\u00e9roul\u00e9es sans la pr\u00e9sence d&#8217;une repr\u00e9sentation juridique ind\u00e9pendante. \u00c0 ce jour, aucune information claire n&#8217;a \u00e9t\u00e9 communiqu\u00e9e concernant la date exacte de son arrestation, le processus d&#8217;instruction, les d\u00e9tails des audiences ou les preuves juridiques \u00e9tayant le verdict.<\/p>\n\n\n\n<p>Dans de nombreux dossiers li\u00e9s aux <a href=\"https:\/\/wncri.org\/fr\/2026\/01\/25\/soulevement-national-en-iran-droits-des\/\" target=\"_blank\" rel=\"noreferrer noopener\">manifestations nationales<\/a>, les proc\u00e9dures judiciaires ont \u00e9t\u00e9 men\u00e9es avec une rapidit\u00e9 extr\u00eame et sans examen approfondi des preuves, privant de fait les accus\u00e9s de toute possibilit\u00e9 de pr\u00e9senter une d\u00e9fense digne de ce nom.<\/p>\n\n\n\n<h3 class=\"wp-block-heading\"><strong>Le recours aux aveux extorqu\u00e9s<\/strong><\/h3>\n\n\n\n<p>Les affaires li\u00e9es aux manifestations, dont celle de Maryam Hodavand, ont fr\u00e9quemment \u00e9t\u00e9 b\u00e2ties sur des aveux qui auraient \u00e9t\u00e9 extorqu\u00e9s sous la contrainte lors d&#8217;interrogatoires men\u00e9s par les services de s\u00e9curit\u00e9. Dans bien des cas, aucune preuve ind\u00e9pendante ou v\u00e9rifiable n&#8217;a \u00e9t\u00e9 pr\u00e9sent\u00e9e.<\/p>\n\n\n\n<h3 class=\"wp-block-heading\"><strong>Trois femmes d\u00e9sormais menac\u00e9es d&#8217;ex\u00e9cution<\/strong><\/h3>\n\n\n\n<p>Avec ce nouveau verdict, le nombre de femmes condamn\u00e9es \u00e0 mort dans des dossiers li\u00e9s aux manifestations de 2026 s&#8217;\u00e9l\u00e8ve d\u00e9sormais \u00e0 trois, apr\u00e8s les condamnations de <a href=\"https:\/\/wncri.org\/fr\/2026\/04\/15\/soulevement-de-janvier-2026\/\" target=\"_blank\" rel=\"noreferrer noopener\">Bita Hemmati<\/a> et d&#8217;une autre d\u00e9tenue dont l&#8217;identit\u00e9 n&#8217;a pas \u00e9t\u00e9 r\u00e9v\u00e9l\u00e9e.<\/p>\n\n\n\n<p>Ces <a href=\"https:\/\/fr.ncr-iran.org\/communiques-cnri\/droits-humains\/execution-en-iran-du-jeune-insurge-courageux-amirali-mirjafari\/\" target=\"_blank\" rel=\"noreferrer noopener\">condamnations \u00e0 mort<\/a> repr\u00e9sentent la phase la plus r\u00e9cente de la campagne intensifi\u00e9e du r\u00e9gime iranien pour \u00e9touffer la contestation. Alors que des informations confirment que des milliers de personnes ont d\u00e9j\u00e0 \u00e9t\u00e9 tu\u00e9es depuis le d\u00e9but du soul\u00e8vement, ces d\u00e9cisions judiciaires servent d&#8217;outil sinistre dans une escalade sans pr\u00e9c\u00e9dent de la r\u00e9pression syst\u00e9matique visant les manifestantes et les prisonniers politiques.<\/p>\n","protected":false},"excerpt":{"rendered":"<p>Le r\u00e9gime iranien condamne une troisi\u00e8me femme \u00e0 mort suite aux manifestations de 2026 Le r\u00e9gime iranien a condamn\u00e9 \u00e0 mort Maryam Hodavand, une prisonni\u00e8re politique d\u00e9tenue au quartier des femmes de la prison d\u2019Evin, pour sa participation aux manifestations de 2026. Prononc\u00e9 par le tribunal r\u00e9volutionnaire de T\u00e9h\u00e9ran, ce verdict fait de Mme Hodavand [&hellip;]<\/p>\n","protected":false},"author":4,"featured_media":26154,"comment_status":"closed","ping_status":"closed","sticky":false,"template":"","format":"standard","meta":{"jnews-multi-image_gallery":[],"jnews_single_post":{"format":"standard"},"jnews_primary_category":[],"jnews_social_meta":[],"jnews_override_counter":[],"footnotes":""},"categories":[3],"tags":[370],"class_list":["post-26153","post","type-post","status-publish","format-standard","has-post-thumbnail","hentry","category-infos-des-femmes","tag-prisonnieres"],"_links":{"self":[{"href":"https:\/\/wncri.org\/fr\/wp-json\/wp\/v2\/posts\/26153","targetHints":{"allow":["GET"]}}],"collection":[{"href":"https:\/\/wncri.org\/fr\/wp-json\/wp\/v2\/posts"}],"about":[{"href":"https:\/\/wncri.org\/fr\/wp-json\/wp\/v2\/types\/post"}],"author":[{"embeddable":true,"href":"https:\/\/wncri.org\/fr\/wp-json\/wp\/v2\/users\/4"}],"replies":[{"embeddable":true,"href":"https:\/\/wncri.org\/fr\/wp-json\/wp\/v2\/comments?post=26153"}],"version-history":[{"count":1,"href":"https:\/\/wncri.org\/fr\/wp-json\/wp\/v2\/posts\/26153\/revisions"}],"predecessor-version":[{"id":26155,"href":"https:\/\/wncri.org\/fr\/wp-json\/wp\/v2\/posts\/26153\/revisions\/26155"}],"wp:featuredmedia":[{"embeddable":true,"href":"https:\/\/wncri.org\/fr\/wp-json\/wp\/v2\/media\/26154"}],"wp:attachment":[{"href":"https:\/\/wncri.org\/fr\/wp-json\/wp\/v2\/media?parent=26153"}],"wp:term":[{"taxonomy":"category","embeddable":true,"href":"https:\/\/wncri.org\/fr\/wp-json\/wp\/v2\/categories?post=26153"},{"taxonomy":"post_tag","embeddable":true,"href":"https:\/\/wncri.org\/fr\/wp-json\/wp\/v2\/tags?post=26153"}],"curies":[{"name":"wp","href":"https:\/\/api.w.org\/{rel}","templated":true}]}}