{"id":26150,"date":"2026-04-26T14:44:46","date_gmt":"2026-04-26T12:44:46","guid":{"rendered":"https:\/\/wncri.org\/fr\/?p=26150"},"modified":"2026-04-26T14:44:47","modified_gmt":"2026-04-26T12:44:47","slug":"manifestations-personnels-de-sante-iran","status":"publish","type":"post","link":"https:\/\/wncri.org\/fr\/2026\/04\/26\/manifestations-personnels-de-sante-iran\/","title":{"rendered":"Iran : deuxi\u00e8me jour de manifestation des personnels de sant\u00e9 \u00e0 Yazd"},"content":{"rendered":"\n<h4 class=\"wp-block-heading\">Les personnels de sant\u00e9 iraniens poursuivent leur mouvement de <a href=\"https:\/\/wncri.org\/fr\/2026\/03\/08\/rapport-annuel-2026-soulevement-en-iran\/\" target=\"_blank\" rel=\"noreferrer noopener\">protestation<\/a> pour la deuxi\u00e8me journ\u00e9e cons\u00e9cutive<\/h4>\n\n\n\n<p>\u00c0 Yazd, province centrale majeure de l&#8217;Iran, les manifestations des personnels de sant\u00e9 se sont poursuivies pour une deuxi\u00e8me journ\u00e9e cons\u00e9cutive ce samedi 25 avril. Les employ\u00e9s du centre de sant\u00e9 provincial se sont rassembl\u00e9s en nombre lors d&#8217;un important rassemblement devant le si\u00e8ge du gouvernorat pour exprimer leurs griefs et r\u00e9clamer des comptes aux autorit\u00e9s.<\/p>\n\n\n\n<p>Les participants ont cit\u00e9 la d\u00e9gradation de leurs conditions de vie, les salaires impay\u00e9s ainsi que des environnements de travail inadapt\u00e9s comme les principaux moteurs de ces mobilisations. Ils ont appel\u00e9 \u00e0 une intervention imm\u00e9diate des responsables, soulignant que nombre de leurs revendications de longue date sont rest\u00e9es sans r\u00e9ponse.<\/p>\n\n\n\n<p>Selon les manifestants, une source majeure de frustration provient de l&#8217;absence persistante de r\u00e9action officielle. Les personnes pr\u00e9sentes ont insist\u00e9 sur le fait qu&#8217;aucun repr\u00e9sentant du gouvernement ne s\u2019est manifest\u00e9 pour r\u00e9pondre \u00e0 leurs inqui\u00e9tudes, laissant ainsi leurs appels de fait ignor\u00e9s.<\/p>\n\n\n\n<p>Ces manifestations interviennent dans un contexte de <a href=\"https:\/\/fr.ncr-iran.org\/actualites\/economie\/leffondrement-economique-de-liran-saggrave-la-guerre-linflation-et-lisolement-paralysent-le-quotidien\/\" target=\"_blank\" rel=\"noreferrer noopener\">pression \u00e9conomique croissante<\/a> \u00e0 travers l&#8217;Iran, o\u00f9 les mouvements li\u00e9s au travail et aux moyens de subsistance ont gagn\u00e9 en fr\u00e9quence et en ampleur au cours des derniers mois.<\/p>\n","protected":false},"excerpt":{"rendered":"<p>Les personnels de sant\u00e9 iraniens poursuivent leur mouvement de protestation pour la deuxi\u00e8me journ\u00e9e cons\u00e9cutive \u00c0 Yazd, province centrale majeure de l&#8217;Iran, les manifestations des personnels de sant\u00e9 se sont poursuivies pour une deuxi\u00e8me journ\u00e9e cons\u00e9cutive ce samedi 25 avril. Les employ\u00e9s du centre de sant\u00e9 provincial se sont rassembl\u00e9s en nombre lors d&#8217;un important [&hellip;]<\/p>\n","protected":false},"author":4,"featured_media":26151,"comment_status":"closed","ping_status":"closed","sticky":false,"template":"","format":"standard","meta":{"jnews-multi-image_gallery":[],"jnews_single_post":{"format":"standard"},"jnews_primary_category":[],"jnews_social_meta":[],"jnews_override_counter":[],"footnotes":""},"categories":[3],"tags":[369],"class_list":["post-26150","post","type-post","status-publish","format-standard","has-post-thumbnail","hentry","category-infos-des-femmes","tag-manifestations"],"_links":{"self":[{"href":"https:\/\/wncri.org\/fr\/wp-json\/wp\/v2\/posts\/26150","targetHints":{"allow":["GET"]}}],"collection":[{"href":"https:\/\/wncri.org\/fr\/wp-json\/wp\/v2\/posts"}],"about":[{"href":"https:\/\/wncri.org\/fr\/wp-json\/wp\/v2\/types\/post"}],"author":[{"embeddable":true,"href":"https:\/\/wncri.org\/fr\/wp-json\/wp\/v2\/users\/4"}],"replies":[{"embeddable":true,"href":"https:\/\/wncri.org\/fr\/wp-json\/wp\/v2\/comments?post=26150"}],"version-history":[{"count":1,"href":"https:\/\/wncri.org\/fr\/wp-json\/wp\/v2\/posts\/26150\/revisions"}],"predecessor-version":[{"id":26152,"href":"https:\/\/wncri.org\/fr\/wp-json\/wp\/v2\/posts\/26150\/revisions\/26152"}],"wp:featuredmedia":[{"embeddable":true,"href":"https:\/\/wncri.org\/fr\/wp-json\/wp\/v2\/media\/26151"}],"wp:attachment":[{"href":"https:\/\/wncri.org\/fr\/wp-json\/wp\/v2\/media?parent=26150"}],"wp:term":[{"taxonomy":"category","embeddable":true,"href":"https:\/\/wncri.org\/fr\/wp-json\/wp\/v2\/categories?post=26150"},{"taxonomy":"post_tag","embeddable":true,"href":"https:\/\/wncri.org\/fr\/wp-json\/wp\/v2\/tags?post=26150"}],"curies":[{"name":"wp","href":"https:\/\/api.w.org\/{rel}","templated":true}]}}