{"id":25921,"date":"2026-03-11T14:09:00","date_gmt":"2026-03-11T13:09:00","guid":{"rendered":"https:\/\/wncri.org\/fr\/?p=25921"},"modified":"2026-03-14T13:15:52","modified_gmt":"2026-03-14T12:15:52","slug":"eve-borg-bonello-a-la-jif-2026","status":"publish","type":"post","link":"https:\/\/wncri.org\/fr\/2026\/03\/11\/eve-borg-bonello-a-la-jif-2026\/","title":{"rendered":"Eve Borg Bonello : \u00ab Le r\u00e9gime iranien est terrifi\u00e9 par son peuple \u00bb"},"content":{"rendered":"\n<h2 class=\"wp-block-heading\">Eve Borg Bonello \u00e0 la JIF 2026 : un r\u00e9gime qui assassine les manifestants et ex\u00e9cute les opposants n\u2019est pas fort, il est terrifi\u00e9 par son peuple<\/h2>\n\n\n\n<h4 class=\"wp-block-heading\">Le samedi 21 f\u00e9vrier 2026, \u00e0 la veille du 8 mars, <a href=\"https:\/\/wncri.org\/fr\/2026\/02\/21\/journee-internationale-des-femmes\/\" target=\"_blank\" rel=\"noreferrer noopener\">Journ\u00e9e internationale des femmes<\/a>, la Commission des femmes du CNRI a organis\u00e9 \u00e0 Paris une conf\u00e9rence internationale intitul\u00e9e \u00ab Le leadership des femmes : un imp\u00e9ratif pour un Iran libre et une r\u00e9publique d\u00e9mocratique \u00bb. Cette rencontre, r\u00e9unissant des parlementaires, des universitaires, des intellectuelles et des figures politiques de premier plan, a mis en lumi\u00e8re la participation politique et le leadership des femmes comme piliers d&#8217;une soci\u00e9t\u00e9 d\u00e9mocratique.<\/h4>\n\n\n\n<p>Eve Borg Bonello, d\u00e9put\u00e9e au Parlement de Malte, a particip\u00e9 \u00e0 cet \u00e9v\u00e9nement et y a prononc\u00e9 le discours suivant :<\/p>\n\n\n\n<h3 class=\"wp-block-heading\"><strong>Eve Borg Bonello : les droits humains, la d\u00e9mocratie et la libert\u00e9 ne sont pas des privil\u00e8ges exclusivement occidentaux ; ce sont des id\u00e9aux universels<\/strong><\/h3>\n\n\n\n<p>\u00ab Bonsoir. Madame Radjavi, chers amis.<\/p>\n\n\n\n<p>Ce soir, \u00e0 T\u00e9h\u00e9ran, une petite fille est assise sur le sol de sa maison familiale. Elle ignore ce que demain lui r\u00e9serve, mais les statistiques semblent d\u00e9j\u00e0 le savoir pour elle. Elle est plus susceptible de subir des violences qui la d\u00e9pouilleront de ses aspirations et de ses libert\u00e9s. Il est plus probable que sa vie soit d\u00e9cid\u00e9e \u00e0 sa place avant m\u00eame qu&#8217;elle n&#8217;ait la chance de penser par elle-m\u00eame. Pourtant, comme des millions d&#8217;autres enfants \u00e0 travers le monde, elle est n\u00e9e avec une dignit\u00e9 intrins\u00e8que. Elle poss\u00e8de la m\u00eame valeur, le m\u00eame droit de r\u00eaver que chaque Iranien.<\/p>\n\n\n\n<p>Les droits humains, la d\u00e9mocratie et la libert\u00e9 ne sont pas des privil\u00e8ges exclusivement occidentaux ; ce sont des id\u00e9aux universels. Tous les hommes et toutes les femmes naissent \u00e9gaux, dot\u00e9s de droits inali\u00e9nables. Chaque jour, de jeunes Iraniens descendent dans la rue, sachant que les balles peuvent les faucher, que les prisons les attendent et qu&#8217;ils pourraient ne jamais rentrer chez eux. Des m\u00e8res se pr\u00e9cipitent pour identifier leurs enfants, leurs fils, leurs filles, parmi des rang\u00e9es de sacs mortuaires. On comprend d\u00e8s lors que ce peuple ne cherche ni concessions ni r\u00e9formes. Ils sont pr\u00eats \u00e0 sacrifier leur vie pour la libert\u00e9, et il est de notre devoir de les soutenir jusqu&#8217;au bout. \u00bb<\/p>\n\n\n<div class=\"wp-block-image\">\n<figure class=\"aligncenter size-full\"><img decoding=\"async\" src=\"data:image\/gif;base64,R0lGODlhAQABAIAAAAAAAP\/\/\/yH5BAEAAAAALAAAAAABAAEAAAIBRAA7\" data-src=\"https:\/\/wncri.org\/fr\/wp-content\/uploads\/2026\/03\/NCRI-Women-Eve-Borg-Bonello-IWD-2026_2.jpg\" alt=\"Eve Borg Bonello : \u00ab Le r\u00e9gime iranien est terrifi\u00e9 par son peuple \u00bb\" class=\"wp-image-25922 lazyload\"\/><noscript><img decoding=\"async\" width=\"750\" height=\"375\" src=\"https:\/\/wncri.org\/fr\/wp-content\/uploads\/2026\/03\/NCRI-Women-Eve-Borg-Bonello-IWD-2026_2.jpg\" alt=\"Eve Borg Bonello : \u00ab Le r\u00e9gime iranien est terrifi\u00e9 par son peuple \u00bb\" class=\"wp-image-25922 lazyload\" srcset=\"https:\/\/wncri.org\/fr\/wp-content\/uploads\/2026\/03\/NCRI-Women-Eve-Borg-Bonello-IWD-2026_2.jpg 750w, https:\/\/wncri.org\/fr\/wp-content\/uploads\/2026\/03\/NCRI-Women-Eve-Borg-Bonello-IWD-2026_2-300x150.jpg 300w, https:\/\/wncri.org\/fr\/wp-content\/uploads\/2026\/03\/NCRI-Women-Eve-Borg-Bonello-IWD-2026_2-360x180.jpg 360w\" sizes=\"(max-width: 750px) 100vw, 750px\" \/><\/noscript><\/figure>\n<\/div>\n\n\n<h3 class=\"wp-block-heading\"><strong>Eve Borg Bonello : quand un peuple se l\u00e8ve, pr\u00eat \u00e0 sacrifier sa vie, les r\u00e9gimes et les dictateurs tremblent<\/strong><\/h3>\n\n\n\n<p>\u00ab Il s&#8217;agit d&#8217;une lutte existentielle entre la tyrannie th\u00e9ocratique et la dignit\u00e9 humaine fondamentale. Malgr\u00e9 les tentatives l\u00e2ches du r\u00e9gime pour r\u00e9duire son peuple au silence par des coupures d&#8217;Internet et des interruptions de communication, la v\u00e9rit\u00e9 continue de nous parvenir. Cela me rappelle une citation du regrett\u00e9 <a href=\"https:\/\/fr.wikipedia.org\/wiki\/John_Fitzgerald_Kennedy\" target=\"_blank\" rel=\"noreferrer noopener\">John F. Kennedy<\/a> : &#8220;La libert\u00e9 conna\u00eet de nombreuses difficult\u00e9s et la d\u00e9mocratie n&#8217;est pas parfaite, mais nous n&#8217;avons jamais eu \u00e0 \u00e9riger un mur pour garder notre peuple \u00e0 l&#8217;int\u00e9rieur.&#8221; Les gouvernements dignes de leur peuple ne craignent pas leur peuple.<\/p>\n\n\n\n<p>Un r\u00e9gime qui assassine des manifestants, emprisonne des journalistes et ex\u00e9cute des opposants n&#8217;est pas fort. Il est terrifi\u00e9. Il est terrifi\u00e9 par son peuple, il est terrifi\u00e9 par la v\u00e9rit\u00e9, et il est terrifi\u00e9 par la lumi\u00e8re, car il sait qu&#8217;il ne peut survivre que dans l&#8217;obscurit\u00e9. Comme l&#8217;histoire nous l&#8217;enseigne, quand un peuple se l\u00e8ve, quand les citoyens sont pr\u00eats \u00e0 donner leur vie, les r\u00e9gimes et les dictateurs tremblent. La libert\u00e9 devient in\u00e9vitable, comme en t\u00e9moigne l&#8217;histoire : la vie, la libert\u00e9 et la recherche du bonheur ; libert\u00e9, \u00e9galit\u00e9, fraternit\u00e9 ; femme, vie, libert\u00e9, r\u00e9sistance.<\/p>\n\n\n\n<p>C&#8217;est votre cri de ralliement, et il ne peut \u00eatre honor\u00e9 que d&#8217;une seule mani\u00e8re. Les vies perdues ne peuvent \u00eatre honor\u00e9es que d&#8217;une seule fa\u00e7on : en instaurant une v\u00e9ritable libert\u00e9. \u00c0 l&#8217;image de <a href=\"https:\/\/wncri.org\/fr\/2024\/09\/15\/mahsa-amini\/\" target=\"_blank\" rel=\"noreferrer noopener\">Mahsa Amini<\/a>, assassin\u00e9e pour avoir port\u00e9 son voile trop l\u00e2chement, et de milliers d&#8217;autres tu\u00e9es sans raison. Mahsa avait 22 ans, l&#8217;\u00e2ge que j&#8217;ai aujourd&#8217;hui devant vous. Elle avait toute la vie devant elle, des r\u00eaves, des projets et un avenir \u00e0 b\u00e2tir. La jeunesse iranienne est \u00e9duqu\u00e9e, comp\u00e9tente et extraordinaire. Ce sont des ing\u00e9nieurs, des scientifiques, des m\u00e9decins, des avocats, des travailleurs, des militants et des innovateurs. Ils n&#8217;ont pas besoin d&#8217;\u00eatre sauv\u00e9s d&#8217;un dictateur par un autre. Ils ont besoin d&#8217;une chance de reconstruire leur pays, de b\u00e2tir un avenir plus juste, plus fort et plus libre. \u00bb<\/p>\n\n\n\n<h3 class=\"wp-block-heading\"><strong>Eve Borg Bonello : le peuple iranien ne demande pas la permission de l\u2019histoire, il est en train de l\u2019\u00e9crire<\/strong><\/h3>\n\n\n\n<p>\u00ab Le droit \u00e0 l&#8217;autod\u00e9termination est essentiel. Ce mouvement est organis\u00e9. Vous savez exactement pour quoi vous vous battez. Les gens dans la rue savent exactement ce qu&#8217;ils revendiquent. Votre projet est clair : la d\u00e9mocratie, l&#8217;\u00c9tat de droit, le respect des droits humains, l&#8217;\u00e9galit\u00e9 devant la loi et la s\u00e9paration de la religion et de l&#8217;\u00c9tat. Le peuple d&#8217;Iran nous demande de nous tenir \u00e0 ses c\u00f4t\u00e9s, de parler, d&#8217;agir, de reconna\u00eetre ses repr\u00e9sentants l\u00e9gitimes et d&#8217;isoler un r\u00e9gime qui ne survit que par le sang. La libert\u00e9 n&#8217;est pas un cadeau octroy\u00e9 par des tyrans. Elle est intrins\u00e8que. C&#8217;est un droit reconquis par le peuple. Et le peuple iranien ne demande pas la permission \u00e0 l&#8217;histoire. Vous \u00eates en train de l&#8217;\u00e9crire. Merci. \u00bb<\/p>\n","protected":false},"excerpt":{"rendered":"<p>Eve Borg Bonello \u00e0 la JIF 2026 : un r\u00e9gime qui assassine les manifestants et ex\u00e9cute les opposants n\u2019est pas fort, il est terrifi\u00e9 par son peuple Le samedi 21 f\u00e9vrier 2026, \u00e0 la veille du 8 mars, Journ\u00e9e internationale des femmes, la Commission des femmes du CNRI a organis\u00e9 \u00e0 Paris une conf\u00e9rence internationale [&hellip;]<\/p>\n","protected":false},"author":4,"featured_media":25923,"comment_status":"closed","ping_status":"closed","sticky":false,"template":"","format":"standard","meta":{"jnews-multi-image_gallery":[],"jnews_single_post":{"format":"standard"},"jnews_primary_category":[],"jnews_social_meta":[],"jnews_override_counter":[],"footnotes":""},"categories":[26],"tags":[373],"class_list":["post-25921","post","type-post","status-publish","format-standard","has-post-thumbnail","hentry","category-conference-du-8-mars","tag-le-leadership-des-femmes"],"_links":{"self":[{"href":"https:\/\/wncri.org\/fr\/wp-json\/wp\/v2\/posts\/25921","targetHints":{"allow":["GET"]}}],"collection":[{"href":"https:\/\/wncri.org\/fr\/wp-json\/wp\/v2\/posts"}],"about":[{"href":"https:\/\/wncri.org\/fr\/wp-json\/wp\/v2\/types\/post"}],"author":[{"embeddable":true,"href":"https:\/\/wncri.org\/fr\/wp-json\/wp\/v2\/users\/4"}],"replies":[{"embeddable":true,"href":"https:\/\/wncri.org\/fr\/wp-json\/wp\/v2\/comments?post=25921"}],"version-history":[{"count":1,"href":"https:\/\/wncri.org\/fr\/wp-json\/wp\/v2\/posts\/25921\/revisions"}],"predecessor-version":[{"id":25924,"href":"https:\/\/wncri.org\/fr\/wp-json\/wp\/v2\/posts\/25921\/revisions\/25924"}],"wp:featuredmedia":[{"embeddable":true,"href":"https:\/\/wncri.org\/fr\/wp-json\/wp\/v2\/media\/25923"}],"wp:attachment":[{"href":"https:\/\/wncri.org\/fr\/wp-json\/wp\/v2\/media?parent=25921"}],"wp:term":[{"taxonomy":"category","embeddable":true,"href":"https:\/\/wncri.org\/fr\/wp-json\/wp\/v2\/categories?post=25921"},{"taxonomy":"post_tag","embeddable":true,"href":"https:\/\/wncri.org\/fr\/wp-json\/wp\/v2\/tags?post=25921"}],"curies":[{"name":"wp","href":"https:\/\/api.w.org\/{rel}","templated":true}]}}